{"id":22491,"date":"2025-04-19T10:10:08","date_gmt":"2025-04-19T13:10:08","guid":{"rendered":"https:\/\/menesianosoy.org\/?p=22491"},"modified":"2025-04-22T06:09:44","modified_gmt":"2025-04-22T09:09:44","slug":"martes-de-la-octava-de-pascua-3","status":"publish","type":"post","link":"https:\/\/menesianosoy.org\/index.php\/2025\/04\/19\/martes-de-la-octava-de-pascua-3\/","title":{"rendered":"Martes de la octava de Pascua"},"content":{"rendered":"\n<figure class=\"wp-block-image size-full\"><img loading=\"lazy\" decoding=\"async\" width=\"300\" height=\"168\" src=\"https:\/\/menesianosoy.org\/wp-content\/uploads\/2025\/04\/66e0a2e59820f.jpg\" alt=\"\" class=\"wp-image-22580\"\/><\/figure>\n\n\n\n<p class=\"has-text-align-left\"><br><strong>Hechos 2, 36-41\u00a0\u00a0<br>Salmo responsorial 32, 4-5.18-20.22<\/strong><\/p>\n\n\n\n<h4 class=\"wp-block-heading has-text-align-left has-vivid-red-color has-text-color has-link-color wp-elements-85fc2bea6ce325f5fe19d5fe8b128940\"><br><strong>Evangelio: Juan 20, 11-18<\/strong><\/h4>\n\n\n\n<figure class=\"wp-block-audio\"><audio controls src=\"https:\/\/menesianosoy.org\/wp-content\/uploads\/2025\/04\/22-Martes-22.mp3\"><\/audio><\/figure>\n\n\n\n<p class=\"has-text-align-left\"><strong><em>Mar\u00eda se hab\u00eda quedado afuera, llorando junto al sepulcro. Mientras lloraba, se asom\u00f3 al sepulcro y vio a dos \u00e1ngeles vestidos de blanco, sentados uno a la cabecera y otro a los pies del lugar donde hab\u00eda sido puesto el cuerpo de Jes\u00fas.<br>Ellos le dijeron: Mujer, \u00bfpor qu\u00e9 lloras?<br>Mar\u00eda respondi\u00f3: Porque se han llevado a mi Se\u00f1or y no s\u00e9 d\u00f3nde lo han puesto. Al decir esto se dio vuelta y vio a Jes\u00fas, que estaba all\u00ed, pero no lo reconoci\u00f3.<br>Jes\u00fas le pregunt\u00f3: Mujer, \u00bfpor qu\u00e9 lloras? \u00bfA qui\u00e9n buscas?<br>Ella, pensando que era el cuidador de la huerta, le respondi\u00f3: Se\u00f1or, si t\u00fa lo has llevado, dime d\u00f3nde lo has puesto y yo ir\u00e9 a buscarlo.<br>Jes\u00fas le dijo: \u00a1Mar\u00eda!<br>Ella lo reconoci\u00f3 y le dijo en hebreo: \u00a1Rabon\u00ed!, es decir \u2018\u00a1Maestro!\u2019<br>Jes\u00fas le dijo: No me retengas, porque todav\u00eda no he subido al Padre. Ve a decir a mis hermanos: Subo a mi Padre, el Padre de ustedes; a mi Dios, el Dios de ustedes.<br>Mar\u00eda Magdalena fue a anunciar a los disc\u00edpulos que hab\u00eda visto al Se\u00f1or y que \u00e9l le hab\u00eda dicho esas palabras.<\/em><\/strong><\/p>\n\n\n\n<figure class=\"wp-block-image size-full\"><img loading=\"lazy\" decoding=\"async\" width=\"500\" height=\"250\" src=\"https:\/\/menesianosoy.org\/wp-content\/uploads\/2025\/04\/500100104_univ_lsr_lg.jpg\" alt=\"\" class=\"wp-image-22497\" srcset=\"https:\/\/menesianosoy.org\/wp-content\/uploads\/2025\/04\/500100104_univ_lsr_lg.jpg 500w, https:\/\/menesianosoy.org\/wp-content\/uploads\/2025\/04\/500100104_univ_lsr_lg-300x150.jpg 300w\" sizes=\"auto, (max-width: 500px) 85vw, 500px\" \/><\/figure>\n\n\n\n<p class=\"has-text-align-left\">No lo tuvieron f\u00e1cil los disc\u00edpulos en la hora de la muerte del Se\u00f1or y menos aun cuando comienzan las mujeres del grupo a alarmarlos con supuestas visiones del Resucitado. Nunca llegaron a entender los avisos de Jes\u00fas que los aleccionaba y preparaba para tan dura prueba. Les daba miedo preguntarle.<br><br>Juan dedica gran parte del relato a narrar c\u00f3mo Magdalena no reconoce a Jes\u00fas inmediatamente. Mar\u00eda tampoco estaba preparada para una vuelta de Jes\u00fas resucitado. Ella buscaba afanosamente su cad\u00e1ver para custodiarlo y llorarlo con la intensidad de su amor durante toda su vida. <em>\u201cDime d\u00f3nde los has puesto y yo ir\u00e9 a buscarlo\u201d,<\/em> dice al que ella imagina como el hortelano del jard\u00edn y autor del supuesto robo. Se hubiera conformado con eso, recuperar su cuerpo.<br><br>Juan presenta a Jes\u00fas instruyendo a Mar\u00eda Magdalena sobre el significado de la resurrecci\u00f3n. Cuando Mar\u00eda lo reconoce, al sentirse llamada por \u00c9l por su nombre, piensa que ya ha regresado y ahora se quedar\u00e1 con ella y con los dem\u00e1s que lo hab\u00edan seguido, reanudando la anterior relaci\u00f3n. Jes\u00fas hab\u00eda dicho: \u201c<em>Volver\u00e9 a verlos y sus corazones se alegrar\u00e1n con una alegr\u00eda que nadie podr\u00e1 quitarle<\/em>s\u201d. Ella trata de aferrarse a la fuente de su alegr\u00eda. Sin embargo, Jes\u00fas transforma todas sus expectativas. Transforma su alegr\u00eda en una fe firme y anunciadora; ser\u00e1 el ap\u00f3stol de la alegr\u00eda pascual. El relato termina con la ida de \u00e9sta junto a los disc\u00edpulos para anunciarles: \u201cHe visto al Se\u00f1or\u201d. <br><br>\u2018La hora\u2019, anunciada en la \u00daltima Cena, en que Jes\u00fas habr\u00eda de pasar de este mundo al Padre, ya se ha cumplido. Todo lo que queda es volver para compartir su gloria con sus disc\u00edpulos. Ahora llega el momento de cumplir la segunda mitad de la promesa: <em>\u201cMe voy para volver\u201d<\/em>.<\/p>\n\n\n\n<p class=\"has-text-align-left\"><br><strong>M\u00c1XIMA<br>\u00a1Jes\u00fas est\u00e1 vivo!<\/strong><\/p>\n\n\n\n<h4 class=\"wp-block-heading has-text-align-left has-vivid-red-color has-text-color has-link-color wp-elements-adde6e299eef5c6bf8c69700d4076ec7\"><br><strong>Palabras de Juan Mar\u00eda<\/strong><\/h4>\n\n\n\n<p class=\"has-text-align-left\"><img loading=\"lazy\" decoding=\"async\" width=\"150\" height=\"183\" class=\"wp-image-16098\" style=\"width: 150px;\" src=\"https:\/\/menesianosoy.org\/wp-content\/uploads\/2024\/09\/juanmaria.png\" alt=\"\" srcset=\"https:\/\/menesianosoy.org\/wp-content\/uploads\/2024\/09\/juanmaria.png 450w, https:\/\/menesianosoy.org\/wp-content\/uploads\/2024\/09\/juanmaria-246x300.png 246w\" sizes=\"auto, (max-width: 150px) 85vw, 150px\" \/><br><em>Purif\u00edquense m\u00e1s y m\u00e1s; santifiquen todas tus obras para que cuando llegue su \u00faltima hora, puedan poner su alma con confianza y alegr\u00eda en las manos de Jes\u00fas, quien los juzgar\u00e1 en su misericordia y ser\u00e1 su resurrecci\u00f3n y su vida. (S. III, 280)<\/em><\/p>\n\n\n\n<h4 class=\"wp-block-heading has-text-align-left has-vivid-red-color has-text-color has-link-color wp-elements-96310cd702863d695cd5410fe8de4889\"><br><strong>Mujeres del alba &#8211; CLAR<\/strong><\/h4>\n\n\n\n<figure class=\"wp-block-embed is-type-video is-provider-youtube wp-block-embed-youtube wp-embed-aspect-16-9 wp-has-aspect-ratio\"><div class=\"wp-block-embed__wrapper\">\n<iframe loading=\"lazy\" title=\"CLAR - Mujeres del Alba 2023\" width=\"1140\" height=\"641\" src=\"https:\/\/www.youtube.com\/embed\/wegyt-KE35U?feature=oembed\" frameborder=\"0\" allow=\"accelerometer; autoplay; clipboard-write; encrypted-media; gyroscope; picture-in-picture; web-share\" referrerpolicy=\"strict-origin-when-cross-origin\" allowfullscreen><\/iframe>\n<\/div><\/figure>\n\n\n\n<p class=\"has-text-align-left\">Nos decidimos a salir<br>en plena madrugada,<br>haciendo frente al viento<br>en contra al fr\u00edo y al miedo<br>en la oscuridad.<br>A paso firme juntas y juntos<br>nos damos \u00e1nimo para llegar,<br>nuestras pupilas se han dilatado,<br>los corazones se aceleraron.<br>Y vemos como la esperanza<br>despunta ya.<br><br>Con ternura y coraje,<br>con las mujeres del Alba,<br>buscamos a nuestro Se\u00f1or,<br>a Jes\u00fas que salva.<br><br>Tenemos fresca en nuestra memoria<br>tu Palabra viva.<br>Tu cruz nos desvela y nos desaf\u00eda,<br>tu amor nos hace permanecer.<br>Hasta el lugar de la herida vamos,<br>nos mueve el dolor de nuestros hermanos.<br>En nuestros pies va<br>la profec\u00eda de mil testigos,<br>que son semilla.<br>Y vemos como la esperanza despunta ya.<br><br>Con ternura y coraje,<br>con las mujeres del Alba,<br>buscamos a nuestro Se\u00f1or,<br>a Jes\u00fas que salva.<br><br>Somos la Iglesia que humilde<br>se estrena, escuchando las voces,<br>de los que siempre<br>quedaron al borde,<br>de los gemidos de la creaci\u00f3n.<br>En este encuentro nos sales, Se\u00f1or;<br>tan hermosa sorpresa.<br>Nuestras pupilas se han dilatado,<br>los corazones se aceleraron.<br>Y vemos como la esperanza despunta ya.<br><br>Con ternura y coraje,<br>con las mujeres del Alba,<br>buscamos a nuestro Se\u00f1or,<br>a Jes\u00fas que salva.<\/p>\n","protected":false},"excerpt":{"rendered":"<p>Hechos 2, 36-41\u00a0\u00a0Salmo responsorial 32, 4-5.18-20.22 Evangelio: Juan 20, 11-18 Mar\u00eda se hab\u00eda quedado afuera, llorando junto al sepulcro. Mientras lloraba, se asom\u00f3 al sepulcro y vio a dos \u00e1ngeles vestidos de blanco, sentados uno a la cabecera y otro a los pies del lugar donde hab\u00eda sido puesto el cuerpo de Jes\u00fas.Ellos le dijeron: &hellip; <a href=\"https:\/\/menesianosoy.org\/index.php\/2025\/04\/19\/martes-de-la-octava-de-pascua-3\/\" class=\"more-link\">Continue reading<span class=\"screen-reader-text\"> \u00abMartes de la octava de Pascua\u00bb<\/span><\/a><\/p>\n","protected":false},"author":3,"featured_media":0,"comment_status":"closed","ping_status":"closed","sticky":false,"template":"","format":"standard","meta":{"_acf_changed":false,"footnotes":""},"categories":[9],"tags":[],"class_list":["post-22491","post","type-post","status-publish","format-standard","hentry","category-evangelio"],"acf":[],"_links":{"self":[{"href":"https:\/\/menesianosoy.org\/index.php\/wp-json\/wp\/v2\/posts\/22491","targetHints":{"allow":["GET"]}}],"collection":[{"href":"https:\/\/menesianosoy.org\/index.php\/wp-json\/wp\/v2\/posts"}],"about":[{"href":"https:\/\/menesianosoy.org\/index.php\/wp-json\/wp\/v2\/types\/post"}],"author":[{"embeddable":true,"href":"https:\/\/menesianosoy.org\/index.php\/wp-json\/wp\/v2\/users\/3"}],"replies":[{"embeddable":true,"href":"https:\/\/menesianosoy.org\/index.php\/wp-json\/wp\/v2\/comments?post=22491"}],"version-history":[{"count":7,"href":"https:\/\/menesianosoy.org\/index.php\/wp-json\/wp\/v2\/posts\/22491\/revisions"}],"predecessor-version":[{"id":22582,"href":"https:\/\/menesianosoy.org\/index.php\/wp-json\/wp\/v2\/posts\/22491\/revisions\/22582"}],"wp:attachment":[{"href":"https:\/\/menesianosoy.org\/index.php\/wp-json\/wp\/v2\/media?parent=22491"}],"wp:term":[{"taxonomy":"category","embeddable":true,"href":"https:\/\/menesianosoy.org\/index.php\/wp-json\/wp\/v2\/categories?post=22491"},{"taxonomy":"post_tag","embeddable":true,"href":"https:\/\/menesianosoy.org\/index.php\/wp-json\/wp\/v2\/tags?post=22491"}],"curies":[{"name":"wp","href":"https:\/\/api.w.org\/{rel}","templated":true}]}}