{"id":22674,"date":"2025-04-26T16:36:20","date_gmt":"2025-04-26T19:36:20","guid":{"rendered":"https:\/\/menesianosoy.org\/?p=22674"},"modified":"2025-04-27T17:10:37","modified_gmt":"2025-04-27T20:10:37","slug":"san-luis-maria-grignon-de-montfort-beata-maria-guggiari-echeverria","status":"publish","type":"post","link":"https:\/\/menesianosoy.org\/index.php\/2025\/04\/26\/san-luis-maria-grignon-de-montfort-beata-maria-guggiari-echeverria\/","title":{"rendered":"San Luis Mar\u00eda Grignon de Montfort &#8211; Beata Mar\u00eda Guggiari Echeverr\u00eda"},"content":{"rendered":"\n<p class=\"has-text-align-left\"><strong>Hechos 4, 23-31&nbsp;&nbsp;<br>Salmo 2, 1-9&nbsp;&nbsp;<\/strong><\/p>\n\n\n\n<h4 class=\"wp-block-heading has-text-align-left has-vivid-red-color has-text-color has-link-color wp-elements-30b4e8c629a77e355e6264ffe877ff63\"><br><strong>Evangelio: Juan 3, 1-8<\/strong><\/h4>\n\n\n\n<figure class=\"wp-block-audio\"><audio controls src=\"https:\/\/menesianosoy.org\/wp-content\/uploads\/2025\/04\/28-Lunes-28-de-abril.-Juan-31-8.mp3\"><\/audio><\/figure>\n\n\n\n<p class=\"has-text-align-left\"><strong><em>Hab\u00eda entre los fariseos un hombre llamado Nicodemo, que era uno de los notables entre los jud\u00edos.<br>Fue de noche a ver a Jes\u00fas y le dijo: Maestro, sabemos que T\u00fa has venido de parte de Dios para ense\u00f1ar, porque nadie puede realizar los signos que T\u00fa haces, si Dios no est\u00e1 con \u00c9l.<br>Jes\u00fas le respondi\u00f3: Te aseguro que el que no renace de lo alto no puede ver el Reino de Dios.<br>Nicodemo le pregunt\u00f3: \u00bfC\u00f3mo un hombre puede nacer cuando ya es viejo? \u00bfAcaso puede entrar por segunda vez en el vientre de su madre y volver a nacer?<br>Jes\u00fas le respondi\u00f3: Te aseguro que el que no nace del agua y del Esp\u00edritu no puede entrar en el Reino de Dios. Lo que nace de la carne es carne, lo que nace del Esp\u00edritu es esp\u00edritu.<br>No te extra\u00f1es de que te haya dicho: \u2018Ustedes tienen que renacer de lo alto\u2019.<br>El viento sopla donde quiere: t\u00fa oyes su voz, pero no sabes de d\u00f3nde viene ni a d\u00f3nde va. Lo mismo sucede con todo el que ha nacido del Esp\u00edritu.<\/em><\/strong><\/p>\n\n\n\n<figure class=\"wp-block-image size-large is-resized\"><img loading=\"lazy\" decoding=\"async\" width=\"1024\" height=\"969\" src=\"https:\/\/menesianosoy.org\/wp-content\/uploads\/2025\/04\/articulos-226911-1024x969.jpg\" alt=\"\" class=\"wp-image-22680\" style=\"width:351px;height:auto\" srcset=\"https:\/\/menesianosoy.org\/wp-content\/uploads\/2025\/04\/articulos-226911-1024x969.jpg 1024w, https:\/\/menesianosoy.org\/wp-content\/uploads\/2025\/04\/articulos-226911-300x284.jpg 300w, https:\/\/menesianosoy.org\/wp-content\/uploads\/2025\/04\/articulos-226911-768x727.jpg 768w, https:\/\/menesianosoy.org\/wp-content\/uploads\/2025\/04\/articulos-226911-1200x1136.jpg 1200w, https:\/\/menesianosoy.org\/wp-content\/uploads\/2025\/04\/articulos-226911.jpg 1400w\" sizes=\"auto, (max-width: 709px) 85vw, (max-width: 909px) 67vw, (max-width: 1362px) 62vw, 840px\" \/><\/figure>\n\n\n\n<p class=\"has-text-align-left\">Nicodemo no entiende lo que Jes\u00fas le dice porque sigue pensando con su propia l\u00f3gica y sus propias categor\u00edas. Es un hombre con una personalidad bien definida, tiene un papel p\u00fablico, es uno de los l\u00edderes de los jud\u00edos. Pero probablemente las cuentas ya no le salen\u2026&nbsp;<br><br>La noche de la que habla es probablemente lo que hay en el coraz\u00f3n de Nicodemo. Es un hombre en la oscuridad de la duda, en esa oscuridad que experimentamos cuando ya no entendemos lo que ocurre en nuestra vida y no vemos claro el camino a seguir\u2026<br>Si est\u00e1s en la oscuridad, por supuesto que buscas la luz. Y Juan, al comienzo de su Evangelio, escribe as\u00ed: \u00ab<em>Vino al mundo la luz verdadera, la que ilumina a todo hombre\u00bb<\/em> (1,9). Nicodemo, pues, busca a Jes\u00fas porque ha intuido que \u00c9l puede iluminar las tinieblas de su coraz\u00f3n.<br><br>Jes\u00fas habla a Nicodemo de un nuevo nacimiento, que no s\u00f3lo es posible, sino incluso necesario en determinados momentos de nuestro camino\u2026 Poco a poco, Nicodemo comprender\u00e1 que estos dos significados van juntos: si permitimos que el Esp\u00edritu Santo genere una nueva vida en nosotros, naceremos de nuevo, redescubriremos esa vida que tal vez se estaba apagando en nosotros. (Papa Francisco)<\/p>\n\n\n\n<p class=\"has-text-align-left\"><br><strong>M\u00c1XIMA<br>Renueva, Se\u00f1or, nuestra vida<\/strong><\/p>\n\n\n\n<h4 class=\"wp-block-heading has-text-align-left has-vivid-red-color has-text-color has-link-color wp-elements-adde6e299eef5c6bf8c69700d4076ec7\"><br><strong>Palabras de Juan Mar\u00eda<\/strong><\/h4>\n\n\n\n<p class=\"has-text-align-left\"><img loading=\"lazy\" decoding=\"async\" width=\"150\" height=\"177\" class=\"wp-image-16108\" style=\"width: 150px;\" src=\"https:\/\/menesianosoy.org\/wp-content\/uploads\/2024\/09\/John-Mary.png\" alt=\"\" srcset=\"https:\/\/menesianosoy.org\/wp-content\/uploads\/2024\/09\/John-Mary.png 450w, https:\/\/menesianosoy.org\/wp-content\/uploads\/2024\/09\/John-Mary-255x300.png 255w\" sizes=\"auto, (max-width: 150px) 85vw, 150px\" \/><br><em>Estar atentos a reconocer lo que pide (Dios) de nosotros; consultarlo frecuentemente y cuando tengamos dudas sobre el partido que debemos tomar, pedirle con renovado fervor, que sea la luz de nuestro coraz\u00f3n. (Memorial 15)<\/em><\/p>\n\n\n\n<h4 class=\"wp-block-heading has-text-align-left has-vivid-red-color has-text-color has-link-color wp-elements-82447e8f7c8b277c9397ece09c5be449\"><br><strong>Nicodemo \u2013 N\u00e9stor Gallego<\/strong><\/h4>\n\n\n\n<figure class=\"wp-block-embed is-type-video is-provider-youtube wp-block-embed-youtube wp-embed-aspect-16-9 wp-has-aspect-ratio\"><div class=\"wp-block-embed__wrapper\">\n<iframe loading=\"lazy\" title=\"NICODEMO - Padre N\u00e9stor Gallego\" width=\"1140\" height=\"641\" src=\"https:\/\/www.youtube.com\/embed\/1Ud3H-Xclqk?feature=oembed\" frameborder=\"0\" allow=\"accelerometer; autoplay; clipboard-write; encrypted-media; gyroscope; picture-in-picture; web-share\" referrerpolicy=\"strict-origin-when-cross-origin\" allowfullscreen><\/iframe>\n<\/div><\/figure>\n\n\n\n<p class=\"has-text-align-left\">Era un fariseo como el mejor,<br>y entre los jud\u00edos casi un doctor.<br>Ya van a ver lo que ocurri\u00f3<br>con este buen Se\u00f1or.<br>Tanto su prestigio lo avergonz\u00f3<br>que sali\u00f3 de noche a verlo al Se\u00f1or.<br>Noche de encuentro,<br>noche de sue\u00f1os, noche de conversi\u00f3n.<br><br>Nico, Nicodemo que vas a hacer,<br>eres el maestro de israel.<br>Aunque peines canas en tu vejez,<br>siempre hay algo nuevo para aprender.<br>Nico no te rindas,<br>Nico cree que sino jam\u00e1s podr\u00e1s renacer.<br>Todos sabemos que, en el bautismo,<br>volvemos a nacer.<br><br>S\u00e9 que t\u00fa has venido para ense\u00f1ar,<br>nadie puede hacerlo si no eres t\u00fa.<br>Quien es capaz de actuar as\u00ed,<br>si Dios no est\u00e1 con \u00e9l.<br>Mi querido amigo debes saber,<br>t\u00fa eres el maestro aqu\u00ed en Israel.<br>El que renace desde lo alto,<br>mi reino puede ver.<br><br>\u00bfC\u00f3mo un hombre viejo puede nacer,<br>si con su mam\u00e1 no puede volver?<br>Quiero saber c\u00f3mo hay que hacer<br>si ya nac\u00ed una vez.<br>Aunque sople el viento nunca sabr\u00e1s,<br>ni de d\u00f3nde viene ni a d\u00f3nde va.<br>\u00a1Ay! Nicodemo debes creerme;<br>s\u00f3lo es cuesti\u00f3n de fe.<\/p>\n\n\n\n<p class=\"has-vivid-purple-background-color has-background\"><\/p>\n\n\n\n<h5 class=\"wp-block-heading has-text-align-left has-small-font-size\"><img loading=\"lazy\" decoding=\"async\" width=\"150\" height=\"198\" class=\"wp-image-22675\" style=\"width: 150px;\" src=\"https:\/\/menesianosoy.org\/wp-content\/uploads\/2025\/04\/images-2.jpeg\" alt=\"\"><br><strong>Beata MAR\u00cdA GUGGIARI ECHEVERR\u00cdA, o MAR\u00cdA FELICIA DE JES\u00daS SACRAMENTADO (1925-1959) fue una monja paraguaya de la Orden de las Carmelitas descalzas, cuyo apodo era Chiquitunga. En 1941 se convirti\u00f3 en miembro del movimiento de la Acci\u00f3n Cat\u00f3lica, a pesar de la oposici\u00f3n de sus padres, y se dedic\u00f3 al cuidado de los pobres y necesitados. La decisi\u00f3n de un amigo suyo de ser sacerdote, a pesar de tener un padre musulm\u00e1n, la anim\u00f3 a consagrar la vida al Se\u00f1or. En 1955 entr\u00f3 al Carmelo con mucha oposici\u00f3n familiar. Cuatro a\u00f1os m\u00e1s tarde contrajo hepatitis y falleci\u00f3 en Asunci\u00f3n. Fue beatificada en el a\u00f1o 2018.<\/strong><\/h5>\n\n\n\n<h5 class=\"wp-block-heading has-text-align-left has-small-font-size\"><img loading=\"lazy\" decoding=\"async\" width=\"150\" height=\"177\" class=\"wp-image-22676\" style=\"width: 150px;\" src=\"https:\/\/menesianosoy.org\/wp-content\/uploads\/2025\/04\/images-1-1.jpeg\" alt=\"\"><br><strong>San LUIS MAR\u00cdA GRIGNON DE MONTFORT (1673-1716) fue un te\u00f3logo, sacerdote misionero y escritor franc\u00e9s. Al inicio se dedic\u00f3 a cuidar enfermos y a ayudar a gente pobre. Luego ocup\u00f3 su tiempo en las misiones en la Vend\u00e9e y la Breta\u00f1a. Promovi\u00f3&nbsp; el culto a Mar\u00eda, sobre todo el rezo del Rosario. Quer\u00eda ser misionero, pero el papa Clemente lo envi\u00f3 a misionar a su propio Pa\u00eds. Trabaj\u00f3 muchos a\u00f1os en las di\u00f3cesis de Saint-Brieuc y Saint-Malo. M\u00e1s adelante fue a trabajar a Nantes. All\u00ed, en Pontch\u00e2teau hizo erigir el \u2018Gran calvario\u2019, que aun permanece, donde se representa la pasi\u00f3n de Jes\u00fas. En 1711 fue a trabajar a la Vandea. En 1715 fund\u00f3 a las Hermanas de la Sabidur\u00eda. que se instalaron en Saint-Laurent-sur-S\u00e8vre. Gabriel Deshayes, m\u00e1s de un siglo despu\u00e9s, tomar\u00e1 el mando de las fundaciones del padre Luis Mar\u00eda. Tanto Juan Mar\u00eda como Gabriel fueron influenciados por la teolog\u00eda de san Luis Mar\u00eda Grignon de Montfort.<\/strong><\/h5>\n","protected":false},"excerpt":{"rendered":"<p>Hechos 4, 23-31&nbsp;&nbsp;Salmo 2, 1-9&nbsp;&nbsp; Evangelio: Juan 3, 1-8 Hab\u00eda entre los fariseos un hombre llamado Nicodemo, que era uno de los notables entre los jud\u00edos.Fue de noche a ver a Jes\u00fas y le dijo: Maestro, sabemos que T\u00fa has venido de parte de Dios para ense\u00f1ar, porque nadie puede realizar los signos que T\u00fa &hellip; <a href=\"https:\/\/menesianosoy.org\/index.php\/2025\/04\/26\/san-luis-maria-grignon-de-montfort-beata-maria-guggiari-echeverria\/\" class=\"more-link\">Continue reading<span class=\"screen-reader-text\"> \u00abSan Luis Mar\u00eda Grignon de Montfort &#8211; Beata Mar\u00eda Guggiari Echeverr\u00eda\u00bb<\/span><\/a><\/p>\n","protected":false},"author":3,"featured_media":0,"comment_status":"closed","ping_status":"closed","sticky":false,"template":"","format":"standard","meta":{"_acf_changed":false,"footnotes":""},"categories":[9],"tags":[],"class_list":["post-22674","post","type-post","status-publish","format-standard","hentry","category-evangelio"],"acf":[],"_links":{"self":[{"href":"https:\/\/menesianosoy.org\/index.php\/wp-json\/wp\/v2\/posts\/22674","targetHints":{"allow":["GET"]}}],"collection":[{"href":"https:\/\/menesianosoy.org\/index.php\/wp-json\/wp\/v2\/posts"}],"about":[{"href":"https:\/\/menesianosoy.org\/index.php\/wp-json\/wp\/v2\/types\/post"}],"author":[{"embeddable":true,"href":"https:\/\/menesianosoy.org\/index.php\/wp-json\/wp\/v2\/users\/3"}],"replies":[{"embeddable":true,"href":"https:\/\/menesianosoy.org\/index.php\/wp-json\/wp\/v2\/comments?post=22674"}],"version-history":[{"count":5,"href":"https:\/\/menesianosoy.org\/index.php\/wp-json\/wp\/v2\/posts\/22674\/revisions"}],"predecessor-version":[{"id":22760,"href":"https:\/\/menesianosoy.org\/index.php\/wp-json\/wp\/v2\/posts\/22674\/revisions\/22760"}],"wp:attachment":[{"href":"https:\/\/menesianosoy.org\/index.php\/wp-json\/wp\/v2\/media?parent=22674"}],"wp:term":[{"taxonomy":"category","embeddable":true,"href":"https:\/\/menesianosoy.org\/index.php\/wp-json\/wp\/v2\/categories?post=22674"},{"taxonomy":"post_tag","embeddable":true,"href":"https:\/\/menesianosoy.org\/index.php\/wp-json\/wp\/v2\/tags?post=22674"}],"curies":[{"name":"wp","href":"https:\/\/api.w.org\/{rel}","templated":true}]}}