{"id":22726,"date":"2025-04-26T18:55:26","date_gmt":"2025-04-26T21:55:26","guid":{"rendered":"https:\/\/menesianosoy.org\/?p=22726"},"modified":"2025-04-26T19:03:59","modified_gmt":"2025-04-26T22:03:59","slug":"san-jose-benito-cottolengo-2","status":"publish","type":"post","link":"https:\/\/menesianosoy.org\/index.php\/2025\/04\/26\/san-jose-benito-cottolengo-2\/","title":{"rendered":"San Jos\u00e9 Benito Cottolengo"},"content":{"rendered":"\n<h4 class=\"wp-block-heading has-text-align-left has-vivid-red-color has-text-color has-link-color wp-elements-0d3bba1292b8030bef905a45afd13c8e\"><br><strong>Oraci\u00f3n<\/strong><\/h4>\n\n\n\n<p class=\"has-text-align-left\"><strong><em>Providencia de mi Dios,<br>oh madre, que tantas veces he invocado,<br>y a quien he ofrecido, consagrado,<br>entregado esta casa<br>y cuantos ha reunido en ella tu gracia.<br>Providencia siempre buena,<br>tan sabia, tan llena de piedad y amor<br>para con tus pobres criaturas;<br>te adoramos, te bendecimos,<br>nos abandonamos<br>en tus manos sin reserva.<br>Haz de nosotros todo lo que quieras.<br>S\u00f3lo deseamos<br>cumplir tu voluntad en todo:<br>En las humillaciones y en las grandezas,<br>en la pobreza y en la riqueza,<br>en la salud y en la enfermedad,<br>en la vida y en la muerte.<br>Providencia de mi Dios,<br>vela sobre tus hijos,<br>afi\u00e1nzanos, dir\u00edgenos.<br>S\u00e9 t\u00fa nuestra defensa,<br>nuestra gu\u00eda y nuestra esperanza.<br>\u00a1Dios S\u00f3lo en el tiempo!<br>\u00a1Dios S\u00f3lo en la eternidad!<br>\u00a1Dios S\u00f3lo en el d\u00eda de hoy!<br>En todo y en cada cosa,<br>\u00a1Dios S\u00f3lo!<\/em><\/strong><\/p>\n\n\n\n<h4 class=\"wp-block-heading has-text-align-left has-vivid-red-color has-text-color has-link-color wp-elements-2d1e8210f33c2f482fb2b1a21b062367\"><br><strong>Intenciones:<\/strong> \u00a0 <\/h4>\n\n\n\n<ul class=\"wp-block-list\">\n<li>Para que vivamos nuestra misi\u00f3n en modo familia menesiana.<\/li>\n\n\n\n<li>Por la familia menesiana del Dionisio D\u00edaz de Maldonado y las comunidades de Lom\u00e9 (Togo) y de Portugalete (Espa\u00f1a). <\/li>\n\n\n\n<li>Por el cumplea\u00f1os del H <strong>Luis Manuel Cuesta<\/strong> de la comunidad de Roma.<\/li>\n\n\n\n<li>Por los menesianos, obras y nuevas vocaciones de la Provincia San Luis Gonzaga de Hait\u00ed.<\/li>\n\n\n\n<li>Por la salud del H. <strong>Alberto Pardo<\/strong>.<\/li>\n<\/ul>\n\n\n\n<h4 class=\"wp-block-heading has-text-align-left has-vivid-red-color has-text-color has-link-color wp-elements-e0d925c4c0739547c9d16ec5de7bfd33\"><br><strong>Nueva Regla de Vida n\u00ba 59<\/strong><\/h4>\n\n\n\n<p class=\"has-text-align-left\">Los Hermanos cuidan ante todo la calidad de sus relaciones fraternas. Est\u00e1n atentos los unos a los otros y no escatiman esfuerzos para comprenderse, dialogar y mostrar buen humor hacia todos. Aceptan las inevitables contrariedades de la convivencia y consideran las diferencias culturales e intergeneracionales como una riqueza. Est\u00e1n abiertos a los miembros m\u00e1s j\u00f3venes y dispuestos a ayudarlos; muestran especial consideraci\u00f3n por los Hermanos mayores, enfermos o con problemas.<\/p>\n\n\n\n<h4 class=\"wp-block-heading has-text-align-left has-vivid-red-color has-text-color has-link-color wp-elements-e11829178ae5025187796cd5e94747cc\"><br><strong>A los grupos juveniles sobre la eficacia de la oraci\u00f3n:<\/strong><\/h4>\n\n\n\n<p class=\"has-text-align-left\"><em>Si en el antiguo testamento la oraci\u00f3n era tan poderosa, \u00a1cu\u00e1nto m\u00e1s poderosa no debe serlo en el nuevo, ya que Jesucristo la consagr\u00f3 de una manera muy especial, ya que ya no hacemos una sola voz con \u00c9l!<\/em><\/p>\n\n\n\n<h4 class=\"wp-block-heading has-vivid-red-color has-text-color has-link-color wp-elements-eee08cd710fba8a5f734f2585e2cb50f\"><br><strong>Difunto:<\/strong><\/h4>\n\n\n\n<p class=\"has-text-align-left\">2009: \u00c9douard Merot (Ars\u00e8ne)<\/p>\n","protected":false},"excerpt":{"rendered":"<p>Oraci\u00f3n Providencia de mi Dios,oh madre, que tantas veces he invocado,y a quien he ofrecido, consagrado,entregado esta casay cuantos ha reunido en ella tu gracia.Providencia siempre buena,tan sabia, tan llena de piedad y amorpara con tus pobres criaturas;te adoramos, te bendecimos,nos abandonamosen tus manos sin reserva.Haz de nosotros todo lo que quieras.S\u00f3lo deseamoscumplir tu voluntad &hellip; <a href=\"https:\/\/menesianosoy.org\/index.php\/2025\/04\/26\/san-jose-benito-cottolengo-2\/\" class=\"more-link\">Continue reading<span class=\"screen-reader-text\"> \u00abSan Jos\u00e9 Benito Cottolengo\u00bb<\/span><\/a><\/p>\n","protected":false},"author":3,"featured_media":0,"comment_status":"closed","ping_status":"closed","sticky":false,"template":"","format":"standard","meta":{"_acf_changed":false,"footnotes":""},"categories":[3],"tags":[],"class_list":["post-22726","post","type-post","status-publish","format-standard","hentry","category-calendario"],"acf":[],"_links":{"self":[{"href":"https:\/\/menesianosoy.org\/index.php\/wp-json\/wp\/v2\/posts\/22726","targetHints":{"allow":["GET"]}}],"collection":[{"href":"https:\/\/menesianosoy.org\/index.php\/wp-json\/wp\/v2\/posts"}],"about":[{"href":"https:\/\/menesianosoy.org\/index.php\/wp-json\/wp\/v2\/types\/post"}],"author":[{"embeddable":true,"href":"https:\/\/menesianosoy.org\/index.php\/wp-json\/wp\/v2\/users\/3"}],"replies":[{"embeddable":true,"href":"https:\/\/menesianosoy.org\/index.php\/wp-json\/wp\/v2\/comments?post=22726"}],"version-history":[{"count":4,"href":"https:\/\/menesianosoy.org\/index.php\/wp-json\/wp\/v2\/posts\/22726\/revisions"}],"predecessor-version":[{"id":22733,"href":"https:\/\/menesianosoy.org\/index.php\/wp-json\/wp\/v2\/posts\/22726\/revisions\/22733"}],"wp:attachment":[{"href":"https:\/\/menesianosoy.org\/index.php\/wp-json\/wp\/v2\/media?parent=22726"}],"wp:term":[{"taxonomy":"category","embeddable":true,"href":"https:\/\/menesianosoy.org\/index.php\/wp-json\/wp\/v2\/categories?post=22726"},{"taxonomy":"post_tag","embeddable":true,"href":"https:\/\/menesianosoy.org\/index.php\/wp-json\/wp\/v2\/tags?post=22726"}],"curies":[{"name":"wp","href":"https:\/\/api.w.org\/{rel}","templated":true}]}}