{"id":22903,"date":"2025-05-04T08:58:21","date_gmt":"2025-05-04T11:58:21","guid":{"rendered":"https:\/\/menesianosoy.org\/?p=22903"},"modified":"2025-05-06T07:55:15","modified_gmt":"2025-05-06T10:55:15","slug":"beato-jacinto-vera-santo-domingo-savio","status":"publish","type":"post","link":"https:\/\/menesianosoy.org\/index.php\/2025\/05\/04\/beato-jacinto-vera-santo-domingo-savio\/","title":{"rendered":"Beato Jacinto Vera \u2013 Santo Domingo Savio"},"content":{"rendered":"\n<p class=\"has-text-align-left\"><strong>Hechos 7, 51-8, 1a&nbsp;&nbsp;<br>Salmo 30, 3cd-4.6.7b.8a.17.21ab&nbsp;&nbsp;<\/strong><\/p>\n\n\n\n<h4 class=\"wp-block-heading has-text-align-left has-text-color has-link-color wp-elements-2751d96e1df1900e92472588e44e05a0\" style=\"color:#a62424\"><br><strong>Evangelio: Juan 6, 30-35<\/strong><\/h4>\n\n\n\n<figure class=\"wp-block-audio\"><audio controls src=\"https:\/\/menesianosoy.org\/wp-content\/uploads\/2025\/05\/Mi-grabacion-9.mp3\"><\/audio><\/figure>\n\n\n\n<p class=\"has-text-align-left\"><strong><em>La gente pregunt\u00f3 a Jes\u00fas: \u00bfQu\u00e9 signos haces para que veamos y creamos en ti? \u00bfQu\u00e9 obra realizas?<br>Nuestros padres comieron el man\u00e1 en el desierto, como dice la Escritura: \u2018Les dio de comer el pan bajado del cielo\u2019.<br>Jes\u00fas respondi\u00f3: Les aseguro que no fue Mois\u00e9s el que les dio el pan del cielo; mi Padre les da el verdadero pan del cielo; porque el pan de Dios es el que desciende del cielo y da Vida al mundo.<br>Ellos le dijeron: Se\u00f1or, danos siempre de ese pan.<br>Jes\u00fas les respondi\u00f3: Yo soy el pan de Vida. El que viene a m\u00ed jam\u00e1s tendr\u00e1 hambre; el que cree en m\u00ed jam\u00e1s tendr\u00e1 sed.<\/em><\/strong><\/p>\n\n\n\n<figure class=\"wp-block-image size-full is-resized\"><img loading=\"lazy\" decoding=\"async\" width=\"500\" height=\"375\" src=\"https:\/\/menesianosoy.org\/wp-content\/uploads\/2024\/04\/pan.jpg\" alt=\"\" class=\"wp-image-11763\" style=\"width:425px;height:auto\" srcset=\"https:\/\/menesianosoy.org\/wp-content\/uploads\/2024\/04\/pan.jpg 500w, https:\/\/menesianosoy.org\/wp-content\/uploads\/2024\/04\/pan-300x225.jpg 300w\" sizes=\"auto, (max-width: 500px) 85vw, 500px\" \/><\/figure>\n\n\n\n<p class=\"has-text-align-left\">Adem\u00e1s del hambre f\u00edsico, el hombre lleva en s\u00ed otra hambre, un hambre que no puede ser saciado con el alimento ordinario. Es hambre de vida, hambre de amor, hambre de eternidad. Jes\u00fas nos da ese alimento, es m\u00e1s, es \u00c9l mismo el pan vivo que da la vida al mundo. Su Cuerpo es el verdadero alimento bajo la especie del pan; su Sangre es la verdadera bebida bajo la especie del vino. No es un simple alimento con el cual saciar nuestro cuerpo, como el man\u00e1; el Cuerpo de Cristo es el pan de los \u00faltimos tiempos, capaz de dar vida, y vida eterna, porque la esencia de este pan es el Amor.<br><br>En la Eucarist\u00eda se comunica el amor del Se\u00f1or por nosotros: un amor tan grande que nos nutre de s\u00ed mismo; un amor gratuito, siempre a disposici\u00f3n de toda persona hambrienta y necesitada de regenerar las propias fuerzas. Vivir la experiencia de la fe significa dejarse alimentar por el Se\u00f1or y construir la propia existencia no sobre los bienes materiales, sino sobre la realidad que no perece: los dones de Dios, su Palabra y su Cuerpo.\u00bb&nbsp;<em>(Papa Francisco, 19 de junio de 2014).<\/em><br><br>La Eucarist\u00eda es la cena de la familia de Jes\u00fas, que a lo largo y ancho de la tierra se re\u00fane para escuchar su Palabra y alimentarse con su Cuerpo. Jes\u00fas es el Pan de Vida de nuestras familias, \u00c9l quiere estar siempre presente aliment\u00e1ndonos con su amor, sosteni\u00e9ndonos con su fe, ayud\u00e1ndonos a caminar con su esperanza, para que en todas las circunstancias podamos experimentar que es el verdadero Pan del cielo.&nbsp;<em>(Papa Francisco, 22 de septiembre de 2015).<\/em><\/p>\n\n\n\n<p class=\"has-text-align-left\"><br><strong>M\u00c1XIMA<br>Jes\u00fas es el Pan de la vida eterna<\/strong><\/p>\n\n\n\n<h4 class=\"wp-block-heading has-text-align-left has-vivid-red-color has-text-color has-link-color wp-elements-adde6e299eef5c6bf8c69700d4076ec7\"><br><strong>Palabras de Juan Mar\u00eda<\/strong><\/h4>\n\n\n\n<p class=\"has-text-align-left\"><img loading=\"lazy\" decoding=\"async\" width=\"150\" height=\"183\" class=\"wp-image-16098\" style=\"width: 150px;\" src=\"https:\/\/menesianosoy.org\/wp-content\/uploads\/2024\/09\/juanmaria.png\" alt=\"\" srcset=\"https:\/\/menesianosoy.org\/wp-content\/uploads\/2024\/09\/juanmaria.png 450w, https:\/\/menesianosoy.org\/wp-content\/uploads\/2024\/09\/juanmaria-246x300.png 246w\" sizes=\"auto, (max-width: 150px) 85vw, 150px\" \/><br><em>Todos los d\u00edas, hacen a Dios esta oraci\u00f3n, al recitar el padre nuestro: danos hoy nuestro pan cotidiano. Pero \u00bfqu\u00e9 es este pan? \u00bfEs s\u00f3lo el pan material con el que alimentamos nuestros cuerpos? No, es tambi\u00e9n el verdadero pan de vida que sostiene el alma en medio de las pruebas de este mundo, es decir la santa Eucarist\u00eda\u201d(Serm\u00f3n sobre la comuni\u00f3n frecuente)<\/em><\/p>\n\n\n\n<h4 class=\"wp-block-heading has-text-align-left has-vivid-red-color has-text-color has-link-color wp-elements-27a4cdf59f9db714cc00e2b13bd51821\"><br><strong>Yo lo resucitar\u00e9 &#8211; Seminario Pontificio de Santiago<\/strong><\/h4>\n\n\n\n<figure class=\"wp-block-embed is-type-video is-provider-youtube wp-block-embed-youtube wp-embed-aspect-4-3 wp-has-aspect-ratio\"><div class=\"wp-block-embed__wrapper\">\n<iframe loading=\"lazy\" title=\"Y Yo Le Resucitar\u00e9\" width=\"1140\" height=\"855\" src=\"https:\/\/www.youtube.com\/embed\/CjixbmJvjFc?feature=oembed\" frameborder=\"0\" allow=\"accelerometer; autoplay; clipboard-write; encrypted-media; gyroscope; picture-in-picture; web-share\" referrerpolicy=\"strict-origin-when-cross-origin\" allowfullscreen><\/iframe>\n<\/div><\/figure>\n\n\n\n<p class=\"has-text-align-left\">Yo soy el Pan de Vida,<br>el que viene a M\u00ed no tendr\u00e1 hambre,<br>el que viene a M\u00ed no tendr\u00e1 sed.<br>Nadie viene a M\u00ed, si mi Padre no lo llama.<br><br>Y yo lo resucitar\u00e9, y yo lo resucitar\u00e9,<br>y yo lo resucitar\u00e9 en el d\u00eda final.<br><br>El Pan que yo le dar\u00e9<br>es mi Cuerpo, vida del mundo.<br>El que siempre coma de mi Carne,<br>vivir\u00e1 en m\u00ed<br>como yo vivo en mi Padre.<br><br>Yo soy esa bebida,<br>que se prueba y no se siente sed,<br>el que siempre beba de mi Sangre,<br>vivir\u00e1 en m\u00ed, y tendr\u00e1 la vida eterna.<br><br>S\u00ed, mi Se\u00f1or, yo creo,<br>que has venido al mundo a redimirnos,<br>que T\u00fa eres el Hijo de Dios,<br>y que est\u00e1s aqu\u00ed, alentando nuestras vidas.&nbsp;<\/p>\n\n\n\n<p class=\"has-vivid-purple-background-color has-background\"><\/p>\n\n\n\n<h5 class=\"wp-block-heading has-text-align-left has-small-font-size\"><img loading=\"lazy\" decoding=\"async\" width=\"150\" height=\"108\" class=\"wp-image-22933\" style=\"width: 150px;\" src=\"https:\/\/menesianosoy.org\/wp-content\/uploads\/2025\/05\/jacinto-vera.jpg\" alt=\"\" srcset=\"https:\/\/menesianosoy.org\/wp-content\/uploads\/2025\/05\/jacinto-vera.jpg 1200w, https:\/\/menesianosoy.org\/wp-content\/uploads\/2025\/05\/jacinto-vera-300x216.jpg 300w, https:\/\/menesianosoy.org\/wp-content\/uploads\/2025\/05\/jacinto-vera-1024x736.jpg 1024w, https:\/\/menesianosoy.org\/wp-content\/uploads\/2025\/05\/jacinto-vera-768x552.jpg 768w\" sizes=\"auto, (max-width: 150px) 85vw, 150px\" \/><br>J<strong>ACINTO VERA DUR\u00c1N&nbsp;(1813-1881) fue el primer&nbsp;obispo&nbsp;de&nbsp;Montevideo. Naci\u00f3 en el barco que tra\u00eda a la familia desde las Canarias. Estudi\u00f3 con los Jesuitas en Buenos Aires. Destac\u00f3 por su inteligencia, su virtud, su religiosidad y tambi\u00e9n por la atracci\u00f3n que ejerc\u00eda su personalidad despierta, aguda y alegre. Fue ordenado en 1841 y comenz\u00f3 su labor en la parroquia Nuestra Se\u00f1ora de Guadalupe de Canelones. En 1859 fue nombrado Vicario apost\u00f3lico de Uruguay. Busc\u00f3 la renovaci\u00f3n espiritual de la iglesia y tuvo numerosos conflictos, tanto que le costaron ser exiliado. Particip\u00f3 en el Concilio Vaticano I y en 1878 fue nombrado primer obispo de Montevideo. Durante una misi\u00f3n, falleci\u00f3 en&nbsp;Pan de Az\u00facar&nbsp;el 6 de mayo de 1881. Sus funerales fueron la manifestaci\u00f3n popular m\u00e1s grande de la \u00e9poca. Fue beatificado en el 2023.<br><br><\/strong><img loading=\"lazy\" decoding=\"async\" width=\"150\" height=\"140\" class=\"wp-image-12478\" style=\"width: 150px;\" src=\"https:\/\/menesianosoy.org\/wp-content\/uploads\/2024\/05\/descarga.jpeg\" alt=\"\"><br><strong>DOMINGO SAVIO (1842-1857) fue un alumno de san Juan Bosco en el oratorio de Valdocco, en Tur\u00edn. Muri\u00f3 3 semanas antes de cumplir los 15 a\u00f1os de edad. Es uno de los santos no m\u00e1rtires m\u00e1s j\u00f3venes de la Iglesia cat\u00f3lica. Despu\u00e9s de escuchar un serm\u00f3n de Don Bosco decidi\u00f3 que su vocaci\u00f3n era ser santo y se avoc\u00f3 a ello. Sent\u00eda gran devoci\u00f3n por la Virgen Mar\u00eda. El 8 de junio de 1856, Domingo fund\u00f3 la Compa\u00f1\u00eda de la Inmaculada, cuyo reglamento tambi\u00e9n escribi\u00f3. El principal objetivo de la Compa\u00f1\u00eda era el apostolado entre los propios compa\u00f1eros. Don Bosco aprob\u00f3 la iniciativa y dos a\u00f1os despu\u00e9s, eligi\u00f3 entre los socios de la Compa\u00f1\u00eda al primer n\u00facleo de sus&nbsp;salesianos. Muri\u00f3 por una pulmon\u00eda. Fue canonizado por P\u00edo XII en 1954.&nbsp;<\/strong><\/h5>\n","protected":false},"excerpt":{"rendered":"<p>Hechos 7, 51-8, 1a&nbsp;&nbsp;Salmo 30, 3cd-4.6.7b.8a.17.21ab&nbsp;&nbsp; Evangelio: Juan 6, 30-35 La gente pregunt\u00f3 a Jes\u00fas: \u00bfQu\u00e9 signos haces para que veamos y creamos en ti? \u00bfQu\u00e9 obra realizas?Nuestros padres comieron el man\u00e1 en el desierto, como dice la Escritura: \u2018Les dio de comer el pan bajado del cielo\u2019.Jes\u00fas respondi\u00f3: Les aseguro que no fue Mois\u00e9s &hellip; <a href=\"https:\/\/menesianosoy.org\/index.php\/2025\/05\/04\/beato-jacinto-vera-santo-domingo-savio\/\" class=\"more-link\">Continue reading<span class=\"screen-reader-text\"> \u00abBeato Jacinto Vera \u2013 Santo Domingo Savio\u00bb<\/span><\/a><\/p>\n","protected":false},"author":3,"featured_media":0,"comment_status":"closed","ping_status":"closed","sticky":false,"template":"","format":"standard","meta":{"_acf_changed":false,"footnotes":""},"categories":[9],"tags":[],"class_list":["post-22903","post","type-post","status-publish","format-standard","hentry","category-evangelio"],"acf":[],"_links":{"self":[{"href":"https:\/\/menesianosoy.org\/index.php\/wp-json\/wp\/v2\/posts\/22903","targetHints":{"allow":["GET"]}}],"collection":[{"href":"https:\/\/menesianosoy.org\/index.php\/wp-json\/wp\/v2\/posts"}],"about":[{"href":"https:\/\/menesianosoy.org\/index.php\/wp-json\/wp\/v2\/types\/post"}],"author":[{"embeddable":true,"href":"https:\/\/menesianosoy.org\/index.php\/wp-json\/wp\/v2\/users\/3"}],"replies":[{"embeddable":true,"href":"https:\/\/menesianosoy.org\/index.php\/wp-json\/wp\/v2\/comments?post=22903"}],"version-history":[{"count":11,"href":"https:\/\/menesianosoy.org\/index.php\/wp-json\/wp\/v2\/posts\/22903\/revisions"}],"predecessor-version":[{"id":22965,"href":"https:\/\/menesianosoy.org\/index.php\/wp-json\/wp\/v2\/posts\/22903\/revisions\/22965"}],"wp:attachment":[{"href":"https:\/\/menesianosoy.org\/index.php\/wp-json\/wp\/v2\/media?parent=22903"}],"wp:term":[{"taxonomy":"category","embeddable":true,"href":"https:\/\/menesianosoy.org\/index.php\/wp-json\/wp\/v2\/categories?post=22903"},{"taxonomy":"post_tag","embeddable":true,"href":"https:\/\/menesianosoy.org\/index.php\/wp-json\/wp\/v2\/tags?post=22903"}],"curies":[{"name":"wp","href":"https:\/\/api.w.org\/{rel}","templated":true}]}}