{"id":23361,"date":"2025-05-17T18:05:42","date_gmt":"2025-05-17T21:05:42","guid":{"rendered":"https:\/\/menesianosoy.org\/?p=23361"},"modified":"2025-05-17T18:20:00","modified_gmt":"2025-05-17T21:20:00","slug":"santos-cristobal-magallanes-y-agustin-caloca-cortes-3","status":"publish","type":"post","link":"https:\/\/menesianosoy.org\/index.php\/2025\/05\/17\/santos-cristobal-magallanes-y-agustin-caloca-cortes-3\/","title":{"rendered":"Santos Crist\u00f3bal Magallanes y Agust\u00edn Caloca Cort\u00e9s"},"content":{"rendered":"\n<p class=\"has-text-align-left\"><strong>1886 &#8211; Llegada a Montreal de los Hnos. Yriez-Marie Chapel, asistente, y Ulises Baron, director fundador de la obra canadiense y norteamericana.<\/strong><\/p>\n\n\n\n<h4 class=\"wp-block-heading has-text-align-left has-vivid-red-color has-text-color has-link-color wp-elements-0d3bba1292b8030bef905a45afd13c8e\"><br><strong>Oraci\u00f3n<\/strong><\/h4>\n\n\n\n<p class=\"has-text-align-left\"><strong><em>Se\u00f1or,<br>que puedas encontrar en nosotros<br>todas las perfecciones de tu Hijo,<br>que seamos,<br>en la medida que lo permita<br>la debilidad humana,<br>revestidos de Jesucristo,<br>que sigamos a Cristo<br>en todos sus caminos,<br>que juzguemos todas las cosas<br>como \u00e9l las juzga,<br>que amemos lo que \u00e9l ama,<br>que despreciemos lo que \u00e9l desprecia.<br>En una palabra,<br>que todos nuestros pensamientos<br>sean conformes a sus pensamientos<br>y que seamos su imagen viva. Am\u00e9n<br>(Juan Mar\u00eda)<\/em><\/strong><\/p>\n\n\n\n<h4 class=\"wp-block-heading has-text-align-left has-vivid-red-color has-text-color has-link-color wp-elements-2d1e8210f33c2f482fb2b1a21b062367\"><br><strong>Intenciones:<\/strong> \u00a0 <\/h4>\n\n\n\n<ul class=\"wp-block-list\">\n<li>Por los menesianos, las obras y las nuevas vocaciones de la Provincia Juan de la Mennais (Canad\u00e1, USA, M\u00e9xico)<\/li>\n\n\n\n<li>Por la familia menesiana que vive la misi\u00f3n en El Alto.<\/li>\n\n\n\n<li>Para que vivamos nuestra misi\u00f3n en modo familia menesiana.<\/li>\n\n\n\n<li>Por los enfermos y discapacitados de nuestras comunidades educativas.<\/li>\n<\/ul>\n\n\n\n<h4 class=\"wp-block-heading has-text-align-left has-vivid-red-color has-text-color has-link-color wp-elements-c6eecf4be19441a7150b074ff5a28844\"><br><strong>Nueva Regla de Vida n\u00ba 70b<\/strong><\/h4>\n\n\n\n<p class=\"has-text-align-left\">Guiado por el Esp\u00edritu y siguiendo las huellas de Cristo, el Hermano busca a Dios de verdad en su vida de oraci\u00f3n y en el coraz\u00f3n de su acci\u00f3n. Su vocaci\u00f3n se convierte en un camino de santificaci\u00f3n en el seno de una comunidad que es, para \u00e9l,\u00a0 escuela de vida espiritual y de formaci\u00f3n. De este modo, se deja configurar con Cristo por la escucha obediente de la Palabra de Dios y de la vida sacramental, que unifican progresivamente todo su ser.<\/p>\n\n\n\n<h4 class=\"wp-block-heading has-text-align-left has-vivid-red-color has-text-color has-link-color wp-elements-5e429009188b91e4eb429168ea0673fb\"><br><strong>A las Hermanas de la Providencia, febrero de 1823<\/strong><\/h4>\n\n\n\n<p class=\"has-text-align-left\"><em>Providencia de mi Dios, oh Madre que tantas veces he invocado, haz de nosotros lo que quieras: no tenemos otra voluntad que la de cumplir la tuya en todas las cosas, en las humillaciones, en la grandeza, en la pobreza, en las riquezas, en la salud, en la enfermedad, en la vida, en la muerte.<\/em><\/p>\n\n\n\n<h4 class=\"wp-block-heading has-vivid-red-color has-text-color has-link-color wp-elements-277bac52fd316e45b5ad04973d855fb8\"><br><strong>Difuntos<\/strong><\/h4>\n\n\n\n<p class=\"has-text-align-left\">1978: Henri Qu\u00e9lais (Maximilien)<br>1993: Andr\u00e9 Laffiac (Alban-Maurice)<br>1999: Rodias Gratton (Victorien-Joseph)<br>2001: Raymond M\u00e9nard (Herv\u00e9-Germain)<br>2015: Yves Latraverse\u00a0 (Lucien) y Alphonse Barre (Angebert-Joseph).<\/p>\n","protected":false},"excerpt":{"rendered":"<p>1886 &#8211; Llegada a Montreal de los Hnos. Yriez-Marie Chapel, asistente, y Ulises Baron, director fundador de la obra canadiense y norteamericana. Oraci\u00f3n Se\u00f1or,que puedas encontrar en nosotrostodas las perfecciones de tu Hijo,que seamos,en la medida que lo permitala debilidad humana,revestidos de Jesucristo,que sigamos a Cristoen todos sus caminos,que juzguemos todas las cosascomo \u00e9l las &hellip; <a href=\"https:\/\/menesianosoy.org\/index.php\/2025\/05\/17\/santos-cristobal-magallanes-y-agustin-caloca-cortes-3\/\" class=\"more-link\">Continue reading<span class=\"screen-reader-text\"> \u00abSantos Crist\u00f3bal Magallanes y Agust\u00edn Caloca Cort\u00e9s\u00bb<\/span><\/a><\/p>\n","protected":false},"author":3,"featured_media":0,"comment_status":"closed","ping_status":"closed","sticky":false,"template":"","format":"standard","meta":{"_acf_changed":false,"footnotes":""},"categories":[3],"tags":[],"class_list":["post-23361","post","type-post","status-publish","format-standard","hentry","category-calendario"],"acf":[],"_links":{"self":[{"href":"https:\/\/menesianosoy.org\/index.php\/wp-json\/wp\/v2\/posts\/23361","targetHints":{"allow":["GET"]}}],"collection":[{"href":"https:\/\/menesianosoy.org\/index.php\/wp-json\/wp\/v2\/posts"}],"about":[{"href":"https:\/\/menesianosoy.org\/index.php\/wp-json\/wp\/v2\/types\/post"}],"author":[{"embeddable":true,"href":"https:\/\/menesianosoy.org\/index.php\/wp-json\/wp\/v2\/users\/3"}],"replies":[{"embeddable":true,"href":"https:\/\/menesianosoy.org\/index.php\/wp-json\/wp\/v2\/comments?post=23361"}],"version-history":[{"count":3,"href":"https:\/\/menesianosoy.org\/index.php\/wp-json\/wp\/v2\/posts\/23361\/revisions"}],"predecessor-version":[{"id":23366,"href":"https:\/\/menesianosoy.org\/index.php\/wp-json\/wp\/v2\/posts\/23361\/revisions\/23366"}],"wp:attachment":[{"href":"https:\/\/menesianosoy.org\/index.php\/wp-json\/wp\/v2\/media?parent=23361"}],"wp:term":[{"taxonomy":"category","embeddable":true,"href":"https:\/\/menesianosoy.org\/index.php\/wp-json\/wp\/v2\/categories?post=23361"},{"taxonomy":"post_tag","embeddable":true,"href":"https:\/\/menesianosoy.org\/index.php\/wp-json\/wp\/v2\/tags?post=23361"}],"curies":[{"name":"wp","href":"https:\/\/api.w.org\/{rel}","templated":true}]}}