{"id":23474,"date":"2025-05-22T08:42:30","date_gmt":"2025-05-22T11:42:30","guid":{"rendered":"https:\/\/menesianosoy.org\/?p=23474"},"modified":"2025-05-25T08:21:28","modified_gmt":"2025-05-25T11:21:28","slug":"6o-domingo-de-pascua","status":"publish","type":"post","link":"https:\/\/menesianosoy.org\/index.php\/2025\/05\/22\/6o-domingo-de-pascua\/","title":{"rendered":"6\u00ba Domingo de Pascua"},"content":{"rendered":"\n<p class=\"has-text-align-left\"><strong>Hechos 15, 1-2.22-29<br>Salmo 66, 2-3.5-6. 8<br>Apocalipsis 21, 10-14.22-23<\/strong><\/p>\n\n\n\n<h4 class=\"wp-block-heading has-text-align-left has-vivid-red-color has-text-color has-link-color wp-elements-7bc486c528d281bb52a19f071f69b947\"><br><strong>EVANGELIO: Juan 14, 23-29<\/strong><\/h4>\n\n\n\n<figure class=\"wp-block-audio\"><audio controls src=\"https:\/\/menesianosoy.org\/wp-content\/uploads\/2025\/05\/luvvoice.com-20250525-7cIl3a.mp3\"><\/audio><\/figure>\n\n\n\n<p class=\"has-text-align-left\"><strong><em>Durante la \u00faltima cena, Jes\u00fas dijo a sus disc\u00edpulos: El que me ama ser\u00e1 fiel a mi palabra, y mi Padre lo amar\u00e1; iremos a \u00e9l y habitaremos en \u00e9l. El que no me ama no es fiel a mis palabras. La palabra que ustedes oyeron no es m\u00eda, sino del Padre que me envi\u00f3.<br>Yo les digo estas cosas mientras permanezco con ustedes. Pero el Par\u00e1clito, el Esp\u00edritu Santo, que el Padre enviar\u00e1 en mi Nombre, les ense\u00f1ar\u00e1 todo y les recordar\u00e1 lo que les he dicho.<br>Les dejo la paz, les doy mi paz, pero no como la da el mundo. \u00a1No se inquieten, ni teman!<br>Me han o\u00eddo decir: Me voy y volver\u00e9 a ustedes. Si me amaran, se alegrar\u00edan de que vuelva junto al Padre, porque el Padre es m\u00e1s grande que yo.<br>Les he dicho esto antes que suceda, para que cuando se cumpla, ustedes crean.<\/em><\/strong><\/p>\n\n\n\n<figure class=\"wp-block-image size-full\"><img loading=\"lazy\" decoding=\"async\" width=\"500\" height=\"362\" src=\"https:\/\/menesianosoy.org\/wp-content\/uploads\/2025\/05\/images-4.jpeg\" alt=\"\" class=\"wp-image-23478\" srcset=\"https:\/\/menesianosoy.org\/wp-content\/uploads\/2025\/05\/images-4.jpeg 500w, https:\/\/menesianosoy.org\/wp-content\/uploads\/2025\/05\/images-4-300x217.jpeg 300w\" sizes=\"auto, (max-width: 500px) 85vw, 500px\" \/><\/figure>\n\n\n\n<h4 class=\"wp-block-heading has-text-align-left has-vivid-red-color has-text-color has-link-color wp-elements-9f47231f443d0bb55a4e249b408b1b3b\"><br><strong>PALABRA Y REALIDAD<\/strong><\/h4>\n\n\n\n<p class=\"has-text-align-left\">Cada domingo del tiempo pascual nos ofrece un aspecto distinto de Jes\u00fas Resucitado y de la vida cristiana. El domingo pasado se nos invitaba a amarnos como nos ama Jes\u00fas, que entrega su vida por nosotros libre y gratuitamente. El pasaje de hoy nos revela la vida trinitaria que se desarrolla en nosotros mismos y nos muestra la presencia y la fuerza del Esp\u00edritu Santo.<br><br>El contexto del texto de hoy es la conversaci\u00f3n de despedida de Jes\u00fas de sus disc\u00edpulos despu\u00e9s de la cena Eucar\u00edstica, seg\u00fan Juan. Los vers\u00edculos anteriores nos han comunicado la uni\u00f3n de Jes\u00fas con el Padre, con frases muy expresivas: <em>El que me ve a m\u00ed ve al Padre<\/em> (v 9). <em>Yo estoy en el Padre y el Padre est\u00e1 en m\u00ed<\/em> (v 11). Y nos anuncian el env\u00edo del Esp\u00edritu, que el texto de hoy nos promete. <em>Yo rogar\u00e9 al Padre y \u00e9l les dar\u00e1 un protector, el Esp\u00edritu de la Verdad, que permanecer\u00e1 siempre con ustedes<\/em> (v 16).<br><br>Para el evangelista la morada de Dios es\u00a0el propio cristiano<strong>.<\/strong>\u00a0Al cristiano Jes\u00fas le dice que vendr\u00e1 con su Padre para morar en \u00e9l. Para que esta realidad insospechada se d\u00e9, Cristo pone un presupuesto:\u00a0<em>que el cristiano lo ame y guarde su palabra.<\/em><br><br>Podemos estar orgullosos de nuestro Dios. Ni so\u00f1ando hubi\u00e9ramos podido imaginar este comportamiento como propio de Dios. Al recordar el plan amoroso de Dios en su relaci\u00f3n con las personas, un sentimiento de profunda gratitud nos debe embargar a todos nosotros. Antes, se conceb\u00eda a Dios como una realidad exterior a la persona y distante de \u00e9l. En la exposici\u00f3n que hace Jes\u00fas, la comunidad y cada miembro se convierten en morada de la divinidad, la misma realidad humana se hace santuario de Dios.<br><br>En ausencia de Jes\u00fas, los disc\u00edpulos contar\u00e1n con la ayuda del Esp\u00edritu, que les har\u00e1 penetrar en todo lo que Jes\u00fas ha dicho. El Esp\u00edritu colaborar\u00e1 en la construcci\u00f3n de la comunidad. Har\u00e1 posible la interpretaci\u00f3n del mensaje de Jes\u00fas.<br><br>La primera lectura da testimonio claro del rol del Esp\u00edritu en la Iglesia naciente: <em>El Esp\u00edritu Santo, y nosotros mismos, hemos decidido no imponerles ninguna carga m\u00e1s que las indispensables<\/em>. Es el Esp\u00edritu el que anima a la Iglesia, el que la congrega, el que hace que busquen acuerdos m\u00e1s all\u00e1 de las tradiciones particulares y los deseos personales, es el Esp\u00edritu el que impulsa y vela, en cada uno, por la unidad del cuerpo, es el Esp\u00edritu el que supera las diferencias que amenazan con la divisi\u00f3n y las transforma en riquezas que potencian a la comunidad eclesial.<br><br>Que el Esp\u00edritu sea el que siga animando el caminar de la humanidad, de la Iglesia, de Familia Menesiana al servicio de los m\u00e1s peque\u00f1os y como expresa el Cap\u00edtulo General del 2018: \u201c<em>La forma en que se despliega y se desplegar\u00e1 la Familia Menesiana en las diferentes regiones del Instituto es, y deber\u00e1 seguir siendo, rica en su pluralidad. Su vitalidad depende de la respuesta que d\u00e9 a las intuiciones del Esp\u00edritu, en las diferentes culturas y de cara a las necesidades locales<\/em>\u201d (p\u00e1g. 24).<br><br>Jes\u00fas se despide dese\u00e1ndoles la paz. No es un saludo trivial. Les asegura que no va a estar ausente. Esto debe darles la serenidad y quitarles todo temor. Ir al Padre no es una tragedia, puesto que su muerte va a ser la manifestaci\u00f3n suprema del amor del Padre, la victoria sobre el mundo y la muerte.<\/p>\n\n\n\n<h4 class=\"wp-block-heading has-text-align-left has-vivid-red-color has-text-color has-link-color wp-elements-5af24976db34ac68a33e43ae400727f2\"><br><strong>LECTURA de los LAZOS<\/strong><\/h4>\n\n\n\n<p class=\"has-text-align-left\"><strong><em>La Trinidad y nosotros: <\/em><\/strong><br>Amar es la condici\u00f3n primera y podemos amar porque hacemos experiencia de ser amados. El que ama se trasforma en morada de la Trinidad. Ser morada de Dios es lo m\u00e1ximo que nos puede ocurrir. No se trata de morar en Dios, sino que Dios more en nosotros. Que Dios more en nosotros significa que habita nuestras relaciones, que todo yo soy habitado por \u00c9l. \u00a1Qu\u00e9 amor tan grande nos tiene Dios! Y pensar que a veces lo buscamos fuera.<\/p>\n\n\n\n<h4 class=\"wp-block-heading has-text-align-left has-vivid-red-color has-text-color has-link-color wp-elements-fcde06674c39089f6263c592c9d05b84\"><br><strong>PALABRAS DE JUAN MAR\u00cdA DE LA MENNAIS<\/strong><\/h4>\n\n\n\n<p class=\"has-text-align-left\"><img loading=\"lazy\" decoding=\"async\" width=\"150\" height=\"127\" class=\"wp-image-16112\" style=\"width: 150px;\" src=\"https:\/\/menesianosoy.org\/wp-content\/uploads\/2024\/09\/ppp.png\" alt=\"\" srcset=\"https:\/\/menesianosoy.org\/wp-content\/uploads\/2024\/09\/ppp.png 450w, https:\/\/menesianosoy.org\/wp-content\/uploads\/2024\/09\/ppp-300x254.png 300w\" sizes=\"auto, (max-width: 150px) 85vw, 150px\" \/><br><em>S\u00e9 por una larga y dolorosa experiencia, que hay tristezas que empapan el alma con una fuerza que la sobrepasa, pero no debemos nunca atraerlas voluntariamente. Hay que oponer a ellas, no una resistencia violenta, que nos cansar\u00eda sin ning\u00fan fruto, sino una paciente confianza que deja hacer al Bien amado, que realiza su obra en nosotros y purifica, por sus operaciones crucificantes, la morada que quiere habitar. (A un amigo, 1816)<\/em><\/p>\n\n\n\n<h4 class=\"wp-block-heading has-vivid-red-color has-text-color has-link-color wp-elements-33da2b365919cabd31dec1d7a82e6b8f\"><br><strong>Tan cerca &#8211; Hakuna<\/strong><\/h4>\n\n\n\n<figure class=\"wp-block-embed is-type-video is-provider-youtube wp-block-embed-youtube wp-embed-aspect-16-9 wp-has-aspect-ratio\"><div class=\"wp-block-embed__wrapper\">\n<iframe loading=\"lazy\" title=\"Tan Cerca - Libertad | Hakuna Group Music\" width=\"1140\" height=\"641\" src=\"https:\/\/www.youtube.com\/embed\/Etb_twj8Goo?list=PLK5JVOxN1jXAT4-fr0oCoGWYVsbIe0odz\" frameborder=\"0\" allow=\"accelerometer; autoplay; clipboard-write; encrypted-media; gyroscope; picture-in-picture; web-share\" referrerpolicy=\"strict-origin-when-cross-origin\" allowfullscreen><\/iframe>\n<\/div><\/figure>\n\n\n\n<p class=\"has-text-align-left\">Ya ves que he querido estar tan cerca,<br>tan cerca que he dejado<br>mi presencia en ti.<br>Yo siempre estar\u00e9 junto a la puerta,<br>esperando que t\u00fa me quieras abrir.<br><br>Aun cuando no est\u00e9s escuchando,<br>aun cuando dudes de que pueda ser yo.<br>Que sepas que estar\u00e9 esperando, a tu se\u00f1al.<br><br>Vengo en lo escondido y tan callado.<br>Tan solo quiero descansar un rato en ti.<br>Llego en el silencio y sin embargo<br>con un amor que necesito compartir.<br><br>Aun cuando no quieras mirarme,<br>aun cuando te averg\u00fcence tu coraz\u00f3n.<br>Mi deseo es de perdonarte y de olvidar.<br><br>Haz silencio y hablar\u00e9 tan fuerte.<br>Haz silencio y d\u00e9jame que entre.<br>Yo s\u00f3lo s\u00e9 buscar en lo escondido.<br><br>Yo quisiera que alg\u00fan d\u00eda entendieras<br>que me s\u00e9 de memoria<br>todo lo que hay en ti.<br>Aunque t\u00fa no quieras tu miseria,<br>te quiero como eres, yo te quiero as\u00ed.<br><br>Aun cuando est\u00e9s herido y solo.<br>aun cuando te rechacen, en el dolor,<br>sabes que lo comparto todo.<br>Yo lo sufro contigo, es cosa de dos.<br><br>Haz silencio y hablar\u00e9 tan fuerte.<br>Haz silencio y d\u00e9jame que entre.<br>Yo s\u00f3lo s\u00e9 buscar en lo escondido.<br><br>Ya ves que he querido estar tan cerca,<br>tan cerca que he dejado mi<br>presencia en ti.<br><br>Haz silencio y hablar\u00e9 tan fuerte.<br>Haz silencio y d\u00e9jame que entre.<br>Yo s\u00f3lo s\u00e9 buscar en lo escondido.<br>Yo s\u00f3lo s\u00e9 saciar mi sed contigo.<\/p>\n","protected":false},"excerpt":{"rendered":"<p>Hechos 15, 1-2.22-29Salmo 66, 2-3.5-6. 8Apocalipsis 21, 10-14.22-23 EVANGELIO: Juan 14, 23-29 Durante la \u00faltima cena, Jes\u00fas dijo a sus disc\u00edpulos: El que me ama ser\u00e1 fiel a mi palabra, y mi Padre lo amar\u00e1; iremos a \u00e9l y habitaremos en \u00e9l. El que no me ama no es fiel a mis palabras. La palabra &hellip; <a href=\"https:\/\/menesianosoy.org\/index.php\/2025\/05\/22\/6o-domingo-de-pascua\/\" class=\"more-link\">Continue reading<span class=\"screen-reader-text\"> \u00ab6\u00ba Domingo de Pascua\u00bb<\/span><\/a><\/p>\n","protected":false},"author":3,"featured_media":0,"comment_status":"closed","ping_status":"closed","sticky":false,"template":"","format":"standard","meta":{"_acf_changed":false,"footnotes":""},"categories":[9],"tags":[],"class_list":["post-23474","post","type-post","status-publish","format-standard","hentry","category-evangelio"],"acf":[],"_links":{"self":[{"href":"https:\/\/menesianosoy.org\/index.php\/wp-json\/wp\/v2\/posts\/23474","targetHints":{"allow":["GET"]}}],"collection":[{"href":"https:\/\/menesianosoy.org\/index.php\/wp-json\/wp\/v2\/posts"}],"about":[{"href":"https:\/\/menesianosoy.org\/index.php\/wp-json\/wp\/v2\/types\/post"}],"author":[{"embeddable":true,"href":"https:\/\/menesianosoy.org\/index.php\/wp-json\/wp\/v2\/users\/3"}],"replies":[{"embeddable":true,"href":"https:\/\/menesianosoy.org\/index.php\/wp-json\/wp\/v2\/comments?post=23474"}],"version-history":[{"count":9,"href":"https:\/\/menesianosoy.org\/index.php\/wp-json\/wp\/v2\/posts\/23474\/revisions"}],"predecessor-version":[{"id":23600,"href":"https:\/\/menesianosoy.org\/index.php\/wp-json\/wp\/v2\/posts\/23474\/revisions\/23600"}],"wp:attachment":[{"href":"https:\/\/menesianosoy.org\/index.php\/wp-json\/wp\/v2\/media?parent=23474"}],"wp:term":[{"taxonomy":"category","embeddable":true,"href":"https:\/\/menesianosoy.org\/index.php\/wp-json\/wp\/v2\/categories?post=23474"},{"taxonomy":"post_tag","embeddable":true,"href":"https:\/\/menesianosoy.org\/index.php\/wp-json\/wp\/v2\/tags?post=23474"}],"curies":[{"name":"wp","href":"https:\/\/api.w.org\/{rel}","templated":true}]}}