{"id":23525,"date":"2025-05-24T12:33:47","date_gmt":"2025-05-24T15:33:47","guid":{"rendered":"https:\/\/menesianosoy.org\/?p=23525"},"modified":"2025-05-25T21:02:59","modified_gmt":"2025-05-26T00:02:59","slug":"san-felipe-neri-santa-mariana-de-jesus-paredes-2","status":"publish","type":"post","link":"https:\/\/menesianosoy.org\/index.php\/2025\/05\/24\/san-felipe-neri-santa-mariana-de-jesus-paredes-2\/","title":{"rendered":"San Felipe Neri \u2013 Santa Mariana de Jes\u00fas Paredes"},"content":{"rendered":"\n<p class=\"has-text-align-left\"><strong>1963: Inauguraci\u00f3n oficial del edificio actual del Instituto La Mennais en Montevideo.<\/strong><\/p>\n\n\n\n<h4 class=\"wp-block-heading has-text-align-left has-vivid-red-color has-text-color has-link-color wp-elements-0d3bba1292b8030bef905a45afd13c8e\"><br><strong>Oraci\u00f3n<\/strong><\/h4>\n\n\n\n<p class=\"has-text-align-left\"><strong><em>Se\u00f1or Jes\u00fas, te damos gracias<br>por la sublime vocaci\u00f3n<br>que nos has regalado.<br>Danos tu Esp\u00edritu para que pasemos<br>por el mundo<br>haciendo el bien que T\u00fa mismo hiciste.<br>Que nuestra educaci\u00f3n evangelice hoy a todos,<br>que instruya a los pobres, que d\u00e9 vista a los ciegos,<br>que haga caminar a los d\u00e9biles y cansados.<br>Conc\u00e9denos vivir hoy y siempre de tal forma<br>que eduquemos a los que nos son confiados,<br>abramos los ojos a los ni\u00f1os y a los j\u00f3venes,<br>sanemos a los d\u00e9biles,<br>resucitemos a los que viven sepultados lejos de ti.<br>Que tu presencia en nuestra vida fraterna<br>nos haga capaces de realizar prodigios<br>en el orden espiritual para gloria tuya. Am\u00e9n<\/em><\/strong><\/p>\n\n\n\n<h4 class=\"wp-block-heading has-text-align-left has-vivid-red-color has-text-color has-link-color wp-elements-7deb30c5a46c2fe0af76f92c82f8d39a\"><br><strong>Intenciones<\/strong><\/h4>\n\n\n\n<ul class=\"wp-block-list\">\n<li>Por la familia menesiana del colegio La Mennais de Montevideo.<\/li>\n\n\n\n<li>Por la beatificaci\u00f3n de nuestro Venerable Padre Juan Mar\u00eda.<\/li>\n\n\n\n<li>Por el cumplea\u00f1os del H.<strong> Nicol\u00e1s Urreta<\/strong>, de la comunidad de Zamora.<\/li>\n\n\n\n<li>Por los cursos &#8216;Formador de Formadores&#8217;  y &#8216;Peregrinaci\u00f3n Menesiana&#8217;.<\/li>\n\n\n\n<li>Por los menesianos y las obras de la Provincia Nuestra Se\u00f1ora del Pilar.<\/li>\n\n\n\n<li>Por los enfermos y discapacitados de nuestras comunidades educativas.<\/li>\n<\/ul>\n\n\n\n<h4 class=\"wp-block-heading has-text-align-left has-vivid-red-color has-text-color has-link-color wp-elements-88237b68e32e0c4e16701a0127a516c2\"><br><strong>Nueva Regla de Vida n\u00ba 73b<\/strong><\/h4>\n\n\n\n<p class=\"has-text-align-left\">Por la ma\u00f1ana, antes o despu\u00e9s de la meditaci\u00f3n, los Hermanos celebran el oficio de Laudes; por la tarde, se re\u00fanen durante treinta minutos para el oficio de V\u00edsperas, un tiempo de adoraci\u00f3n y la Lectio Vitae. Su oraci\u00f3n se une a la del Pueblo de Dios, que intercede por la salvaci\u00f3n del mundo y presenta al Se\u00f1or las esperanzas, las alegr\u00edas y las angustias de la humanidad.<\/p>\n\n\n\n<h4 class=\"wp-block-heading has-text-align-left has-vivid-red-color has-text-color has-link-color wp-elements-9cac043353a430862269cd6f545d3831\"><br><strong>Al hermano M\u00e9loir-Marie Lef\u00e8vre, 1834<\/strong><\/h4>\n\n\n\n<p class=\"has-text-align-left\"><em>Oren a la Sant\u00edsima Virgen, oren mucho desde el fondo de su alma, para que les demuestre hoy m\u00e1s que nunca que es su buena madre protegi\u00e9ndolos de toda inconstancia.<\/em><\/p>\n\n\n\n<h4 class=\"wp-block-heading has-vivid-red-color has-text-color has-link-color wp-elements-277bac52fd316e45b5ad04973d855fb8\"><br><strong>Difuntos<\/strong><\/h4>\n\n\n\n<p class=\"has-text-align-left\">1977: Henri Le Moigne (Adrien-Fran\u00e7ois)<br>1986: Francis Frappin (Emmanuel-Ren\u00e9)<br>1994: Ambroise Gu\u00e9nol\u00e9 (Ambroise-Jean)<br>2018: Renzo Coppetti (Giovanni)<\/p>\n","protected":false},"excerpt":{"rendered":"<p>1963: Inauguraci\u00f3n oficial del edificio actual del Instituto La Mennais en Montevideo. Oraci\u00f3n Se\u00f1or Jes\u00fas, te damos graciaspor la sublime vocaci\u00f3nque nos has regalado.Danos tu Esp\u00edritu para que pasemospor el mundohaciendo el bien que T\u00fa mismo hiciste.Que nuestra educaci\u00f3n evangelice hoy a todos,que instruya a los pobres, que d\u00e9 vista a los ciegos,que haga caminar &hellip; <a href=\"https:\/\/menesianosoy.org\/index.php\/2025\/05\/24\/san-felipe-neri-santa-mariana-de-jesus-paredes-2\/\" class=\"more-link\">Continue reading<span class=\"screen-reader-text\"> \u00abSan Felipe Neri \u2013 Santa Mariana de Jes\u00fas Paredes\u00bb<\/span><\/a><\/p>\n","protected":false},"author":3,"featured_media":0,"comment_status":"closed","ping_status":"closed","sticky":false,"template":"","format":"standard","meta":{"_acf_changed":false,"footnotes":""},"categories":[3],"tags":[],"class_list":["post-23525","post","type-post","status-publish","format-standard","hentry","category-calendario"],"acf":[],"_links":{"self":[{"href":"https:\/\/menesianosoy.org\/index.php\/wp-json\/wp\/v2\/posts\/23525","targetHints":{"allow":["GET"]}}],"collection":[{"href":"https:\/\/menesianosoy.org\/index.php\/wp-json\/wp\/v2\/posts"}],"about":[{"href":"https:\/\/menesianosoy.org\/index.php\/wp-json\/wp\/v2\/types\/post"}],"author":[{"embeddable":true,"href":"https:\/\/menesianosoy.org\/index.php\/wp-json\/wp\/v2\/users\/3"}],"replies":[{"embeddable":true,"href":"https:\/\/menesianosoy.org\/index.php\/wp-json\/wp\/v2\/comments?post=23525"}],"version-history":[{"count":6,"href":"https:\/\/menesianosoy.org\/index.php\/wp-json\/wp\/v2\/posts\/23525\/revisions"}],"predecessor-version":[{"id":23624,"href":"https:\/\/menesianosoy.org\/index.php\/wp-json\/wp\/v2\/posts\/23525\/revisions\/23624"}],"wp:attachment":[{"href":"https:\/\/menesianosoy.org\/index.php\/wp-json\/wp\/v2\/media?parent=23525"}],"wp:term":[{"taxonomy":"category","embeddable":true,"href":"https:\/\/menesianosoy.org\/index.php\/wp-json\/wp\/v2\/categories?post=23525"},{"taxonomy":"post_tag","embeddable":true,"href":"https:\/\/menesianosoy.org\/index.php\/wp-json\/wp\/v2\/tags?post=23525"}],"curies":[{"name":"wp","href":"https:\/\/api.w.org\/{rel}","templated":true}]}}