{"id":23548,"date":"2025-05-24T16:48:30","date_gmt":"2025-05-24T19:48:30","guid":{"rendered":"https:\/\/menesianosoy.org\/?p=23548"},"modified":"2025-05-24T16:56:51","modified_gmt":"2025-05-24T19:56:51","slug":"san-agustin-de-canterbury-2","status":"publish","type":"post","link":"https:\/\/menesianosoy.org\/index.php\/2025\/05\/24\/san-agustin-de-canterbury-2\/","title":{"rendered":"San Agust\u00edn de Canterbury"},"content":{"rendered":"\n<h4 class=\"wp-block-heading has-text-align-left has-vivid-red-color has-text-color has-link-color wp-elements-0d3bba1292b8030bef905a45afd13c8e\"><br><strong>Oraci\u00f3n<\/strong><\/h4>\n\n\n\n<p class=\"has-text-align-left\"><strong><em>Se\u00f1or Jes\u00fas, hace m\u00e1s de &nbsp;200 a\u00f1os,<br>Juan Mar\u00eda de la Mennais<br>y Gabriel Deshayes<br>vivieron el desamparo de los ni\u00f1os<br>y de los j\u00f3venes<br>\u201cque andaban como ovejas sin pastor\u201d.<br>Ilum\u00ednanos y haznos descubrir hoy<br>el grito de los que esperan<br>pastores de coraz\u00f3n generoso.<br>Concede a todos los miembros<br>de la Familia Menesiana<br>apoyarse en tu misericordia,<br>en la unidad de una \u00fanica Familia.<br>Y danos la paz y la alegr\u00eda<br>de escribir una nueva p\u00e1gina para la misi\u00f3n.<br>\u00a1Que con Mar\u00eda,<br>caminemos juntos por los caminos de la paz<br>y que anunciemos con gozo<br>la Buena Nueva a los pobres!<br>\u00a1Dios s\u00f3lo en el tiempo!<br>\u00a1Dios s\u00f3lo en la eternidad!<br>Am\u00e9n<\/em><\/strong><\/p>\n\n\n\n<h4 class=\"wp-block-heading has-text-align-left has-vivid-red-color has-text-color has-link-color wp-elements-7deb30c5a46c2fe0af76f92c82f8d39a\"><br><strong>Intenciones<\/strong><\/h4>\n\n\n\n<ul class=\"wp-block-list\">\n<li>Por todos los miembros, hermanos y laicos, de la Familia Menesiana.<\/li>\n\n\n\n<li>Por la comunidad educativa de La Escuelita de Luj\u00e1n de Cuyo y la de Berrio-Otxoa.<\/li>\n\n\n\n<li>Por los menesianos, las obras y las vocaciones de la provincia Santa Teresa del Ni\u00f1o Jes\u00fas (Uganda &#8211; Sud\u00e1n del sur).<\/li>\n\n\n\n<li>Para que vivamos nuestra misi\u00f3n en modo familia menesiana.<\/li>\n\n\n\n<li>Por la paz en el mundo, en especial en Hait\u00ed.<\/li>\n<\/ul>\n\n\n\n<h4 class=\"wp-block-heading has-text-align-left has-vivid-red-color has-text-color has-link-color wp-elements-2fbe87c99be33ab4247c78aad5c2da3c\"><br><strong>Nueva Regla de Vida n\u00ba 73.1<\/strong><\/h4>\n\n\n\n<p class=\"has-text-align-left\">La Lectio Vitae cotidiana abre al Hermano a la presencia de Dios y a sus llamadas. Le permite captar las resistencias que opone a la acci\u00f3n del Esp\u00edritu. Lo ayuda a unificar su vida y lo hace disponible al Se\u00f1or que act\u00faa en \u00e9l.<\/p>\n\n\n\n<h4 class=\"wp-block-heading has-text-align-left has-vivid-red-color has-text-color has-link-color wp-elements-22a1c0de029bd1b5d886795f4a3b0f78\"><br><strong>A la se\u00f1orita Maria Jallobert de Monville, 1813<\/strong><\/h4>\n\n\n\n<p class=\"has-text-align-left\"><em>Cuando tu coraz\u00f3n est\u00e1 lleno\u00a0 de amargura, recuerda que \u00e9ste es el momento de la prueba, y mant\u00e9n\u00a0 en Dios una confianza tanto m\u00e1s viva cuanto m\u00e1s d\u00e9bil te sientas.<\/em><\/p>\n\n\n\n<h4 class=\"wp-block-heading has-vivid-red-color has-text-color has-link-color wp-elements-277bac52fd316e45b5ad04973d855fb8\"><br><strong>Difuntos<\/strong><\/h4>\n\n\n\n<p class=\"has-text-align-left\">1977: Lionel Gendron (Bonaventure-Joseph)<br>1996: Joseph Bourr\u00e9e (S\u00e9raphin)<br>1999: Isidore Mesl\u00e9 (Daniel-Paul)<br>2017: <strong>Juan Luis Barturen Uriarte (Cirilo):<\/strong>\u00a0 Naci\u00f3 el 9 de octubre de 1923 en Bakio. Muri\u00f3 en Berrio-Otxoa, Bilbao.<\/p>\n","protected":false},"excerpt":{"rendered":"<p>Oraci\u00f3n Se\u00f1or Jes\u00fas, hace m\u00e1s de &nbsp;200 a\u00f1os,Juan Mar\u00eda de la Mennaisy Gabriel Deshayesvivieron el desamparo de los ni\u00f1osy de los j\u00f3venes\u201cque andaban como ovejas sin pastor\u201d.Ilum\u00ednanos y haznos descubrir hoyel grito de los que esperanpastores de coraz\u00f3n generoso.Concede a todos los miembrosde la Familia Menesianaapoyarse en tu misericordia,en la unidad de una \u00fanica Familia.Y &hellip; <a href=\"https:\/\/menesianosoy.org\/index.php\/2025\/05\/24\/san-agustin-de-canterbury-2\/\" class=\"more-link\">Continue reading<span class=\"screen-reader-text\"> \u00abSan Agust\u00edn de Canterbury\u00bb<\/span><\/a><\/p>\n","protected":false},"author":3,"featured_media":0,"comment_status":"closed","ping_status":"closed","sticky":false,"template":"","format":"standard","meta":{"_acf_changed":false,"footnotes":""},"categories":[3],"tags":[],"class_list":["post-23548","post","type-post","status-publish","format-standard","hentry","category-calendario"],"acf":[],"_links":{"self":[{"href":"https:\/\/menesianosoy.org\/index.php\/wp-json\/wp\/v2\/posts\/23548","targetHints":{"allow":["GET"]}}],"collection":[{"href":"https:\/\/menesianosoy.org\/index.php\/wp-json\/wp\/v2\/posts"}],"about":[{"href":"https:\/\/menesianosoy.org\/index.php\/wp-json\/wp\/v2\/types\/post"}],"author":[{"embeddable":true,"href":"https:\/\/menesianosoy.org\/index.php\/wp-json\/wp\/v2\/users\/3"}],"replies":[{"embeddable":true,"href":"https:\/\/menesianosoy.org\/index.php\/wp-json\/wp\/v2\/comments?post=23548"}],"version-history":[{"count":6,"href":"https:\/\/menesianosoy.org\/index.php\/wp-json\/wp\/v2\/posts\/23548\/revisions"}],"predecessor-version":[{"id":23556,"href":"https:\/\/menesianosoy.org\/index.php\/wp-json\/wp\/v2\/posts\/23548\/revisions\/23556"}],"wp:attachment":[{"href":"https:\/\/menesianosoy.org\/index.php\/wp-json\/wp\/v2\/media?parent=23548"}],"wp:term":[{"taxonomy":"category","embeddable":true,"href":"https:\/\/menesianosoy.org\/index.php\/wp-json\/wp\/v2\/categories?post=23548"},{"taxonomy":"post_tag","embeddable":true,"href":"https:\/\/menesianosoy.org\/index.php\/wp-json\/wp\/v2\/tags?post=23548"}],"curies":[{"name":"wp","href":"https:\/\/api.w.org\/{rel}","templated":true}]}}