{"id":23588,"date":"2025-05-24T17:39:46","date_gmt":"2025-05-24T20:39:46","guid":{"rendered":"https:\/\/menesianosoy.org\/?p=23588"},"modified":"2025-05-29T06:24:41","modified_gmt":"2025-05-29T09:24:41","slug":"san-pablo-vi-4","status":"publish","type":"post","link":"https:\/\/menesianosoy.org\/index.php\/2025\/05\/24\/san-pablo-vi-4\/","title":{"rendered":"San Pablo VI"},"content":{"rendered":"\n<h4 class=\"wp-block-heading has-vivid-red-color has-text-color has-link-color wp-elements-147a8078453413efde2d011af260ed58\"><br><strong>Oraci\u00f3n<\/strong><\/h4>\n\n\n\n<p><strong><em>Padre bueno,<br>te doy gracias por la vida,<br>regalo de tu amor.<br>Haz que la comparta con todos:<br>con mis hermanos, con mi familia,<br>con mis amigos,<br>tejiendo lazos como lo hizo Jes\u00fas.<br>Env\u00edame tu Esp\u00edritu Santo<br>para descubrir lo que quieres de m\u00ed.<br>Hazme cada d\u00eda m\u00e1s parecido a tu Hijo:<br>que sus sentimientos sean mis sentimientos,<br>que sus pensamientos<br>sean mis pensamientos,<br>que su proyecto sea mi proyecto,<br>que ame como \u00c9l am\u00f3.<br>Como a Mar\u00eda, Padre Bueno,<br>conc\u00e9denos a todos<br>un coraz\u00f3n d\u00f3cil a tu Palabra. <\/em><\/strong><br><strong><em>Am\u00e9n<\/em><\/strong><\/p>\n\n\n\n<h4 class=\"wp-block-heading has-vivid-red-color has-text-color has-link-color wp-elements-7a0ff5ef426345d54ec2ffc3919b8c7e\"><br><strong>Intenciones<\/strong><\/h4>\n\n\n\n<ul class=\"wp-block-list\">\n<li>Por las vocaciones en nuestro Distrito y la casa de formaci\u00f3n de El Alto.<\/li>\n\n\n\n<li>Por el Consejo del Distrito.<\/li>\n\n\n\n<li>Por la familia menesiana del colegio Teodelina de Villa G. G\u00e1lvez&nbsp;y la de Nanclares de la Oca.<\/li>\n\n\n\n<li>Por los menesianos, las obras y las vocaciones del distrito San Francisco Javier (Indonesia &#8211; Jap\u00f3n &#8211; Filipinas).<\/li>\n\n\n\n<li>Por el \u00e9xito de la operaci\u00f3n del H. <strong>Benito<\/strong>.<\/li>\n\n\n\n<li>Por la paz en el mundo.<\/li>\n<\/ul>\n\n\n\n<h4 class=\"wp-block-heading has-text-align-left has-vivid-red-color has-text-color has-link-color wp-elements-3917455415e2e638a1ea2796f839caaa\"><br><strong>Nueva Regla de Vida n\u00ba 74b<\/strong><\/h4>\n\n\n\n<p class=\"has-text-align-left\">Se invita a cada comunidad a que determine momentos de lectura espiritual com\u00fan: los textos pueden servir entonces de punto de partida para enriquecedores intercambios comunitarios.<\/p>\n\n\n\n<h4 class=\"wp-block-heading has-text-align-left has-vivid-red-color has-text-color has-link-color wp-elements-e2b24db3628e48bc72722e4f357ed638\"><br><strong>Instrucci\u00f3n para la Fiesta de la Ascensi\u00f3n<\/strong><\/h4>\n\n\n\n<p class=\"has-text-align-left\"><em>Jesucristo asciende al cielo para ser nuestro abogado ante su Padre y nuestro pont\u00edfice presente ante el trono de Dios. \u00c9l intercede continuamente por nosotros, como por sus hermanos.<\/em><\/p>\n\n\n\n<h4 class=\"wp-block-heading has-text-align-left has-vivid-red-color has-text-color has-link-color wp-elements-51237a81e4228043f099a8fd21df2582\"><br><strong>Difunto<\/strong><\/h4>\n\n\n\n<p class=\"has-text-align-left\">2014: Marius Ntwatwa (Marius Mary)<\/p>\n","protected":false},"excerpt":{"rendered":"<p>Oraci\u00f3n Padre bueno,te doy gracias por la vida,regalo de tu amor.Haz que la comparta con todos:con mis hermanos, con mi familia,con mis amigos,tejiendo lazos como lo hizo Jes\u00fas.Env\u00edame tu Esp\u00edritu Santopara descubrir lo que quieres de m\u00ed.Hazme cada d\u00eda m\u00e1s parecido a tu Hijo:que sus sentimientos sean mis sentimientos,que sus pensamientossean mis pensamientos,que su proyecto &hellip; <a href=\"https:\/\/menesianosoy.org\/index.php\/2025\/05\/24\/san-pablo-vi-4\/\" class=\"more-link\">Continue reading<span class=\"screen-reader-text\"> \u00abSan Pablo VI\u00bb<\/span><\/a><\/p>\n","protected":false},"author":3,"featured_media":0,"comment_status":"closed","ping_status":"closed","sticky":false,"template":"","format":"standard","meta":{"_acf_changed":false,"footnotes":""},"categories":[3],"tags":[],"class_list":["post-23588","post","type-post","status-publish","format-standard","hentry","category-calendario"],"acf":[],"_links":{"self":[{"href":"https:\/\/menesianosoy.org\/index.php\/wp-json\/wp\/v2\/posts\/23588","targetHints":{"allow":["GET"]}}],"collection":[{"href":"https:\/\/menesianosoy.org\/index.php\/wp-json\/wp\/v2\/posts"}],"about":[{"href":"https:\/\/menesianosoy.org\/index.php\/wp-json\/wp\/v2\/types\/post"}],"author":[{"embeddable":true,"href":"https:\/\/menesianosoy.org\/index.php\/wp-json\/wp\/v2\/users\/3"}],"replies":[{"embeddable":true,"href":"https:\/\/menesianosoy.org\/index.php\/wp-json\/wp\/v2\/comments?post=23588"}],"version-history":[{"count":4,"href":"https:\/\/menesianosoy.org\/index.php\/wp-json\/wp\/v2\/posts\/23588\/revisions"}],"predecessor-version":[{"id":23668,"href":"https:\/\/menesianosoy.org\/index.php\/wp-json\/wp\/v2\/posts\/23588\/revisions\/23668"}],"wp:attachment":[{"href":"https:\/\/menesianosoy.org\/index.php\/wp-json\/wp\/v2\/media?parent=23588"}],"wp:term":[{"taxonomy":"category","embeddable":true,"href":"https:\/\/menesianosoy.org\/index.php\/wp-json\/wp\/v2\/categories?post=23588"},{"taxonomy":"post_tag","embeddable":true,"href":"https:\/\/menesianosoy.org\/index.php\/wp-json\/wp\/v2\/tags?post=23588"}],"curies":[{"name":"wp","href":"https:\/\/api.w.org\/{rel}","templated":true}]}}