{"id":23743,"date":"2025-06-01T11:11:38","date_gmt":"2025-06-01T14:11:38","guid":{"rendered":"https:\/\/menesianosoy.org\/?p=23743"},"modified":"2025-06-01T21:08:12","modified_gmt":"2025-06-02T00:08:12","slug":"san-carlos-lwanga-y-companeros-martires-2","status":"publish","type":"post","link":"https:\/\/menesianosoy.org\/index.php\/2025\/06\/01\/san-carlos-lwanga-y-companeros-martires-2\/","title":{"rendered":"San Carlos Lwanga y compa\u00f1eros m\u00e1rtires"},"content":{"rendered":"\n<h4 class=\"wp-block-heading has-text-align-left has-vivid-red-color has-text-color has-link-color wp-elements-0d3bba1292b8030bef905a45afd13c8e\"><br><strong>Oraci\u00f3n<\/strong><\/h4>\n\n\n\n<p class=\"has-text-align-left\"><strong><em>Decir Menesianos<br>es decir camino compartido,<br>multitud de manos que se unen<br>para, entre todos,<br>hacer la marcha m\u00e1s ligera<br>Es compartir, la vida entrelazada,<br>es reunir bajo las mismas esperanzas<br>las diferencias, que as\u00ed, no nos separan.<br>Decir Menesianos<br>es hablar de proyecto com\u00fan,<br>sue\u00f1os compartidos,<br>camino acompa\u00f1ado.<br>Es pensar en el otro<br>y en lo mejor para el otro<br>y pensar, juntos,<br>en lo mejor que juntos podemos ofrecer.<br>Decir Menesianos<br>es darse fuerzas entre todos.<br>Es alentarse con la palmada al hombro,<br>es corregirse sin miedo a los enfados.<br>Es animarse a crecer juntos poco a poco.<br>Decir Menesianos<br>es hablar de apertura y entrega<br>servicio a los dem\u00e1s,<br>aprender a ofrecerse, generosos<br>Decir Menesianos<br>es el encuentro de muchos<br>que animados y alentados<br>pueden superar dificultades<br>Aqu\u00ed estamos hoy, juntos,<br>unidos y en camino<br>para hacer posible nuestra tarea,<br>para servir mejor a nuestros j\u00f3venes,<br>y hacer de ellos las personas<br>que est\u00e1n llamadas a ser.<br>Amen.<\/em><\/strong><\/p>\n\n\n\n<h4 class=\"wp-block-heading has-text-align-left has-vivid-red-color has-text-color has-link-color wp-elements-7deb30c5a46c2fe0af76f92c82f8d39a\"><br><strong>Intenciones<\/strong><\/h4>\n\n\n\n<ul class=\"wp-block-list\">\n<li>Por los menesianos, las obras y las vocaciones de Uganda y Sud\u00e1n del Sur.<\/li>\n\n\n\n<li>Para que la fe cristiana siga expandi\u00e9ndose en \u00c1frica, regada por la sangre de los m\u00e1rtires.<\/li>\n\n\n\n<li>Por la familia menesiana de San Borja y la de Aguilar de Camp\u00f3o.<\/li>\n\n\n\n<li>Por el cumplea\u00f1os del H. Francisco Rodr\u00edguez, de la comunidad de Portugalete.<\/li>\n\n\n\n<li>Por los enfermos por los cuales rezamos en la novena y la beatificaci\u00f3n de Juan Mar\u00eda.<\/li>\n<\/ul>\n\n\n\n<h4 class=\"wp-block-heading has-text-align-left has-vivid-red-color has-text-color has-link-color wp-elements-ecfa80618af4b1d9aedb8ece558ab774\"><br><strong>Nueva Regla de Vida n\u00ba 77b<\/strong><\/h4>\n\n\n\n<p class=\"has-text-align-left\">Con humildad y confianza, el Hermano se decide a acercarse a sus Hermanos para ofrecerles su perd\u00f3n o disculparse por las faltas que ha cometido, con el fin de estrechar los lazos de la caridad fraterna.<\/p>\n\n\n\n<h4 class=\"wp-block-heading has-text-align-left has-vivid-red-color has-text-color has-link-color wp-elements-93b26a5d4962aaa76b8fc52fbdf88ce6\"><br><strong>Memorial, p\u00e1g. 63<\/strong><\/h4>\n\n\n\n<p class=\"has-text-align-left\"><em>El hombre m\u00e1s razonable ser\u00eda aquel que alimentara su mente con un solo pensamiento: \u00a1S\u00f3lo Dios! Pero es s\u00f3lo el coraz\u00f3n cristiano el que escucha estas palabras: s\u00f3lo Dios.<\/em><\/p>\n\n\n\n<h4 class=\"wp-block-heading has-text-align-left has-vivid-red-color has-text-color has-link-color wp-elements-1cd4b724fdd0ffc35884cb45183847cc\"><br><strong>Difuntos<\/strong><\/h4>\n\n\n\n<p class=\"has-text-align-left\"><img loading=\"lazy\" decoding=\"async\" width=\"150\" height=\"208\" class=\"wp-image-13378\" style=\"width: 150px;\" src=\"https:\/\/menesianosoy.org\/wp-content\/uploads\/2024\/06\/German-F.jpg\" alt=\"\" srcset=\"https:\/\/menesianosoy.org\/wp-content\/uploads\/2024\/06\/German-F.jpg 960w, https:\/\/menesianosoy.org\/wp-content\/uploads\/2024\/06\/German-F-216x300.jpg 216w, https:\/\/menesianosoy.org\/wp-content\/uploads\/2024\/06\/German-F-739x1024.jpg 739w, https:\/\/menesianosoy.org\/wp-content\/uploads\/2024\/06\/German-F-768x1065.jpg 768w\" sizes=\"auto, (max-width: 150px) 85vw, 150px\" \/><br>1993: <strong>Ignacio Mar\u00eda Corta (Germ\u00e1n).<\/strong> Naci\u00f3 en Villafranca de Ordizia (Guip\u00fazcoa) en 1927. Trabaj\u00f3 en Argentina y Uruguay desde el a\u00f1o 1952 hasta su muerte en Buenos Aires.<br><br>2006: Alphonse Chapeau (Athanase)<\/p>\n","protected":false},"excerpt":{"rendered":"<p>Oraci\u00f3n Decir Menesianoses decir camino compartido,multitud de manos que se unenpara, entre todos,hacer la marcha m\u00e1s ligeraEs compartir, la vida entrelazada,es reunir bajo las mismas esperanzaslas diferencias, que as\u00ed, no nos separan.Decir Menesianoses hablar de proyecto com\u00fan,sue\u00f1os compartidos,camino acompa\u00f1ado.Es pensar en el otroy en lo mejor para el otroy pensar, juntos,en lo mejor que juntos &hellip; <a href=\"https:\/\/menesianosoy.org\/index.php\/2025\/06\/01\/san-carlos-lwanga-y-companeros-martires-2\/\" class=\"more-link\">Continue reading<span class=\"screen-reader-text\"> \u00abSan Carlos Lwanga y compa\u00f1eros m\u00e1rtires\u00bb<\/span><\/a><\/p>\n","protected":false},"author":3,"featured_media":0,"comment_status":"closed","ping_status":"closed","sticky":false,"template":"","format":"standard","meta":{"_acf_changed":false,"footnotes":""},"categories":[3],"tags":[],"class_list":["post-23743","post","type-post","status-publish","format-standard","hentry","category-calendario"],"acf":[],"_links":{"self":[{"href":"https:\/\/menesianosoy.org\/index.php\/wp-json\/wp\/v2\/posts\/23743","targetHints":{"allow":["GET"]}}],"collection":[{"href":"https:\/\/menesianosoy.org\/index.php\/wp-json\/wp\/v2\/posts"}],"about":[{"href":"https:\/\/menesianosoy.org\/index.php\/wp-json\/wp\/v2\/types\/post"}],"author":[{"embeddable":true,"href":"https:\/\/menesianosoy.org\/index.php\/wp-json\/wp\/v2\/users\/3"}],"replies":[{"embeddable":true,"href":"https:\/\/menesianosoy.org\/index.php\/wp-json\/wp\/v2\/comments?post=23743"}],"version-history":[{"count":9,"href":"https:\/\/menesianosoy.org\/index.php\/wp-json\/wp\/v2\/posts\/23743\/revisions"}],"predecessor-version":[{"id":23819,"href":"https:\/\/menesianosoy.org\/index.php\/wp-json\/wp\/v2\/posts\/23743\/revisions\/23819"}],"wp:attachment":[{"href":"https:\/\/menesianosoy.org\/index.php\/wp-json\/wp\/v2\/media?parent=23743"}],"wp:term":[{"taxonomy":"category","embeddable":true,"href":"https:\/\/menesianosoy.org\/index.php\/wp-json\/wp\/v2\/categories?post=23743"},{"taxonomy":"post_tag","embeddable":true,"href":"https:\/\/menesianosoy.org\/index.php\/wp-json\/wp\/v2\/tags?post=23743"}],"curies":[{"name":"wp","href":"https:\/\/api.w.org\/{rel}","templated":true}]}}