{"id":23899,"date":"2025-06-06T11:31:55","date_gmt":"2025-06-06T14:31:55","guid":{"rendered":"https:\/\/menesianosoy.org\/?p=23899"},"modified":"2025-06-06T17:14:04","modified_gmt":"2025-06-06T20:14:04","slug":"san-antonio-maria-gianelli","status":"publish","type":"post","link":"https:\/\/menesianosoy.org\/index.php\/2025\/06\/06\/san-antonio-maria-gianelli\/","title":{"rendered":"San Antonio Mar\u00eda Gianelli"},"content":{"rendered":"\n<p class=\"has-text-align-left\"><strong>Hechos 28, 16-20.30-31&nbsp;&nbsp;<br>Salmo 10, 4-5.7&nbsp;&nbsp;<\/strong><\/p>\n\n\n\n<h4 class=\"wp-block-heading has-text-align-left has-vivid-red-color has-text-color has-link-color wp-elements-d99781a6e131096ad879dfcbc6b8c0d6\"><br><strong>Evangelio: Juan 21, 21-25<\/strong><\/h4>\n\n\n\n<figure class=\"wp-block-audio\"><audio controls src=\"https:\/\/menesianosoy.org\/wp-content\/uploads\/2025\/06\/luvvoice.com-20250606-NAQrcn.mp3\"><\/audio><\/figure>\n\n\n\n<p class=\"has-text-align-left\"><strong><em>Pedro vio que lo segu\u00eda el disc\u00edpulo al que Jes\u00fas amaba, el mismo que durante la Cena se hab\u00eda reclinado sobre Jes\u00fas y le hab\u00eda preguntado: Se\u00f1or, \u00bfqui\u00e9n es el que te va a entregar?<br>Cuando Pedro lo vio, pregunt\u00f3 a Jes\u00fas: Se\u00f1or, \u00bfy qu\u00e9 ser\u00e1 de este?<br>Jes\u00fas le respondi\u00f3: Si yo quiero que \u00e9l quede hasta mi venida, \u00bfqu\u00e9 importa? T\u00fa s\u00edgueme.<br>Entonces se divulg\u00f3 entre los hermanos el rumor de que aquel disc\u00edpulo no morir\u00eda, pero Jes\u00fas no hab\u00eda dicho a Pedro: El no morir\u00e1, sino: Si yo quiero que \u00e9l quede hasta mi venida, \u00bfqu\u00e9 te importa?<br>Este mismo disc\u00edpulo es el que da testimonio de estas cosas y el que las ha escrito, y sabemos que su testimonio es verdadero.<br>Jes\u00fas hizo tambi\u00e9n muchas otras cosas. Si se las relata detalladamente, pienso que no bastar\u00eda todo el mundo para contener los libros que se escribir\u00edan.<\/em><\/strong><\/p>\n\n\n\n<figure class=\"wp-block-image size-full\"><img loading=\"lazy\" decoding=\"async\" width=\"511\" height=\"346\" src=\"https:\/\/menesianosoy.org\/wp-content\/uploads\/2025\/06\/sigueme-1.png\" alt=\"\" class=\"wp-image-23910\" srcset=\"https:\/\/menesianosoy.org\/wp-content\/uploads\/2025\/06\/sigueme-1.png 511w, https:\/\/menesianosoy.org\/wp-content\/uploads\/2025\/06\/sigueme-1-300x203.png 300w\" sizes=\"auto, (max-width: 511px) 85vw, 511px\" \/><\/figure>\n\n\n\n<p class=\"has-text-align-left\">Lo primero que convienes dejar claro es que el autor del IV evangelio no es ni el pescador Juan, hermano de Santiago e hijo de Zebedeo (Mt 4, 21), ni tampoco lo es el \u201cdisc\u00edpulo amado\u201d, que no pod\u00eda ser el modesto pescador de Galilea, ya que es impensable que aquel pobre pescador de Galilea fuera \u201cconocido por el Sumo Sacerdote\u201d hasta el punto de entrar como un amigo en su palacio (Jn18,15). Por otra parte, este relato final del evangelio sugiere que, cuando se redact\u00f3 este texto, parece que el tal \u201cdisc\u00edpulo amado\u201d ya hab\u00eda muerto (J. Zumstein). La finalidad del relato no es, por tanto, aclarar las dudas de su autor\u00eda. Lo m\u00e1s probable es que el escrito procede de un cristiano desconocido de la tercera generaci\u00f3n, muy al final de siglo I.<br><br>Dado que el tema del autor del texto, ni se conoce, ni seguramente se puede conocer, interesa centrar la atenci\u00f3n en un asunto que siempre tiene actualidad. Se nos presenta como responsable de este evangelio \u201c<em>aquel disc\u00edpulo a quien tanto quer\u00eda Jes\u00fas<\/em>\u201d. As\u00ed, se alude a una relaci\u00f3n personal, humana, \u00fanica, en la que se destaca una comunicaci\u00f3n de cari\u00f1o. Y, adem\u00e1s, en un estilo de relaci\u00f3n humana que los dem\u00e1s perciben. No se oculta. En el relato de la \u00faltima cena, se informa de las confidencias que Jes\u00fas ten\u00eda con Pedro y, sobre todo, con el disc\u00edpulo que el mismo Jes\u00fas ten\u00eda reclinado a \u00e9l (Jn13,23-26). El Evangelio no oculta, ni disimula, algo que est\u00e1n profundamente humano: la libertad del amor humano, las consiguientes preferencias que se producen en las relaciones personales, y la aceptaci\u00f3n que todos deber\u00edamos tener cuando tomamos conciencia de que no somos los primeros en la estimaci\u00f3n y el cari\u00f1o de los dem\u00e1s.&nbsp;<br><br>Pero, sobre todo, es capital caer en la cuenta de que el IV evangelio trasciende el mero relato y sobrepasa la narraci\u00f3n. Lo distintivo de este evangelio es la calidad de los \u201cs\u00edmbolos\u201d. El relato informa de hechos que han sucedido. El s\u00edmbolo comunica experiencias que todos vivimos. Y lo determinante en la vida son los hechos que se constituyen en experiencias que nos cambian la vida y nos hacen ver las cosas de otra manera. Cuando nos enamoramos, vemos la vida como antes no la ve\u00edamos. Y cuando no superamos un resentimiento, la amargura que transpiramos contagia malestar. He aqu\u00ed la fuerza de un escrito que brot\u00f3 del amor bien expresado.<\/p>\n\n\n\n<h4 class=\"wp-block-heading has-text-align-left has-vivid-red-color has-text-color has-link-color wp-elements-adde6e299eef5c6bf8c69700d4076ec7\"><br><strong>Palabras de Juan Mar\u00eda<\/strong><\/h4>\n\n\n\n<p class=\"has-text-align-left\"><img loading=\"lazy\" decoding=\"async\" width=\"150\" height=\"165\" class=\"wp-image-21587\" style=\"width: 150px;\" src=\"https:\/\/menesianosoy.org\/wp-content\/uploads\/2025\/03\/JMLM.png\" alt=\"\" srcset=\"https:\/\/menesianosoy.org\/wp-content\/uploads\/2025\/03\/JMLM.png 330w, https:\/\/menesianosoy.org\/wp-content\/uploads\/2025\/03\/JMLM-273x300.png 273w\" sizes=\"auto, (max-width: 150px) 85vw, 150px\" \/><br><em>\u201cNo s\u00f3lo, mis queridos hijos, Dios iluminar\u00e1 su inteligencia, sino que tambi\u00e9n los har\u00e1 fuertes a pesar de su debilidad, calentar\u00e1, abrazar\u00e1 con su amor su coraz\u00f3n que languidece, y llenos de ardor por servirlo en el santo estado que han abrazado le dir\u00e1n como San Pablo al acabar el retiro: \u00bfQui\u00e9n me separar\u00e1 del amor de Cristo? \u00bfLa tribulaci\u00f3n, la angustia, el hambre, la desnudez, el peligro, la persecuci\u00f3n, la espada? No, estoy seguro que ni la muerte ni la vida, ni el presente ni el futuro, ni la fuerza, ni la altura, ni la profundidad, ni ninguna otra creatura podr\u00e1 separarme del amor de mi Dios, ni impedirme serle fiel\u201d. (Apertura de retiro)<\/em><br><\/p>\n\n\n\n<h4 class=\"wp-block-heading has-text-align-left has-vivid-red-color has-text-color has-link-color wp-elements-add45a2f1717cee68e234bec4b03d5e9\"><strong>Lazos de amor &#8211; Fones <\/strong><\/h4>\n\n\n\n<figure class=\"wp-block-embed is-type-video is-provider-youtube wp-block-embed-youtube wp-embed-aspect-4-3 wp-has-aspect-ratio\"><div class=\"wp-block-embed__wrapper\">\n<iframe loading=\"lazy\" title=\"Lazos de Amor\" width=\"1140\" height=\"855\" src=\"https:\/\/www.youtube.com\/embed\/ACkvdRtNfM0?feature=oembed\" frameborder=\"0\" allow=\"accelerometer; autoplay; clipboard-write; encrypted-media; gyroscope; picture-in-picture; web-share\" referrerpolicy=\"strict-origin-when-cross-origin\" allowfullscreen><\/iframe>\n<\/div><\/figure>\n\n\n\n<p class=\"has-text-align-left\">El mundo est\u00e1 triste,<br>herido y sangrando;<br>todo parece acabar.<br>Ya no hay m\u00e1s esperanza,<br>no se ve una sonrisa,<br>una flor, alg\u00fan cantar.<br>Mas cuando el brillo del d\u00eda<br>irrumpe en las nubes,<br>viene un sue\u00f1o feliz, el despertar.<br><br>Cuando los lazos de amor me abrazan,<br>me conducen a Dios.<br>Yo siento en mi la esperanza<br>que me eleva y me pone de pie.<br>Y es cuando me abro a su fuerza<br>que todo lo puede,<br>dejo atr\u00e1s el temor,<br>me pongo a andar.<br><br>Hay que dejar que lo nuevo despierte,<br>soltar la ilusi\u00f3n que nos enga\u00f1a,<br>encandila, brilla,<br>explota como pompas de jab\u00f3n.<br>Y armarse de nuevas certezas,<br>amarse con toda ternura,<br>y entregarse al amor que s\u00f3lo Dios sabe dar.<br><br>Cuando encontramos el mismo camino<br>nace el pueblo de Dios,<br>que de noche va peregrino,<br>cantando con fe.<br>Y nada detiene el deseo de ir paso a paso<br>buscando al Se\u00f1or, el reino de Dios.<\/p>\n","protected":false},"excerpt":{"rendered":"<p>Hechos 28, 16-20.30-31&nbsp;&nbsp;Salmo 10, 4-5.7&nbsp;&nbsp; Evangelio: Juan 21, 21-25 Pedro vio que lo segu\u00eda el disc\u00edpulo al que Jes\u00fas amaba, el mismo que durante la Cena se hab\u00eda reclinado sobre Jes\u00fas y le hab\u00eda preguntado: Se\u00f1or, \u00bfqui\u00e9n es el que te va a entregar?Cuando Pedro lo vio, pregunt\u00f3 a Jes\u00fas: Se\u00f1or, \u00bfy qu\u00e9 ser\u00e1 de &hellip; <a href=\"https:\/\/menesianosoy.org\/index.php\/2025\/06\/06\/san-antonio-maria-gianelli\/\" class=\"more-link\">Continue reading<span class=\"screen-reader-text\"> \u00abSan Antonio Mar\u00eda Gianelli\u00bb<\/span><\/a><\/p>\n","protected":false},"author":3,"featured_media":0,"comment_status":"closed","ping_status":"closed","sticky":false,"template":"","format":"standard","meta":{"_acf_changed":false,"footnotes":""},"categories":[9],"tags":[],"class_list":["post-23899","post","type-post","status-publish","format-standard","hentry","category-evangelio"],"acf":[],"_links":{"self":[{"href":"https:\/\/menesianosoy.org\/index.php\/wp-json\/wp\/v2\/posts\/23899","targetHints":{"allow":["GET"]}}],"collection":[{"href":"https:\/\/menesianosoy.org\/index.php\/wp-json\/wp\/v2\/posts"}],"about":[{"href":"https:\/\/menesianosoy.org\/index.php\/wp-json\/wp\/v2\/types\/post"}],"author":[{"embeddable":true,"href":"https:\/\/menesianosoy.org\/index.php\/wp-json\/wp\/v2\/users\/3"}],"replies":[{"embeddable":true,"href":"https:\/\/menesianosoy.org\/index.php\/wp-json\/wp\/v2\/comments?post=23899"}],"version-history":[{"count":10,"href":"https:\/\/menesianosoy.org\/index.php\/wp-json\/wp\/v2\/posts\/23899\/revisions"}],"predecessor-version":[{"id":23957,"href":"https:\/\/menesianosoy.org\/index.php\/wp-json\/wp\/v2\/posts\/23899\/revisions\/23957"}],"wp:attachment":[{"href":"https:\/\/menesianosoy.org\/index.php\/wp-json\/wp\/v2\/media?parent=23899"}],"wp:term":[{"taxonomy":"category","embeddable":true,"href":"https:\/\/menesianosoy.org\/index.php\/wp-json\/wp\/v2\/categories?post=23899"},{"taxonomy":"post_tag","embeddable":true,"href":"https:\/\/menesianosoy.org\/index.php\/wp-json\/wp\/v2\/tags?post=23899"}],"curies":[{"name":"wp","href":"https:\/\/api.w.org\/{rel}","templated":true}]}}