{"id":23963,"date":"2025-06-07T16:50:00","date_gmt":"2025-06-07T19:50:00","guid":{"rendered":"https:\/\/menesianosoy.org\/?p=23963"},"modified":"2025-06-08T18:06:39","modified_gmt":"2025-06-08T21:06:39","slug":"maria-madre-de-la-iglesia","status":"publish","type":"post","link":"https:\/\/menesianosoy.org\/index.php\/2025\/06\/07\/maria-madre-de-la-iglesia\/","title":{"rendered":"Mar\u00eda, Madre de la Iglesia"},"content":{"rendered":"\n<p class=\"has-text-align-left\"><strong>Hechos 1, 12-14&nbsp;&nbsp;<br>Judit 13, 18-19 (Salmo)<\/strong><\/p>\n\n\n\n<h4 class=\"wp-block-heading has-text-align-left has-vivid-red-color has-text-color has-link-color wp-elements-ac2b73a6c5db952f3eb6d84357a32226\"><img loading=\"lazy\" decoding=\"async\" width=\"150\" height=\"115\" class=\"wp-image-12924\" style=\"width: 150px;\" src=\"https:\/\/menesianosoy.org\/wp-content\/uploads\/2024\/05\/58_CEW0UVGY.jpg\" alt=\"\" srcset=\"https:\/\/menesianosoy.org\/wp-content\/uploads\/2024\/05\/58_CEW0UVGY.jpg 450w, https:\/\/menesianosoy.org\/wp-content\/uploads\/2024\/05\/58_CEW0UVGY-300x230.jpg 300w\" sizes=\"auto, (max-width: 150px) 85vw, 150px\" \/><br><strong>Evangelio: Juan 19, 25-27<\/strong><\/h4>\n\n\n\n<figure class=\"wp-block-audio\"><audio controls src=\"https:\/\/menesianosoy.org\/wp-content\/uploads\/2025\/06\/9-Lunes-9-de-junio.mp3\"><\/audio><\/figure>\n\n\n\n<p class=\"has-text-align-left\"><strong><em>Junto a la cruz de Jes\u00fas, estaba su madre y la hermana de su madre, Mar\u00eda, mujer de Cleof\u00e1s, y Mar\u00eda Magdalena.<br>Al ver a la madre y cerca de ella al disc\u00edpulo a quien \u00e9l amaba, Jes\u00fas le dijo: Mujer, aqu\u00ed tienes a tu hijo. Luego dijo al disc\u00edpulo: Aqu\u00ed tienes a tu madre.<br>Y desde aquel momento, el disc\u00edpulo la recibi\u00f3 en su casa.<\/em><\/strong><\/p>\n\n\n\n<figure class=\"wp-block-image size-full\"><img loading=\"lazy\" decoding=\"async\" width=\"350\" height=\"442\" src=\"https:\/\/menesianosoy.org\/wp-content\/uploads\/2025\/06\/marc3ada-junto-a-la-cruz.jpg\" alt=\"\" class=\"wp-image-23968\" srcset=\"https:\/\/menesianosoy.org\/wp-content\/uploads\/2025\/06\/marc3ada-junto-a-la-cruz.jpg 350w, https:\/\/menesianosoy.org\/wp-content\/uploads\/2025\/06\/marc3ada-junto-a-la-cruz-238x300.jpg 238w\" sizes=\"auto, (max-width: 350px) 85vw, 350px\" \/><\/figure>\n\n\n\n<p class=\"has-text-align-left\">Mar\u00eda est\u00e1 al pie de la cruz: Esto indica presencia, continuidad, la fuerza de estar ah\u00ed. A diferencia de los disc\u00edpulos, Mar\u00eda nunca dej\u00f3 a su Hijo Jes\u00fas en el camino de la Cruz. All\u00ed, Jes\u00fas conf\u00eda al disc\u00edpulo amado a su Madre (y viceversa). Mar\u00eda afronta este momento con gran dignidad, no escapa a los acontecimientos de la vida, sino que&nbsp;<em>se <\/em>mantiene en pie.<br><br>Mar\u00eda es invitada por su Hijo a decir un nuevo \u00abAqu\u00ed estoy\u00bb, un nuevo \u00abs\u00ed\u00bb, m\u00e1s convencido y m\u00e1s maduro. A trav\u00e9s de su \u00abestar al pie de la cruz\u00bb, madura su experiencia de fe y maternidad, y esto la hace capaz de ir m\u00e1s all\u00e1.<br>Desde el principio, el coraz\u00f3n de Mar\u00eda estaba lleno de interrogantes: \u00abSe preguntaba qu\u00e9 pod\u00eda significar ese saludo\u00bb (Lc 1,29). Las preguntas tambi\u00e9n surgieron en presencia de Sime\u00f3n: \u00abEste ni\u00f1o ser\u00e1 causa de ca\u00edda y de elevaci\u00f3n para muchos en Israel; ser\u00e1 signo de contradicci\u00f3n, y a ti misma una espada te atravesar\u00e1 el coraz\u00f3n. As\u00ed se manifestar\u00e1n claramente los pensamientos \u00edntimos de muchos\u00bb (Lc 2,34-35). Mar\u00eda y Jos\u00e9 \u00abestaban admirados por lo que o\u00edan decir del Ni\u00f1o\u00bb (Lc 2,33).<br>El \u00abAqu\u00ed estoy\u00bb de Mar\u00eda no es de una vez por todas, sino que crece, madura a trav\u00e9s de los acontecimientos de la vida, incluidos los de la Cruz, junto a la que Mar\u00eda est\u00e1 de pie. Aqu\u00ed, en esta fidelidad lograda, Mar\u00eda recibe una nueva misi\u00f3n, una especie de \u2018suplemento\u2019 de la maternidad, hasta el punto de convertirse en <strong>Madre de la Iglesia<\/strong>. Madre, porque nos regenera en la gracia para que aprendamos a crecer en la medida de Cristo (Ef 4,7-13).<br><br>As\u00ed como Mar\u00eda supo&nbsp;estar&nbsp;junto a la Cruz, sin huir de la fatiga, de la incomprensi\u00f3n y del sufrimiento, as\u00ed tambi\u00e9n Mar\u00eda, Madre, sabr\u00e1&nbsp;estar&nbsp;al lado de cada uno de los que su Hijo ha hecho sus hijos. Esto nos lleva a invocarla como \u00abMadre de la Iglesia\u00bb.<\/p>\n\n\n\n<p class=\"has-text-align-left\"><br><strong>M\u00c1XIMA<br>Mar\u00eda<\/strong> <strong>es Madre de todos<\/strong><\/p>\n\n\n\n<h4 class=\"wp-block-heading has-text-align-left has-vivid-red-color has-text-color has-link-color wp-elements-adde6e299eef5c6bf8c69700d4076ec7\"><br><strong>Palabras de Juan Mar\u00eda<\/strong><\/h4>\n\n\n\n<p class=\"has-text-align-left\"><img loading=\"lazy\" decoding=\"async\" width=\"150\" height=\"165\" class=\"wp-image-21587\" style=\"width: 150px;\" src=\"https:\/\/menesianosoy.org\/wp-content\/uploads\/2025\/03\/JMLM.png\" alt=\"\" srcset=\"https:\/\/menesianosoy.org\/wp-content\/uploads\/2025\/03\/JMLM.png 330w, https:\/\/menesianosoy.org\/wp-content\/uploads\/2025\/03\/JMLM-273x300.png 273w\" sizes=\"auto, (max-width: 150px) 85vw, 150px\" \/><br><em>Es necesario que tu coraz\u00f3n llegue a ser semejante al coraz\u00f3n de Mar\u00eda, que est\u00e9 animado por el mismo esp\u00edritu de caridad, de humildad, de celo, de dulzura, de pureza de desprendimiento de las cosas sensibles, de modo que las perfecciones de esta divina Madre resplandezcan, en cierto modo, en todas las palabras como en todas las obras de su hija. Eso es lo que Dios pide de ti. (A la Hna Amable Chenu)<\/em><\/p>\n\n\n\n<h4 class=\"wp-block-heading has-text-align-left has-vivid-red-color has-text-color has-link-color wp-elements-887b96a4af6bb98fd144c8e8ae147e7d\"><br><strong>En torno a Mar\u00eda &#8211; J\u00e9sed<\/strong><\/h4>\n\n\n\n<figure class=\"wp-block-embed is-type-video is-provider-youtube wp-block-embed-youtube wp-embed-aspect-16-9 wp-has-aspect-ratio\"><div class=\"wp-block-embed__wrapper\">\n<iframe loading=\"lazy\" title=\"En Torno a Mar\u00eda - J\u00e9sed (Mar\u00eda Madre de la Iglesia)\" width=\"1140\" height=\"641\" src=\"https:\/\/www.youtube.com\/embed\/7mEE10PHN1w?feature=oembed\" frameborder=\"0\" allow=\"accelerometer; autoplay; clipboard-write; encrypted-media; gyroscope; picture-in-picture; web-share\" referrerpolicy=\"strict-origin-when-cross-origin\" allowfullscreen><\/iframe>\n<\/div><\/figure>\n\n\n\n<p class=\"has-text-align-left\">En torno a Mar\u00eda<br>y siempre en oraci\u00f3n,<br>en un solo esp\u00edritu,<br>con un mismo coraz\u00f3n,<br>en torno a Mar\u00eda,<br>la iglesia se form\u00f3,<br>cuando estando juntos,<br>el esp\u00edritu se derram\u00f3.<br><br>Mar\u00eda, Madre nuestra,<br>Mar\u00eda, Madre de Dios, <br>Madre de luz y esperanza,<br>portadora del amor.<br><br>Mar\u00eda, Madre de la iglesia,<br>estamos en torno a ti,<br>unidos en un solo esp\u00edritu<br>y en un mismo coraz\u00f3n.<br><br>Estando reunidos<br>en el aposento alto,<br>un viento impetuoso<br>llen\u00f3 todo el lugar<br>y lenguas de fuego<br>en cada uno se posaron.<br>En torno a Mar\u00eda,<br>el esp\u00edritu se derram\u00f3.<\/p>\n\n\n\n<h4 class=\"wp-block-heading has-text-align-left has-vivid-red-color has-text-color has-link-color wp-elements-48b0a408df266a0e71784908bc7aca57\"><strong>Junto a la cruz de su Hijo<\/strong><\/h4>\n\n\n\n<figure class=\"wp-block-embed is-type-video is-provider-youtube wp-block-embed-youtube wp-embed-aspect-16-9 wp-has-aspect-ratio\"><div class=\"wp-block-embed__wrapper\">\n<iframe loading=\"lazy\" title=\"JUNTO A LA CRUZ DE SU HIJO\" width=\"1140\" height=\"641\" src=\"https:\/\/www.youtube.com\/embed\/amKNX2nnbHw?feature=oembed\" frameborder=\"0\" allow=\"accelerometer; autoplay; clipboard-write; encrypted-media; gyroscope; picture-in-picture; web-share\" referrerpolicy=\"strict-origin-when-cross-origin\" allowfullscreen><\/iframe>\n<\/div><\/figure>\n\n\n\n<p class=\"has-text-align-left\">Junto a la cruz de su Hijo<br>la Madre llorando se ve.<br>El dolor la ha crucificado,<br>el amor la tiene de pie.&nbsp;<br><br>\u00a1Qu\u00e9date de pie,<br>de pie junto a Jes\u00fas!<br>Que tu Hijo sigue en la cruz.&nbsp;<br><br>Cruz del lecho de los enfermos<br>de los ni\u00f1os sin un hogar.<br>Cruz del extranjero en su patria<br>del que sufre en soledad.&nbsp;<br><br>Cruz de la injusticia y miseria<br>de los marginados de hoy.<br>Cruz de tantas falsas promesas<br>y de la desesperaci\u00f3n.&nbsp;<br><br>Cruz del abandono de amigos<br>del olvido y de la traici\u00f3n.<br>Cruz de la amenaza y del miedo<br>la tortura y la prisi\u00f3n.&nbsp;<br><br>Cruz de los que sin esperanza<br>sufren sin saber para qu\u00e9.<br>Cruz de los enfermos del alma,<br>de los que perdieron la fe.<\/p>\n\n\n\n<p class=\"has-text-align-left has-vivid-purple-background-color has-background\"><\/p>\n","protected":false},"excerpt":{"rendered":"<p>Hechos 1, 12-14&nbsp;&nbsp;Judit 13, 18-19 (Salmo) Evangelio: Juan 19, 25-27 Junto a la cruz de Jes\u00fas, estaba su madre y la hermana de su madre, Mar\u00eda, mujer de Cleof\u00e1s, y Mar\u00eda Magdalena.Al ver a la madre y cerca de ella al disc\u00edpulo a quien \u00e9l amaba, Jes\u00fas le dijo: Mujer, aqu\u00ed tienes a tu hijo. &hellip; <a href=\"https:\/\/menesianosoy.org\/index.php\/2025\/06\/07\/maria-madre-de-la-iglesia\/\" class=\"more-link\">Continue reading<span class=\"screen-reader-text\"> \u00abMar\u00eda, Madre de la Iglesia\u00bb<\/span><\/a><\/p>\n","protected":false},"author":3,"featured_media":0,"comment_status":"closed","ping_status":"closed","sticky":false,"template":"","format":"standard","meta":{"_acf_changed":false,"footnotes":""},"categories":[9],"tags":[],"class_list":["post-23963","post","type-post","status-publish","format-standard","hentry","category-evangelio"],"acf":[],"_links":{"self":[{"href":"https:\/\/menesianosoy.org\/index.php\/wp-json\/wp\/v2\/posts\/23963","targetHints":{"allow":["GET"]}}],"collection":[{"href":"https:\/\/menesianosoy.org\/index.php\/wp-json\/wp\/v2\/posts"}],"about":[{"href":"https:\/\/menesianosoy.org\/index.php\/wp-json\/wp\/v2\/types\/post"}],"author":[{"embeddable":true,"href":"https:\/\/menesianosoy.org\/index.php\/wp-json\/wp\/v2\/users\/3"}],"replies":[{"embeddable":true,"href":"https:\/\/menesianosoy.org\/index.php\/wp-json\/wp\/v2\/comments?post=23963"}],"version-history":[{"count":8,"href":"https:\/\/menesianosoy.org\/index.php\/wp-json\/wp\/v2\/posts\/23963\/revisions"}],"predecessor-version":[{"id":24051,"href":"https:\/\/menesianosoy.org\/index.php\/wp-json\/wp\/v2\/posts\/23963\/revisions\/24051"}],"wp:attachment":[{"href":"https:\/\/menesianosoy.org\/index.php\/wp-json\/wp\/v2\/media?parent=23963"}],"wp:term":[{"taxonomy":"category","embeddable":true,"href":"https:\/\/menesianosoy.org\/index.php\/wp-json\/wp\/v2\/categories?post=23963"},{"taxonomy":"post_tag","embeddable":true,"href":"https:\/\/menesianosoy.org\/index.php\/wp-json\/wp\/v2\/tags?post=23963"}],"curies":[{"name":"wp","href":"https:\/\/api.w.org\/{rel}","templated":true}]}}