{"id":23994,"date":"2025-06-08T11:12:56","date_gmt":"2025-06-08T14:12:56","guid":{"rendered":"https:\/\/menesianosoy.org\/?p=23994"},"modified":"2025-06-10T16:13:15","modified_gmt":"2025-06-10T19:13:15","slug":"san-bernabe-apostol-3","status":"publish","type":"post","link":"https:\/\/menesianosoy.org\/index.php\/2025\/06\/08\/san-bernabe-apostol-3\/","title":{"rendered":"San Bernab\u00e9, ap\u00f3stol"},"content":{"rendered":"\n<p><strong>Hechos 11, 21b-26; 13, 1-3&nbsp;&nbsp;<br>Salmo 97, 1-6&nbsp;&nbsp;<\/strong><\/p>\n\n\n\n<h4 class=\"wp-block-heading has-vivid-red-color has-text-color has-link-color wp-elements-c5708b84a38ccf74040e311eab806743\"><br><strong>Evangelio: Mateo 10, 7-13<\/strong><\/h4>\n\n\n\n<figure class=\"wp-block-audio\"><audio controls src=\"https:\/\/menesianosoy.org\/wp-content\/uploads\/2025\/06\/Miercoles-11-de-junio-1.mp3\"><\/audio><\/figure>\n\n\n\n<p class=\"has-text-align-left\"><strong>Jes\u00fas dijo a sus disc\u00edpulos: Por el camino proclamen que el Reino de los Cielos est\u00e1 cerca. Curen a los enfermos, resuciten a los muertos, purifiquen a los leprosos, expulsen a los demonios. Ustedes han recibido gratuitamente, den tambi\u00e9n gratuitamente.<br>No lleven encima oro ni plata, ni monedas, ni provisiones para el camino, ni dos t\u00fanicas, ni calzado, ni bast\u00f3n; porque el que trabaja merece su sustento.<br>Cuando entren en una ciudad o en un pueblo, busquen a alguna persona respetable y permanezcan en su casa hasta el momento de partir.<br>Al entrar en la casa, sal\u00fadenla invocando la paz sobre ella. Si esa casa lo merece, que la paz descienda sobre ella; pero si es indigna, que esa paz vuelva a ustedes. Y si no los reciben ni quieren escuchar sus palabras, al irse de esa casa o de esa ciudad, sacudan hasta el polvo de sus pies.<br>Les aseguro que, en el d\u00eda del Juicio, Sodoma y Gomorra ser\u00e1n tratadas menos rigurosamente que esa ciudad.<\/strong><\/p>\n\n\n\n<figure class=\"wp-block-image size-full\"><img loading=\"lazy\" decoding=\"async\" width=\"500\" height=\"343\" src=\"https:\/\/menesianosoy.org\/wp-content\/uploads\/2024\/06\/articulos-246152.jpg\" alt=\"\" class=\"wp-image-13647\" srcset=\"https:\/\/menesianosoy.org\/wp-content\/uploads\/2024\/06\/articulos-246152.jpg 500w, https:\/\/menesianosoy.org\/wp-content\/uploads\/2024\/06\/articulos-246152-300x206.jpg 300w\" sizes=\"auto, (max-width: 500px) 85vw, 500px\" \/><\/figure>\n\n\n\n<p class=\"has-text-align-left\">Una verdad sencilla, que en ocasiones se nos escapa y no le prestamos atenci\u00f3n, es que con poco basta para hacer el bien y transmitir el mensaje de Jes\u00fas. No necesitamos grandes cosas, ni eventos, ni montajes para crear lazos que humanicen, para hacer gestos que alivien, para ayudar a curar heridas que otros no se ven con \u00e1nimos ni fuerzas para cerrar. <br>En esto de hacer el bien y de compartir la fe hemos de ir ligeros de equipaje. Esto nos puede ayudar a ponernos en marcha con m\u00e1s facilidad, a sumarnos a iniciativas, a ofrecer, sin miedos ni cortapisas, nuestra cercan\u00eda, nuestra presencia y nuestras capacidades. Acumular puede ser estorbo para salir de nosotros mismos y dar lo mejor a cada uno. <br>No hay nada que demostrar, no se trata de sobreactuar, simplemente hay que vivir el mensaje de Jes\u00fas, hablar sencillamente de \u00e9l, hacer el bien, ser la presencia amorosa de Dios para los dem\u00e1s, como lo fue Jes\u00fas con sus palabras, sus gestos, su mirada atenta a las necesidades de los dem\u00e1s, su coraz\u00f3n abierto a todos.<br>Sum\u00e9monos a esa marea humanizadora de Jes\u00fas de Nazareth, a la que se sumaron tantos hombres y mujeres antes que nosotros, que lograron salvar distancias, romper fronteras, alegrar la vida a quienes no ve\u00edan un horizonte claro y transmitir la fe y la esperanza. <\/p>\n\n\n\n<p class=\"has-text-align-left\"><br><strong>M\u00c1XIMA<br>El Reino de Dios est\u00e1 entre nosotros<\/strong><\/p>\n\n\n\n<p class=\"has-text-align-left has-vivid-red-color has-text-color has-link-color wp-elements-c77955580f88801ef797d7a52927172e\"><br><strong>Palabras de Juan Mar\u00eda<\/strong><\/p>\n\n\n\n<p class=\"has-text-align-left\"><img loading=\"lazy\" decoding=\"async\" width=\"150\" height=\"127\" class=\"wp-image-16112\" style=\"width: 150px;\" src=\"https:\/\/menesianosoy.org\/wp-content\/uploads\/2024\/09\/ppp.png\" alt=\"\" srcset=\"https:\/\/menesianosoy.org\/wp-content\/uploads\/2024\/09\/ppp.png 450w, https:\/\/menesianosoy.org\/wp-content\/uploads\/2024\/09\/ppp-300x254.png 300w\" sizes=\"auto, (max-width: 150px) 85vw, 150px\" \/><br><em>Si vas a Trinidad, como todo parece indicarlo, vete en esp\u00edritu de fe, de humildad y de celo, no teniendo m\u00e1s miras que la gloria de Dios y la salvaci\u00f3n de los ni\u00f1os. Recuerda el s\u00ed, que diste a los pies del altar cuando te preguntaron, antes de pronunciar tus santos compromisos, sobre tus intenciones y tus deseos.&nbsp; (Al H. Gerardo, 1\u00ba de junio de 1841)<\/em><\/p>\n\n\n\n<h4 class=\"wp-block-heading has-text-align-left has-vivid-red-color has-text-color has-link-color wp-elements-94bb8139bc61cdffb17f1f090cfc3d28\"><br><strong>Venga tu Reino &#8211; Coro juvenil Magdalena<\/strong><\/h4>\n\n\n\n<figure class=\"wp-block-embed is-type-video is-provider-youtube wp-block-embed-youtube wp-embed-aspect-4-3 wp-has-aspect-ratio\"><div class=\"wp-block-embed__wrapper\">\n<iframe loading=\"lazy\" title=\"Venga tu Reino\" width=\"1140\" height=\"855\" src=\"https:\/\/www.youtube.com\/embed\/jIVRwsqNpAQ?feature=oembed\" frameborder=\"0\" allow=\"accelerometer; autoplay; clipboard-write; encrypted-media; gyroscope; picture-in-picture; web-share\" referrerpolicy=\"strict-origin-when-cross-origin\" allowfullscreen><\/iframe>\n<\/div><\/figure>\n\n\n\n<p class=\"has-text-align-left\">Somos Pueblo de Dios,<br>Iglesia Peregrina<br>como una gran familia<br>que camina unida<br>venimos a cantar<br>en la fracci\u00f3n del pan<br>que nuestra fuente<br>es el Dios de la Vida.<br><br>Venga a nosotros tu Reino de Amor<br>pon a tu Pueblo de pie<br>Celebraremos contigo, Se\u00f1or.<br>Renueva nuestra esperanza.<br>Celebraremos contigo, Se\u00f1or,<br>una fiesta de Nueva Alianza.<br><br>Somos Cuerpo de Cristo,<br>Iglesia que comparte<br>y que alimenta al mundo<br>tan dolido de hambre.<br>Venimos a cantar<br>en la fracci\u00f3n del pan<br>que nuestro amor<br>es el Dios hecho carne.<br><br>Somos Templo sagrado<br>del Esp\u00edritu Santo.<br>Como un hogar<br>que acoge alegr\u00eda y dolor,<br>venimos a cantar<br>en la fracci\u00f3n del pan,<br>que nuestra fuerza<br>es Dios Consolador.<\/p>\n","protected":false},"excerpt":{"rendered":"<p>Hechos 11, 21b-26; 13, 1-3&nbsp;&nbsp;Salmo 97, 1-6&nbsp;&nbsp; Evangelio: Mateo 10, 7-13 Jes\u00fas dijo a sus disc\u00edpulos: Por el camino proclamen que el Reino de los Cielos est\u00e1 cerca. Curen a los enfermos, resuciten a los muertos, purifiquen a los leprosos, expulsen a los demonios. Ustedes han recibido gratuitamente, den tambi\u00e9n gratuitamente.No lleven encima oro ni &hellip; <a href=\"https:\/\/menesianosoy.org\/index.php\/2025\/06\/08\/san-bernabe-apostol-3\/\" class=\"more-link\">Continue reading<span class=\"screen-reader-text\"> \u00abSan Bernab\u00e9, ap\u00f3stol\u00bb<\/span><\/a><\/p>\n","protected":false},"author":3,"featured_media":0,"comment_status":"closed","ping_status":"closed","sticky":false,"template":"","format":"standard","meta":{"_acf_changed":false,"footnotes":""},"categories":[9],"tags":[],"class_list":["post-23994","post","type-post","status-publish","format-standard","hentry","category-evangelio"],"acf":[],"_links":{"self":[{"href":"https:\/\/menesianosoy.org\/index.php\/wp-json\/wp\/v2\/posts\/23994","targetHints":{"allow":["GET"]}}],"collection":[{"href":"https:\/\/menesianosoy.org\/index.php\/wp-json\/wp\/v2\/posts"}],"about":[{"href":"https:\/\/menesianosoy.org\/index.php\/wp-json\/wp\/v2\/types\/post"}],"author":[{"embeddable":true,"href":"https:\/\/menesianosoy.org\/index.php\/wp-json\/wp\/v2\/users\/3"}],"replies":[{"embeddable":true,"href":"https:\/\/menesianosoy.org\/index.php\/wp-json\/wp\/v2\/comments?post=23994"}],"version-history":[{"count":9,"href":"https:\/\/menesianosoy.org\/index.php\/wp-json\/wp\/v2\/posts\/23994\/revisions"}],"predecessor-version":[{"id":24074,"href":"https:\/\/menesianosoy.org\/index.php\/wp-json\/wp\/v2\/posts\/23994\/revisions\/24074"}],"wp:attachment":[{"href":"https:\/\/menesianosoy.org\/index.php\/wp-json\/wp\/v2\/media?parent=23994"}],"wp:term":[{"taxonomy":"category","embeddable":true,"href":"https:\/\/menesianosoy.org\/index.php\/wp-json\/wp\/v2\/categories?post=23994"},{"taxonomy":"post_tag","embeddable":true,"href":"https:\/\/menesianosoy.org\/index.php\/wp-json\/wp\/v2\/tags?post=23994"}],"curies":[{"name":"wp","href":"https:\/\/api.w.org\/{rel}","templated":true}]}}