{"id":24005,"date":"2025-06-08T11:33:43","date_gmt":"2025-06-08T14:33:43","guid":{"rendered":"https:\/\/menesianosoy.org\/?p=24005"},"modified":"2025-06-11T06:56:55","modified_gmt":"2025-06-11T09:56:55","slug":"san-bernabe","status":"publish","type":"post","link":"https:\/\/menesianosoy.org\/index.php\/2025\/06\/08\/san-bernabe\/","title":{"rendered":"San Bernab\u00e9"},"content":{"rendered":"\n<p class=\"has-text-align-left\"><strong><em>1924 &#8211; Decreto Apost\u00f3lico confirmando la reputaci\u00f3n de santidad de nuestro Venerable Padre.<\/em><\/strong><\/p>\n\n\n\n<h4 class=\"wp-block-heading has-text-align-left has-vivid-red-color has-text-color has-link-color wp-elements-0d3bba1292b8030bef905a45afd13c8e\"><br><strong>Oraci\u00f3n<\/strong><\/h4>\n\n\n\n<p class=\"has-text-align-left\"><strong><em>Se\u00f1or Jes\u00fas, te damos gracias<br>por la sublime vocaci\u00f3n<br>que nos has regalado.<br>Danos tu Esp\u00edritu para que pasemos<br>por el mundo<br>haciendo el bien que T\u00fa mismo hiciste.<br>Que nuestra educaci\u00f3n evangelice hoy a todos,<br>que instruya a los pobres, <\/em><\/strong><br><strong><em>que d\u00e9 vista a los ciegos,<br>que haga caminar a los d\u00e9biles y cansados.<br>Conc\u00e9denos vivir hoy y siempre de tal forma<br>que eduquemos a los que nos son confiados,<br>abramos los ojos a los ni\u00f1os y a los j\u00f3venes,<br>sanemos a los d\u00e9biles,<br>resucitemos a los que viven sepultados lejos de ti.<br>Que tu presencia en nuestra vida fraterna<br>nos haga capaces de realizar prodigios<br>en el orden espiritual para gloria tuya. Am\u00e9n<\/em><\/strong><\/p>\n\n\n\n<h4 class=\"wp-block-heading has-vivid-red-color has-text-color has-link-color wp-elements-7a0ff5ef426345d54ec2ffc3919b8c7e\"><br><strong>Intenciones<\/strong><\/h4>\n\n\n\n<ul class=\"wp-block-list\">\n<li>Por todos los miembros, hermanos y laicos, de la Familia Menesiana.<\/li>\n\n\n\n<li>Para que vivamos nuestra misi\u00f3n en modo familia menesiana.<\/li>\n\n\n\n<li>Por la familia menesiana del Centro Educacional de Culipr\u00e1n y la de Valladolid.<\/li>\n\n\n\n<li>Por los menesianos, sus obras y las vocaciones del distrito San Francisco Javier (Indonesia &#8211; Jap\u00f3n &#8211; Filipinas).<\/li>\n\n\n\n<li>Por la salud de los enfermos de nuestras comundiades.<\/li>\n<\/ul>\n\n\n\n<h4 class=\"wp-block-heading has-text-align-left has-vivid-red-color has-text-color has-link-color wp-elements-6189997b0043a25997ea728a4e704b3d\"><br><strong>Nueva Regla de Vida n\u00ba 81.1<\/strong><\/h4>\n\n\n\n<p class=\"has-text-align-left\">El esfuerzo diario por levantarse puntualmente y orar de verdad, el respeto a los horarios, la capacidad de guardar silencio, el mantenimiento del propio equilibrio humano y espiritual, la sobriedad en el uso de las tecnolog\u00edas de la informaci\u00f3n y la comunicaci\u00f3n, la aceptaci\u00f3n l\u00facida de sus propios l\u00edmites, la resistencia a la tentaci\u00f3n constante de la comodidad y del ego\u00edsmo, la moderaci\u00f3n en el consumo de tabaco y bebidas alcoh\u00f3licas, incluso la abstenci\u00f3n : en una palabra, todo lo que favorece el dominio de s\u00ed mismo permite al Hermano alcanzar progresivamente la liberaci\u00f3n interior que el Se\u00f1or le pide.<\/p>\n\n\n\n<h4 class=\"wp-block-heading has-text-align-left has-vivid-red-color has-text-color has-link-color wp-elements-ac9b51022b7783b7b2e782fc0b4edb27\"><br><strong>A los sacerdotes de Saint-M\u00e9en<\/strong><\/h4>\n\n\n\n<p class=\"has-text-align-left\"><em>\u00bfD\u00f3nde est\u00e1n aquellos que no reservan nada con Dios, que no hacen con \u00c9l una especie de trato en el que negocian al precio m\u00e1s bajo posible?<\/em><\/p>\n\n\n\n<h4 class=\"wp-block-heading has-text-align-left has-vivid-red-color has-text-color has-link-color wp-elements-1cd4b724fdd0ffc35884cb45183847cc\"><br><strong>Difuntos<\/strong><\/h4>\n\n\n\n<p class=\"has-text-align-left\">1974: Charles Bocherel (Clair-Joseph)<br>1975: <strong>Honorio S\u00e1iz (Narciso).<\/strong> Naci\u00f3 en Montejo de Bricia (Burgos) en 1915. Muri\u00f3 en Puerto Pr\u00edncipe. <br>2006: Louis-Joseph Legendre (Lucien-Jean)<br>2011: Joseph Mosset (Pierre-Louis)<br>2014: Raymond \u00c9meraud (Philibert-Marie)<\/p>\n","protected":false},"excerpt":{"rendered":"<p>1924 &#8211; Decreto Apost\u00f3lico confirmando la reputaci\u00f3n de santidad de nuestro Venerable Padre. Oraci\u00f3n Se\u00f1or Jes\u00fas, te damos graciaspor la sublime vocaci\u00f3nque nos has regalado.Danos tu Esp\u00edritu para que pasemospor el mundohaciendo el bien que T\u00fa mismo hiciste.Que nuestra educaci\u00f3n evangelice hoy a todos,que instruya a los pobres, que d\u00e9 vista a los ciegos,que haga &hellip; <a href=\"https:\/\/menesianosoy.org\/index.php\/2025\/06\/08\/san-bernabe\/\" class=\"more-link\">Continue reading<span class=\"screen-reader-text\"> \u00abSan Bernab\u00e9\u00bb<\/span><\/a><\/p>\n","protected":false},"author":3,"featured_media":0,"comment_status":"closed","ping_status":"closed","sticky":false,"template":"","format":"standard","meta":{"_acf_changed":false,"footnotes":""},"categories":[3],"tags":[],"class_list":["post-24005","post","type-post","status-publish","format-standard","hentry","category-calendario"],"acf":[],"_links":{"self":[{"href":"https:\/\/menesianosoy.org\/index.php\/wp-json\/wp\/v2\/posts\/24005","targetHints":{"allow":["GET"]}}],"collection":[{"href":"https:\/\/menesianosoy.org\/index.php\/wp-json\/wp\/v2\/posts"}],"about":[{"href":"https:\/\/menesianosoy.org\/index.php\/wp-json\/wp\/v2\/types\/post"}],"author":[{"embeddable":true,"href":"https:\/\/menesianosoy.org\/index.php\/wp-json\/wp\/v2\/users\/3"}],"replies":[{"embeddable":true,"href":"https:\/\/menesianosoy.org\/index.php\/wp-json\/wp\/v2\/comments?post=24005"}],"version-history":[{"count":6,"href":"https:\/\/menesianosoy.org\/index.php\/wp-json\/wp\/v2\/posts\/24005\/revisions"}],"predecessor-version":[{"id":24075,"href":"https:\/\/menesianosoy.org\/index.php\/wp-json\/wp\/v2\/posts\/24005\/revisions\/24075"}],"wp:attachment":[{"href":"https:\/\/menesianosoy.org\/index.php\/wp-json\/wp\/v2\/media?parent=24005"}],"wp:term":[{"taxonomy":"category","embeddable":true,"href":"https:\/\/menesianosoy.org\/index.php\/wp-json\/wp\/v2\/categories?post=24005"},{"taxonomy":"post_tag","embeddable":true,"href":"https:\/\/menesianosoy.org\/index.php\/wp-json\/wp\/v2\/tags?post=24005"}],"curies":[{"name":"wp","href":"https:\/\/api.w.org\/{rel}","templated":true}]}}