{"id":24089,"date":"2025-06-12T09:44:02","date_gmt":"2025-06-12T12:44:02","guid":{"rendered":"https:\/\/menesianosoy.org\/?p=24089"},"modified":"2025-06-13T19:45:15","modified_gmt":"2025-06-13T22:45:15","slug":"san-metodio","status":"publish","type":"post","link":"https:\/\/menesianosoy.org\/index.php\/2025\/06\/12\/san-metodio\/","title":{"rendered":"San Metodio"},"content":{"rendered":"\n<p class=\"has-text-align-left\"><strong>2\u00aa Corintios 5, 14-21&nbsp;&nbsp;<br>Salmo 102, 1-4.8-9.11-12<\/strong>&nbsp;<\/p>\n\n\n\n<h4 class=\"wp-block-heading has-text-align-left has-vivid-red-color has-text-color has-link-color wp-elements-e4f0f3f7b6e6ca3c09c4b7ded5ab35fa\"><br><strong>Evangelio: Mateo 5, 33-37<\/strong><\/h4>\n\n\n\n<figure class=\"wp-block-audio\"><audio controls src=\"https:\/\/menesianosoy.org\/wp-content\/uploads\/2025\/06\/luvvoice.com-20250613-IBfQLn.mp3\"><\/audio><\/figure>\n\n\n\n<p class=\"has-text-align-left\"><strong><em>Jes\u00fas dijo a sus disc\u00edpulos: Ustedes han o\u00eddo que se dijo a los antepasados: No jurar\u00e1s falsamente, y cumplir\u00e1s los juramentos hechos al Se\u00f1or.<br>Pero yo les digo que no juren de ning\u00fan modo: ni por el cielo, porque es el trono de Dios, ni por la tierra, porque es el estrado de sus pies; ni por Jerusal\u00e9n, porque es la Ciudad del gran Rey. No jures tampoco por tu cabeza, porque no puedes convertir en blanco o negro uno solo de tus cabellos. Cuando ustedes digan \u00abs\u00ed\u00bb, que sea s\u00ed, y cuando digan \u00abno\u00bb, que sea no. Todo lo que se dice de m\u00e1s, viene del Maligno.<\/em><\/strong><\/p>\n\n\n\n<figure class=\"wp-block-image size-full\"><img loading=\"lazy\" decoding=\"async\" width=\"400\" height=\"422\" src=\"https:\/\/menesianosoy.org\/wp-content\/uploads\/2025\/06\/juro.jpeg\" alt=\"\" class=\"wp-image-24094\" srcset=\"https:\/\/menesianosoy.org\/wp-content\/uploads\/2025\/06\/juro.jpeg 400w, https:\/\/menesianosoy.org\/wp-content\/uploads\/2025\/06\/juro-284x300.jpeg 284w\" sizes=\"auto, (max-width: 400px) 85vw, 400px\" \/><\/figure>\n\n\n\n<p class=\"has-text-align-left\">Lo primero y m\u00e1s elemental, que se deduce de estas palabras de Jes\u00fas, es que cada persona, cada ser humano, tendr\u00eda que ser de tal calidad y deber\u00eda tener tal nivel de fiabilidad y credibilidad, que tendr\u00eda que bastar \u201cla palabra dada\u201d, para ser garant\u00eda de que esa palabra es un compromiso que no falla. A esto, sin duda, es a lo que apunta Jes\u00fas cuando proh\u00edbe de manera tan tajante cualquier tipo de juramento. Lo cual quiere decir, en \u00faltima instancia, que quien hace un juramento, sin darse cuenta de lo que hace, en el fondo lo que est\u00e1 diciendo es esto: \u201cLo que te diga o prometa no es de fiar\u201d; por eso traigo aqu\u00ed a Dios, a Cristo crucificado, a la Biblia, a mi madre, a mis hijos \u2026, lo m\u00e1s sagrado del mundo, para que se crean que no los enga\u00f1o\u201d.<br><br>Por esto, sin duda, los antiguos ya desconfiaban de los juramentos. Los estudiosos del Evangelio suelen recordar que fil\u00f3sofos como Plutarco, Quintiliano, Epicteto, mostraron su desacuerdo con la pr\u00e1ctica de invocar a los \u201cdioses\u201d para hacer creer y dar peso a lo que promet\u00edan.<br><br>El problema de fondo, que se oculta en esta prohibici\u00f3n de jurar invocando \u201clo divino\u201d, \u201clo sagrado\u201d, \u201clo que nos merece m\u00e1s respeto\u201d, est\u00e1 en que, al hacer eso, lo que realmente hacemos es pretender obligar a Dios y comprometer a Dios para que act\u00fae como garante de mi palabra. En definitiva, es \u201cutilizar\u201d a Dios y \u201cponer a Dios\u201d a mi servicio. O sea, es como obligar a Dios que act\u00fae como a m\u00ed me conviene, para que sea nada menos que Dios el que supla la credibilidad que yo no tengo o que a m\u00ed me falta.<br><br>Es significativo que los juramentos se utilicen como parte del ritual de la toma de posesi\u00f3n de un cargo. Porque la gente que ocupa cargos importantes suele ser la gente que m\u00e1s miente, la menos fiable, la que m\u00e1s enga\u00f1a. Por eso tienen que echar mano de Dios. \u00bfNo es significativo que los m\u00e1s embusteros suelen ser los que m\u00e1s juran?<br><br>M\u00e1s bien debe ser al rev\u00e9s, una invitaci\u00f3n a ser aut\u00e9nticos, honestos con nuestra palabra dada, poniendo en el centro de nuestro ser, a la persona de Jes\u00fas, a Dios; y que nuestras palabras y actitudes, hablen de \u00c9L por s\u00ed solas.<\/p>\n\n\n\n<h4 class=\"wp-block-heading has-text-align-left has-vivid-red-color has-text-color has-link-color wp-elements-adde6e299eef5c6bf8c69700d4076ec7\"><br><strong>Palabras de Juan Mar\u00eda<\/strong><\/h4>\n\n\n\n<p class=\"has-text-align-left\"><img loading=\"lazy\" decoding=\"async\" width=\"150\" height=\"165\" class=\"wp-image-21587\" style=\"width: 150px;\" src=\"https:\/\/menesianosoy.org\/wp-content\/uploads\/2025\/03\/JMLM.png\" alt=\"\" srcset=\"https:\/\/menesianosoy.org\/wp-content\/uploads\/2025\/03\/JMLM.png 330w, https:\/\/menesianosoy.org\/wp-content\/uploads\/2025\/03\/JMLM-273x300.png 273w\" sizes=\"auto, (max-width: 150px) 85vw, 150px\" \/><br><em>El buen Dios sostendr\u00e1 su obra y esto servir\u00e1 para afirmarla, siempre que ustedes sean fieles a su santa vocaci\u00f3n y que no se salgan jam\u00e1s de las santas v\u00edas de la obediencia. Cuando un \u00e1ngel del cielo busque desviarlos, d\u00edganle anatema, como a un esp\u00edritu de mentira y cierren los o\u00eddos a sus palabras mentirosas. (Carta al H. Herv\u00e9, para todos los hermanos de la Guadalupe, 15-07-1842)<\/em><\/p>\n\n\n\n<h4 class=\"wp-block-heading has-text-align-left has-vivid-red-color has-text-color has-link-color wp-elements-6f9ae7d3c5eb73934e4447f3037253a8\"><br><strong>Latidos &#8211; Fones&nbsp;<\/strong><\/h4>\n\n\n\n<figure class=\"wp-block-embed is-type-video is-provider-youtube wp-block-embed-youtube wp-embed-aspect-16-9 wp-has-aspect-ratio\"><div class=\"wp-block-embed__wrapper\">\n<iframe loading=\"lazy\" title=\"Latidos | Crist\u00f3bal Fones, SJ\" width=\"1140\" height=\"641\" src=\"https:\/\/www.youtube.com\/embed\/Q2CgygqcZp0?feature=oembed\" frameborder=\"0\" allow=\"accelerometer; autoplay; clipboard-write; encrypted-media; gyroscope; picture-in-picture; web-share\" referrerpolicy=\"strict-origin-when-cross-origin\" allowfullscreen><\/iframe>\n<\/div><\/figure>\n\n\n\n<p class=\"has-text-align-left\">T\u00fa que impulsas el latido de mi coraz\u00f3n<br>permaneces en el centro de mi vida.<br>Conectado yo al latido de tu coraz\u00f3n,<br>permanezco en el centro de tu vida,<br>de tu vida&#8230;<br>T\u00fa que impulsas el latido de mi coraz\u00f3n<br>permaneces en el centro de mi vida.<br><br>Cada d\u00eda, cada noche,<br>tu ternura me sostiene.<br>Tu misericordia sana desde adentro;<br>es un r\u00edo que no duerme.<br><br>Vivir desde tu latir,<br>morir desde tu vivir,<br>esta es mi fuente, este mi deseo.<br><br>T\u00fa que impulsas el latido de mi coraz\u00f3n<br>permaneces en el centro de mi vida.<br><br>Habitar en tu amor,<br>respirar m\u00e1s profundo,<br>acoger, aprender,<br>abrazar este mundo.<br><br>Permanecer en tu presencia,<br>encontrarte en toda existencia,<br>esta es mi fuente este mi deseo.<\/p>\n\n\n\n<p class=\"has-text-align-left has-vivid-purple-background-color has-background\"><\/p>\n","protected":false},"excerpt":{"rendered":"<p>2\u00aa Corintios 5, 14-21&nbsp;&nbsp;Salmo 102, 1-4.8-9.11-12&nbsp; Evangelio: Mateo 5, 33-37 Jes\u00fas dijo a sus disc\u00edpulos: Ustedes han o\u00eddo que se dijo a los antepasados: No jurar\u00e1s falsamente, y cumplir\u00e1s los juramentos hechos al Se\u00f1or.Pero yo les digo que no juren de ning\u00fan modo: ni por el cielo, porque es el trono de Dios, ni por &hellip; <a href=\"https:\/\/menesianosoy.org\/index.php\/2025\/06\/12\/san-metodio\/\" class=\"more-link\">Continue reading<span class=\"screen-reader-text\"> \u00abSan Metodio\u00bb<\/span><\/a><\/p>\n","protected":false},"author":3,"featured_media":0,"comment_status":"closed","ping_status":"closed","sticky":false,"template":"","format":"standard","meta":{"_acf_changed":false,"footnotes":""},"categories":[9],"tags":[],"class_list":["post-24089","post","type-post","status-publish","format-standard","hentry","category-evangelio"],"acf":[],"_links":{"self":[{"href":"https:\/\/menesianosoy.org\/index.php\/wp-json\/wp\/v2\/posts\/24089","targetHints":{"allow":["GET"]}}],"collection":[{"href":"https:\/\/menesianosoy.org\/index.php\/wp-json\/wp\/v2\/posts"}],"about":[{"href":"https:\/\/menesianosoy.org\/index.php\/wp-json\/wp\/v2\/types\/post"}],"author":[{"embeddable":true,"href":"https:\/\/menesianosoy.org\/index.php\/wp-json\/wp\/v2\/users\/3"}],"replies":[{"embeddable":true,"href":"https:\/\/menesianosoy.org\/index.php\/wp-json\/wp\/v2\/comments?post=24089"}],"version-history":[{"count":6,"href":"https:\/\/menesianosoy.org\/index.php\/wp-json\/wp\/v2\/posts\/24089\/revisions"}],"predecessor-version":[{"id":24183,"href":"https:\/\/menesianosoy.org\/index.php\/wp-json\/wp\/v2\/posts\/24089\/revisions\/24183"}],"wp:attachment":[{"href":"https:\/\/menesianosoy.org\/index.php\/wp-json\/wp\/v2\/media?parent=24089"}],"wp:term":[{"taxonomy":"category","embeddable":true,"href":"https:\/\/menesianosoy.org\/index.php\/wp-json\/wp\/v2\/categories?post=24089"},{"taxonomy":"post_tag","embeddable":true,"href":"https:\/\/menesianosoy.org\/index.php\/wp-json\/wp\/v2\/tags?post=24089"}],"curies":[{"name":"wp","href":"https:\/\/api.w.org\/{rel}","templated":true}]}}