{"id":24296,"date":"2025-06-15T18:33:48","date_gmt":"2025-06-15T21:33:48","guid":{"rendered":"https:\/\/menesianosoy.org\/?p=24296"},"modified":"2025-06-20T13:09:55","modified_gmt":"2025-06-20T16:09:55","slug":"corpus-christi-3","status":"publish","type":"post","link":"https:\/\/menesianosoy.org\/index.php\/2025\/06\/15\/corpus-christi-3\/","title":{"rendered":"Corpus Christi"},"content":{"rendered":"\n<p class=\"has-text-align-left\"><strong><em>G\u00e9nesis 14, 18-20<br>Salmo 109, 1-4<br>1\u00aa Corintios 11, 23-26<\/em><\/strong><\/p>\n\n\n\n<h4 class=\"wp-block-heading has-text-align-left has-vivid-red-color has-text-color has-link-color wp-elements-3580ed3e421ba87b38f34c6aeb41744d\"><br><strong>EVANGELIO: Lucas 9, 11-17<\/strong><\/h4>\n\n\n\n<figure class=\"wp-block-audio\"><audio controls src=\"https:\/\/menesianosoy.org\/wp-content\/uploads\/2025\/06\/luvvoice.com-20250620-u5CVLV.mp3\"><\/audio><\/figure>\n\n\n\n<p><strong><em>Jes\u00fas recibi\u00f3 a la multitud, les habl\u00f3 del Reino de Dios y devolvi\u00f3 la salud a los que ten\u00edan necesidad de ser curados.<br>Al caer la tarde, se acercaron los Doce y le dijeron: Despide a la multitud, para que vayan a los pueblos y caser\u00edos de los alrededores en busca de albergue y alimento, porque estamos en un lugar desierto.<br>\u00c9l les respondi\u00f3: Denles de comer ustedes mismos.<br>Pero ellos dijeron: No tenemos m\u00e1s que cinco panes y dos pescados, a no ser que vayamos nosotros a comprar alimentos para toda esta gente. Porque eran alrededor de cinco mil hombres.<br>Entonces Jes\u00fas les dijo a sus disc\u00edpulos: H\u00e1ganlos sentar en grupos de cincuenta.<br>Y ellos hicieron sentar a todos.<br>Jes\u00fas tom\u00f3 los cinco panes y los dos pescados y, levantando los ojos al cielo, pronunci\u00f3 sobre ellos la bendici\u00f3n, los parti\u00f3 y los fue entregando a sus disc\u00edpulos para que se los sirviera a la multitud.<br>Todos comieron hasta saciarse y con lo que sobr\u00f3 se llenaron doce canastas.<\/em><\/strong><\/p>\n\n\n\n<figure class=\"wp-block-image size-full is-resized\"><img loading=\"lazy\" decoding=\"async\" width=\"686\" height=\"386\" src=\"https:\/\/menesianosoy.org\/wp-content\/uploads\/2025\/06\/hq720.jpg\" alt=\"\" class=\"wp-image-24303\" style=\"width:457px;height:auto\" srcset=\"https:\/\/menesianosoy.org\/wp-content\/uploads\/2025\/06\/hq720.jpg 686w, https:\/\/menesianosoy.org\/wp-content\/uploads\/2025\/06\/hq720-300x169.jpg 300w\" sizes=\"auto, (max-width: 709px) 85vw, (max-width: 909px) 67vw, (max-width: 984px) 61vw, (max-width: 1362px) 45vw, 600px\" \/><\/figure>\n\n\n\n<p class=\"has-text-align-left\"><br><strong>PALABRA Y REALIDAD<\/strong><\/p>\n\n\n\n<p class=\"has-text-align-left\">En la fiesta de Corpus Christi se nos propone el texto que mal llamamos \u2018la multiplicaci\u00f3n\u2019 de los panes. El texto habla de divisi\u00f3n de panes y peces a favor de una multitud que lo necesita. Se nos propone este texto para que recemos con la necesidad del pan material y del pan del sentido de muchos hermanos y hermanas y nos movamos a poner nuestros panes y peces a disposici\u00f3n del Se\u00f1or.<br><br>Los disc\u00edpulos regresan de la misi\u00f3n, a la que han sido enviados (9,1-6). Jes\u00fas los invita a retirarse a un lugar solitario, cerca de Betsaida, al norte del lago de Galilea. La gente sabe\/intuye d\u00f3nde se reunir\u00e1 Jes\u00fas con los suyos y lo sigue. Jes\u00fas los recibe, les habla del Reino y los sana de sus enfermedades. Estas tres acciones que hace Jes\u00fas hablan de acogida, contenci\u00f3n y dedicaci\u00f3n. Jes\u00fas es capaz de dejar de lado su proyecto por atender a la gente. Les habla y los sana. No s\u00f3lo les habla, ni s\u00f3lo los sana. <br>Palabra y gesto, anuncio y curaci\u00f3n, van de la mano, se reclaman mutuamente para no caer en extremos infecundos. La sola palabra se puede trasformar en ideolog\u00eda y la sola sanaci\u00f3n en humanismo intrascendente.<br><br>El d\u00eda comienza a decaer y se acerca el ocaso. Los disc\u00edpulos est\u00e1n preocupados y piden a Jes\u00fas que despida a la gente. Dicen que en el desierto no es posible encontrar comida para tantos. Para ellos la \u00fanica soluci\u00f3n es que la gente vaya a las aldeas vecinas a comprar pan. No consiguen imaginar otra posible soluci\u00f3n. Entre l\u00edneas, respecto de esta descripci\u00f3n de la situaci\u00f3n de la gente, aparece algo importante: la atracci\u00f3n que la gente siente por Jes\u00fas es tan fuerte que son capaces de olvidarse, incluso de lo b\u00e1sico, comer.<br><br>Jes\u00fas, ante el planteo de los disc\u00edpulos de deshacerse de la gente, los provoca dici\u00e9ndoles: \u2018Denles ustedes de comer\u2019. Los disc\u00edpulos se sorprenden, porque s\u00f3lo tienen cinco panes y dos peces. La l\u00f3gica econ\u00f3mica les hace pensar en la compra como \u00fanica soluci\u00f3n, poco viable porque se encontraban en un lugar desierto. Ellos no imaginan otra posibilidad de resolver el problema. No pasa por sus mentes que la soluci\u00f3n podr\u00eda venir de Jes\u00fas con el aporte de ellos.<br><br>Hab\u00eda mucha gente en torno a Jes\u00fas. Este pide a los disc\u00edpulos que organicen a la gente en grupos de cincuenta. El hecho recuerda a Mois\u00e9s, quien da de comer a la gente hambrienta en el desierto, despu\u00e9s de la salida de Egipto (cf. Num 1-4); tambi\u00e9n evoca a Eliseo quien hace desaparecer el hambre de la muchedumbre con unos pocos panes e incluso sobra (2 Re 4,42-44) y a El\u00edas y la viuda de Sarepta.<br>El texto sugiere pues, que Jes\u00fas es el nuevo Mois\u00e9s, el nuevo profeta que debe venir al mundo (cf. Jn 6, 14-15).<br><br>Despu\u00e9s que el pueblo se sienta en grupos, Jes\u00fas toma los panes y los peces en sus manos y eleva los ojos al cielo y los bendice. En este triple gesto Jes\u00fas est\u00e1 sacando estos bienes de la \u00f3rbita de la posesi\u00f3n y los coloca en la \u00f3rbita de la donaci\u00f3n, de la comuni\u00f3n, del compartir. Luego los parte y los entrega a los disc\u00edpulos para que los sirvan. No los multiplica, los parte y los reparten.<br><br>Ahora bien, \u00bfpor qu\u00e9 raz\u00f3n nos encanta decir que Jes\u00fas los multiplica, si la acci\u00f3n fue partirlos? \u00bfNo ser\u00e1 que esto de multiplicar nos compromete menos y por eso nos encanta? Cuando repartimos lo que tenemos, los bienes parecen multiplicarse, y l\u00f3gicamente alcanzan y sobran. El gran milagro que acontece aqu\u00ed es el compartir, el arriesgar nuestras seguridades (panes y peces) para ponerlas en manos de Jes\u00fas. Lo nuestro siempre es poco, pero en las manos de Jes\u00fas cobra proporciones insoslayables.<br><br>El gesto a todos nos habla de la Eucarist\u00eda. No hay Eucarist\u00eda real, verdadera, si cuando la vida nos pide compartir los panes no lo hacemos. Quien comparte los panes y lo hace en nombre de Dios atendiendo a la necesidad del hermano est\u00e1 haci\u00e9ndose Eucarist\u00eda. Cada vez que nos dejamos comer los mejores tiempos, los mejores momentos, los mejores a\u00f1os de la vida, por quienes necesitan nos estamos haciendo Eucarist\u00eda. Cada vez que celebramos la Eucarist\u00eda nos recordamos que los bienes son para todos, que son suficientes y que est\u00e1n para ser compartidos porque no nos pertenecen. Cada vez que vivimos as\u00ed estamos dando a Dios un culto agradable.<\/p>\n\n\n\n<h4 class=\"wp-block-heading has-text-align-left has-vivid-red-color has-text-color has-link-color wp-elements-5af24976db34ac68a33e43ae400727f2\"><br><strong>LECTURA de los LAZOS<\/strong><\/h4>\n\n\n\n<p class=\"has-text-align-left\"><strong>Jes\u00fas y los disc\u00edpulos: <\/strong><br>Los invita a compartir un momento de intimidad para evaluar la experiencia misionera y corregir algunas cosas. Jes\u00fas nunca pierde la paciencia con sus disc\u00edpulos, siempre apuesta a integrarlos, aunque ellos se queden fuera, busca implicarlos cuando ellos se \u2018dignan\u2019 acercarse y \u2018pedirle\u2019 que despida a la gente. Cada situaci\u00f3n de vida es una ocasi\u00f3n m\u00e1s para seguir ense\u00f1ando a los suyos.<br><br><strong>Jes\u00fas y la gente: <\/strong><br>los recibe, pospone sus intereses para acogerlos, se dedica a ense\u00f1arles y sanarlos. No s\u00f3lo se preocupa por el pan del sentido, sino por el pan del cuerpo. Los invita a hacer experiencia comunitaria, sent\u00e1ndose todos al mismo nivel y a compartir el mismo pan. La gente siente por Jes\u00fas una atracci\u00f3n especial, lo siguen incluso al desierto; las horas se les pasan volando junto a \u00e9l, no ocurre as\u00ed en la sinagoga.<\/p>\n\n\n\n<h4 class=\"wp-block-heading has-text-align-left has-vivid-red-color has-text-color has-link-color wp-elements-adde6e299eef5c6bf8c69700d4076ec7\"><br><strong>Palabras de Juan Mar\u00eda<\/strong><\/h4>\n\n\n\n<p class=\"has-text-align-left\"><img loading=\"lazy\" decoding=\"async\" width=\"150\" height=\"165\" class=\"wp-image-21587\" style=\"width: 150px;\" src=\"https:\/\/menesianosoy.org\/wp-content\/uploads\/2025\/03\/JMLM.png\" alt=\"\" srcset=\"https:\/\/menesianosoy.org\/wp-content\/uploads\/2025\/03\/JMLM.png 330w, https:\/\/menesianosoy.org\/wp-content\/uploads\/2025\/03\/JMLM-273x300.png 273w\" sizes=\"auto, (max-width: 150px) 85vw, 150px\" \/><br><em>Pero si de los grandes bienes que Dios nos llamaba a hacer a la religi\u00f3n por la santa misi\u00f3n que ella ha recibido; si al oriente y al occidente tantos pueblos elevan su voz y nos dicen: dense prisa por anunciarnos la buena noticia de la salvaci\u00f3n, porque tenemos hambre, tenemos sed, seremos d\u00f3ciles a sus ense\u00f1anzas, no trabajar\u00e1n en vano; y si tenemos el dolor de no poder distribuir el pan de la instrucci\u00f3n a tantos desgraciados que se sienten privados y que nos lo piden, \u00bfde qui\u00e9n es la culpa? \u00bfQui\u00e9n dar\u00e1 cuenta de esta gran responsabilidad delante de Dios? \u00bfNo ser\u00e1n aquellos que Dios hab\u00eda escogido, marcado, nombrado, para extender su reino, para ser los instrumentos de su misericordia y que, me atrevo a decir, han tirado por la borda esta vocaci\u00f3n divina, como una cosa de poco precio y de la que no tienen que dar cuenta ninguna? (Antolog\u00eda p.310-311).<\/em><\/p>\n\n\n\n<h4 class=\"wp-block-heading has-text-align-left has-vivid-red-color has-text-color has-link-color wp-elements-744027af31f899e6118a65eee6bdb845\"><br><strong>Aqu\u00ed hay un muchacho &#8211; J\u00e9sed<\/strong><\/h4>\n\n\n\n<figure class=\"wp-block-embed is-type-video is-provider-youtube wp-block-embed-youtube wp-embed-aspect-4-3 wp-has-aspect-ratio\"><div class=\"wp-block-embed__wrapper\">\n<iframe loading=\"lazy\" title=\"Aqu\u00ed Hay un Muchacho\" width=\"1140\" height=\"855\" src=\"https:\/\/www.youtube.com\/embed\/vjHGJoML1gk?feature=oembed\" frameborder=\"0\" allow=\"accelerometer; autoplay; clipboard-write; encrypted-media; gyroscope; picture-in-picture; web-share\" referrerpolicy=\"strict-origin-when-cross-origin\" allowfullscreen><\/iframe>\n<\/div><\/figure>\n\n\n\n<p class=\"has-text-align-left\">Aqu\u00ed hay un muchacho<br>que solamente tiene<br>cinco panes y dos peces.<br>Mas, \u00bfqu\u00e9 es eso para tanta gente?<br><br>Aqu\u00ed hay un muchacho<br>que solamente tiene<br>un coraz\u00f3n dispuesto a dar<br>Mas, \u00bfqu\u00e9 es eso para tanta gente?<br><br>Aqu\u00ed esta este coraz\u00f3n<br>que quiere serte fiel.<br>Mas, \u00bfqu\u00e9 es eso si no te tiene a ti?<br>\u00bfSi no te tiene a ti?<br><br>Toma este coraz\u00f3n.<br>Toma cuanto tengo y cuanto soy.<br>Toma mi pasado, mi presente y mi futuro.<br>\u00a1Todo cuanto tengo t\u00f3malo!<br><br>Mi coraz\u00f3n tomaste,<br>mis panes bendijiste;<br>a la gente repartiste,<br>y a todos alcanz\u00f3.<br>Mi vida est\u00e1 en tus manos<br>y quieres repartirla<br>como hiciste con mis panes<br>aquel d\u00eda, \u00a1Oh Se\u00f1or!<br><br>Aqu\u00ed est\u00e1n mis palabras,<br>aqu\u00ed est\u00e1n mis acciones,<br>aqu\u00ed est\u00e1n mis ilusiones<br>Mas, \u00bfqu\u00e9 es eso sin tu amor, Se\u00f1or?<br><br>Aqu\u00ed esta este coraz\u00f3n<br>que quiere serte fiel<br>Mas, \u00bfqu\u00e9 es eso si no te tiene a ti?<br>\u00bfSi no te tiene a ti?<br><br>Aqu\u00ed est\u00e1 este coraz\u00f3n,<br>con mis panes y mis peces.<br>Toma todo y rep\u00e1rtelo, Se\u00f1or.<br><br>Aqu\u00ed hay un muchacho\u2026<\/p>\n\n\n\n<p class=\"has-vivid-purple-background-color has-background\"><\/p>\n\n\n\n<p class=\"has-text-align-left\"><br><br><\/p>\n","protected":false},"excerpt":{"rendered":"<p>G\u00e9nesis 14, 18-20Salmo 109, 1-41\u00aa Corintios 11, 23-26 EVANGELIO: Lucas 9, 11-17 Jes\u00fas recibi\u00f3 a la multitud, les habl\u00f3 del Reino de Dios y devolvi\u00f3 la salud a los que ten\u00edan necesidad de ser curados.Al caer la tarde, se acercaron los Doce y le dijeron: Despide a la multitud, para que vayan a los pueblos &hellip; <a href=\"https:\/\/menesianosoy.org\/index.php\/2025\/06\/15\/corpus-christi-3\/\" class=\"more-link\">Continue reading<span class=\"screen-reader-text\"> \u00abCorpus Christi\u00bb<\/span><\/a><\/p>\n","protected":false},"author":3,"featured_media":0,"comment_status":"closed","ping_status":"closed","sticky":false,"template":"","format":"standard","meta":{"_acf_changed":false,"footnotes":""},"categories":[9],"tags":[],"class_list":["post-24296","post","type-post","status-publish","format-standard","hentry","category-evangelio"],"acf":[],"_links":{"self":[{"href":"https:\/\/menesianosoy.org\/index.php\/wp-json\/wp\/v2\/posts\/24296","targetHints":{"allow":["GET"]}}],"collection":[{"href":"https:\/\/menesianosoy.org\/index.php\/wp-json\/wp\/v2\/posts"}],"about":[{"href":"https:\/\/menesianosoy.org\/index.php\/wp-json\/wp\/v2\/types\/post"}],"author":[{"embeddable":true,"href":"https:\/\/menesianosoy.org\/index.php\/wp-json\/wp\/v2\/users\/3"}],"replies":[{"embeddable":true,"href":"https:\/\/menesianosoy.org\/index.php\/wp-json\/wp\/v2\/comments?post=24296"}],"version-history":[{"count":8,"href":"https:\/\/menesianosoy.org\/index.php\/wp-json\/wp\/v2\/posts\/24296\/revisions"}],"predecessor-version":[{"id":24414,"href":"https:\/\/menesianosoy.org\/index.php\/wp-json\/wp\/v2\/posts\/24296\/revisions\/24414"}],"wp:attachment":[{"href":"https:\/\/menesianosoy.org\/index.php\/wp-json\/wp\/v2\/media?parent=24296"}],"wp:term":[{"taxonomy":"category","embeddable":true,"href":"https:\/\/menesianosoy.org\/index.php\/wp-json\/wp\/v2\/categories?post=24296"},{"taxonomy":"post_tag","embeddable":true,"href":"https:\/\/menesianosoy.org\/index.php\/wp-json\/wp\/v2\/tags?post=24296"}],"curies":[{"name":"wp","href":"https:\/\/api.w.org\/{rel}","templated":true}]}}