{"id":24309,"date":"2025-06-15T18:49:15","date_gmt":"2025-06-15T21:49:15","guid":{"rendered":"https:\/\/menesianosoy.org\/?p=24309"},"modified":"2025-06-20T07:47:28","modified_gmt":"2025-06-20T10:47:28","slug":"corpus-christi-4","status":"publish","type":"post","link":"https:\/\/menesianosoy.org\/index.php\/2025\/06\/15\/corpus-christi-4\/","title":{"rendered":"Corpus Christi"},"content":{"rendered":"\n<h4 class=\"wp-block-heading has-vivid-red-color has-text-color has-link-color wp-elements-147a8078453413efde2d011af260ed58\"><br><strong>Oraci\u00f3n<\/strong><\/h4>\n\n\n\n<p class=\"has-text-align-left\"><strong><em>Divino Coraz\u00f3n de Jes\u00fas,<br>por medio del Coraz\u00f3n Inmaculado de Mar\u00eda,<br>yo me consagro a ti<br>y contigo me ofrezco a Dios Padre<br>en tu Santo Sacrificio del altar,<br>con todos mis trabajos, oraciones,<br>sufrimientos y alegr\u00edas de hoy;<br>en reparaci\u00f3n por nuestros pecados,<br>para que venga a nosotros tu Reino;<br>y especialmente por las intenciones<br>confiadas este mes por el Papa<br>al Apostolado de la oraci\u00f3n.<\/em><\/strong><\/p>\n\n\n\n<h4 class=\"wp-block-heading has-text-align-left has-vivid-red-color has-text-color has-link-color wp-elements-e933a8bdba62f7732058c59ffbf35ad3\"><br><strong>Intenciones<\/strong> &nbsp; <\/h4>\n\n\n\n<ul class=\"wp-block-list\">\n<li>Por la reuni\u00f3n de los animadores de Escuela Menesiana I en Luj\u00e1n de Cuyo.<\/li>\n\n\n\n<li>Por la familia menesiana de San Borja y la comunidad Gabriel Deshayes, Abidjan (Costa de Marfil).<\/li>\n\n\n\n<li>Por el cumplea\u00f1os del H. Paulino Gonz\u00e1lez de la comunidad de Madrid.<\/li>\n\n\n\n<li>Por los enfermos y discapacitados de nuestras comunidades.<\/li>\n\n\n\n<li>Por la paz en el mundo.<\/li>\n\n\n\n<li>Por los menesianos, las obras y las vocaciones del distrito San Francisco Javier (Indonesia &#8211; Jap\u00f3n &#8211; Filipinas).<\/li>\n<\/ul>\n\n\n\n<h4 class=\"wp-block-heading has-text-align-left has-vivid-red-color has-text-color has-link-color wp-elements-4b3eec5a88d811c4e3d40879e05ef741\"><br><strong>Nueva Regla de Vida n\u00ba 86.1<\/strong><\/h4>\n\n\n\n<p class=\"has-text-align-left\">Los Hermanos Superiores Mayores cuidan mucho la organizaci\u00f3n material y espiritual de los retiros de su Provincia o Distrito. Ponen especial cuidado en ofrecerlos en momentos que favorezcan la participaci\u00f3n de todos y en un ambiente propicio al recogimiento y a la oraci\u00f3n.<\/p>\n\n\n\n<h4 class=\"wp-block-heading has-text-align-left has-vivid-red-color has-text-color has-link-color wp-elements-8f3133b9cf9e8f797a6b14d57edd17ef\"><br><strong>Directorio de 1825<\/strong><\/h4>\n\n\n\n<p class=\"has-text-align-left\"><em>Durante la acci\u00f3n de gracias despu\u00e9s de la comuni\u00f3n, escuchar\u00e1n en silencio la voz de Jesucristo verdaderamente presente en ustedes; le explicar\u00e1n sus necesidades y le pedir\u00e1n las virtudes que te faltan.<\/em><\/p>\n\n\n\n<h4 class=\"wp-block-heading has-text-align-left has-vivid-red-color has-text-color has-link-color wp-elements-1cd4b724fdd0ffc35884cb45183847cc\"><br><strong>Difuntos<\/strong><\/h4>\n\n\n\n<p class=\"has-text-align-left\">1968: Alphonse Delisle (Joseph- Hermann)<br>1987: Albert Gentric (Gr\u00e9goire-Joseph)<\/p>\n","protected":false},"excerpt":{"rendered":"<p>Oraci\u00f3n Divino Coraz\u00f3n de Jes\u00fas,por medio del Coraz\u00f3n Inmaculado de Mar\u00eda,yo me consagro a tiy contigo me ofrezco a Dios Padreen tu Santo Sacrificio del altar,con todos mis trabajos, oraciones,sufrimientos y alegr\u00edas de hoy;en reparaci\u00f3n por nuestros pecados,para que venga a nosotros tu Reino;y especialmente por las intencionesconfiadas este mes por el Papaal Apostolado de &hellip; <a href=\"https:\/\/menesianosoy.org\/index.php\/2025\/06\/15\/corpus-christi-4\/\" class=\"more-link\">Continue reading<span class=\"screen-reader-text\"> \u00abCorpus Christi\u00bb<\/span><\/a><\/p>\n","protected":false},"author":3,"featured_media":0,"comment_status":"closed","ping_status":"closed","sticky":false,"template":"","format":"standard","meta":{"_acf_changed":false,"footnotes":""},"categories":[3],"tags":[],"class_list":["post-24309","post","type-post","status-publish","format-standard","hentry","category-calendario"],"acf":[],"_links":{"self":[{"href":"https:\/\/menesianosoy.org\/index.php\/wp-json\/wp\/v2\/posts\/24309","targetHints":{"allow":["GET"]}}],"collection":[{"href":"https:\/\/menesianosoy.org\/index.php\/wp-json\/wp\/v2\/posts"}],"about":[{"href":"https:\/\/menesianosoy.org\/index.php\/wp-json\/wp\/v2\/types\/post"}],"author":[{"embeddable":true,"href":"https:\/\/menesianosoy.org\/index.php\/wp-json\/wp\/v2\/users\/3"}],"replies":[{"embeddable":true,"href":"https:\/\/menesianosoy.org\/index.php\/wp-json\/wp\/v2\/comments?post=24309"}],"version-history":[{"count":4,"href":"https:\/\/menesianosoy.org\/index.php\/wp-json\/wp\/v2\/posts\/24309\/revisions"}],"predecessor-version":[{"id":24389,"href":"https:\/\/menesianosoy.org\/index.php\/wp-json\/wp\/v2\/posts\/24309\/revisions\/24389"}],"wp:attachment":[{"href":"https:\/\/menesianosoy.org\/index.php\/wp-json\/wp\/v2\/media?parent=24309"}],"wp:term":[{"taxonomy":"category","embeddable":true,"href":"https:\/\/menesianosoy.org\/index.php\/wp-json\/wp\/v2\/categories?post=24309"},{"taxonomy":"post_tag","embeddable":true,"href":"https:\/\/menesianosoy.org\/index.php\/wp-json\/wp\/v2\/tags?post=24309"}],"curies":[{"name":"wp","href":"https:\/\/api.w.org\/{rel}","templated":true}]}}