{"id":24400,"date":"2025-06-20T12:49:37","date_gmt":"2025-06-20T15:49:37","guid":{"rendered":"https:\/\/menesianosoy.org\/?p=24400"},"modified":"2025-06-23T21:34:30","modified_gmt":"2025-06-24T00:34:30","slug":"nacimiento-de-san-juan-bautista-2","status":"publish","type":"post","link":"https:\/\/menesianosoy.org\/index.php\/2025\/06\/20\/nacimiento-de-san-juan-bautista-2\/","title":{"rendered":"Nacimiento de san Juan Bautista"},"content":{"rendered":"\n<h4 class=\"wp-block-heading has-text-align-left has-vivid-red-color has-text-color has-link-color wp-elements-0d3bba1292b8030bef905a45afd13c8e\"><br><strong>Oraci\u00f3n<\/strong><\/h4>\n\n\n\n<p class=\"has-text-align-left\"><strong><em>Se\u00f1or, haz que escuche<br>los llamados que vienen de los hombres.<br>Se\u00f1or, haz que escuche<br>los gritos de los ni\u00f1os y j\u00f3venes&nbsp;<br>que vienen de la vida y de la historia&nbsp;<br>que van tejiendo a nuestro lado.<br>Se\u00f1or, haz que vea&nbsp;todo con ojos nuevos,&nbsp;<br>con coraz\u00f3n de entra\u00f1able misericordia.<br>Se\u00f1or haz que vea&nbsp;<br>y que avive mi pasi\u00f3n por los ni\u00f1os,&nbsp;<br>por los j\u00f3venes y por todos&nbsp;<br>los que est\u00e1n sedientos&nbsp;<br>de presencia y cercan\u00eda.<br>Se\u00f1or haz que vea&nbsp;<br>y que como Juan Mar\u00eda&nbsp;<br>tenga los ojos bien abiertos&nbsp;<br>para ir a la frontera, al extremo,&nbsp;<br>donde nadie alcanza,&nbsp;<br>porque desde all\u00ed llegan&nbsp;<br>las voces m\u00e1s apremiantes&nbsp;<br>de los hombres que nos convocan&nbsp;<br>y provocan.<\/em><\/strong><\/p>\n\n\n\n<h4 class=\"wp-block-heading has-text-align-left has-vivid-red-color has-text-color has-link-color wp-elements-e933a8bdba62f7732058c59ffbf35ad3\"><br><strong>Intenciones<\/strong> &nbsp; <\/h4>\n\n\n\n<ul class=\"wp-block-list\">\n<li>Por los Hermanos y laicos menesianos de la Provincia de San Juan Bautista.<\/li>\n\n\n\n<li>Por las vocaciones menesianas de hermanos y laicos en nuestra Congregaci\u00f3n.<\/li>\n\n\n\n<li>Por la comunidad menesiana de Quinta Normal y la de Larantuka (Indonesia).<\/li>\n\n\n\n<li>Por los enfermos y discapacitados de nuestras comunidades.<\/li>\n\n\n\n<li>Por la paz en el mundo.<\/li>\n<\/ul>\n\n\n\n<h4 class=\"wp-block-heading has-text-align-left has-vivid-red-color has-text-color has-link-color wp-elements-f405d83137d1c323ddfb6040fb0b06a6\"><br><strong>Nueva Regla de Vida n\u00ba 88<\/strong><\/h4>\n\n\n\n<p class=\"has-text-align-left\">La actividad misionera de la Iglesia tiene su origen y su dinamismo en el seno de la Trinidad. Est\u00e1 vinculada a la misi\u00f3n del Hijo y a la del Esp\u00edritu Santo. Pretende realizar en el tiempo el designio de amor del Padre: que todos los hombres sean para \u00c9l sus hijos adoptivos por medio de Jesucristo.<\/p>\n\n\n\n<h4 class=\"wp-block-heading has-text-align-left has-vivid-red-color has-text-color has-link-color wp-elements-c998f5508ae6c6633847cd7f9611d1a8\"><br><strong>\u00c0 Brut\u00e9 de R\u00e9mur, le 22 junio 1809<\/strong><\/h4>\n\n\n\n<p class=\"has-text-align-left\"><em>Fiesta de San Juan Bautista, fiesta de tu hermano Juan.&nbsp; \u00a1Pide a Dios que cree en m\u00ed un coraz\u00f3n puro,&nbsp; un coraz\u00f3n que lo ame! P\u00eddele que me d\u00e9 la gracia de ser todo de \u00e9l, solo de \u00e9l&nbsp; y por siempre.<\/em><\/p>\n\n\n\n<h4 class=\"wp-block-heading has-text-align-left has-vivid-red-color has-text-color has-link-color wp-elements-1cd4b724fdd0ffc35884cb45183847cc\"><br><strong>Difuntos<\/strong><\/h4>\n\n\n\n<p class=\"has-text-align-left\">2004: Artur Sylvestre (Marcel-Emile)<br>2012: Corentin Coton\u00e9a (Yves-Laurent)<br>2018: F Philippe Ozawa.<\/p>\n","protected":false},"excerpt":{"rendered":"<p>Oraci\u00f3n Se\u00f1or, haz que escuchelos llamados que vienen de los hombres.Se\u00f1or, haz que escuchelos gritos de los ni\u00f1os y j\u00f3venes&nbsp;que vienen de la vida y de la historia&nbsp;que van tejiendo a nuestro lado.Se\u00f1or, haz que vea&nbsp;todo con ojos nuevos,&nbsp;con coraz\u00f3n de entra\u00f1able misericordia.Se\u00f1or haz que vea&nbsp;y que avive mi pasi\u00f3n por los ni\u00f1os,&nbsp;por los j\u00f3venes &hellip; <a href=\"https:\/\/menesianosoy.org\/index.php\/2025\/06\/20\/nacimiento-de-san-juan-bautista-2\/\" class=\"more-link\">Continue reading<span class=\"screen-reader-text\"> \u00abNacimiento de san Juan Bautista\u00bb<\/span><\/a><\/p>\n","protected":false},"author":3,"featured_media":0,"comment_status":"closed","ping_status":"closed","sticky":false,"template":"","format":"standard","meta":{"_acf_changed":false,"footnotes":""},"categories":[3],"tags":[],"class_list":["post-24400","post","type-post","status-publish","format-standard","hentry","category-calendario"],"acf":[],"_links":{"self":[{"href":"https:\/\/menesianosoy.org\/index.php\/wp-json\/wp\/v2\/posts\/24400","targetHints":{"allow":["GET"]}}],"collection":[{"href":"https:\/\/menesianosoy.org\/index.php\/wp-json\/wp\/v2\/posts"}],"about":[{"href":"https:\/\/menesianosoy.org\/index.php\/wp-json\/wp\/v2\/types\/post"}],"author":[{"embeddable":true,"href":"https:\/\/menesianosoy.org\/index.php\/wp-json\/wp\/v2\/users\/3"}],"replies":[{"embeddable":true,"href":"https:\/\/menesianosoy.org\/index.php\/wp-json\/wp\/v2\/comments?post=24400"}],"version-history":[{"count":5,"href":"https:\/\/menesianosoy.org\/index.php\/wp-json\/wp\/v2\/posts\/24400\/revisions"}],"predecessor-version":[{"id":24486,"href":"https:\/\/menesianosoy.org\/index.php\/wp-json\/wp\/v2\/posts\/24400\/revisions\/24486"}],"wp:attachment":[{"href":"https:\/\/menesianosoy.org\/index.php\/wp-json\/wp\/v2\/media?parent=24400"}],"wp:term":[{"taxonomy":"category","embeddable":true,"href":"https:\/\/menesianosoy.org\/index.php\/wp-json\/wp\/v2\/categories?post=24400"},{"taxonomy":"post_tag","embeddable":true,"href":"https:\/\/menesianosoy.org\/index.php\/wp-json\/wp\/v2\/tags?post=24400"}],"curies":[{"name":"wp","href":"https:\/\/api.w.org\/{rel}","templated":true}]}}