{"id":24499,"date":"2025-06-25T17:08:40","date_gmt":"2025-06-25T20:08:40","guid":{"rendered":"https:\/\/menesianosoy.org\/?p=24499"},"modified":"2025-06-27T06:17:31","modified_gmt":"2025-06-27T09:17:31","slug":"sagrado-corazon-de-jesus-4","status":"publish","type":"post","link":"https:\/\/menesianosoy.org\/index.php\/2025\/06\/25\/sagrado-corazon-de-jesus-4\/","title":{"rendered":"Sagrado Coraz\u00f3n de Jes\u00fas"},"content":{"rendered":"\n<h5 class=\"wp-block-heading has-text-align-left has-vivid-purple-color has-text-color has-link-color wp-elements-442252c7f3a0db9110df66f220ed0d02\"><img loading=\"lazy\" decoding=\"async\" width=\"100\" height=\"123\" class=\"wp-image-24508\" style=\"width: 100px;\" src=\"https:\/\/menesianosoy.org\/wp-content\/uploads\/2025\/06\/images-1.jpeg\" alt=\"\"><br><strong>Fiesta de Nuestra Se\u00f1ora del Perpetuo Socorro, patrona de Hait\u00ed.<\/strong><\/h5>\n\n\n\n<h4 class=\"wp-block-heading has-text-align-left has-vivid-red-color has-text-color has-link-color wp-elements-0d3bba1292b8030bef905a45afd13c8e\"><br><strong>Oraci\u00f3n<\/strong><\/h4>\n\n\n\n<p class=\"has-text-align-left\"><strong><em>Divino Coraz\u00f3n de Jes\u00fas,<br>por medio del Coraz\u00f3n Inmaculado de Mar\u00eda,<br>yo me consagro a ti<br>y contigo me ofrezco a Dios Padre<br>en tu Santo Sacrificio del altar,<br>con todos mis trabajos, oraciones,<br>sufrimientos y alegr\u00edas de hoy;<br>en reparaci\u00f3n por nuestros pecados,<br>para que venga a nosotros tu Reino;<br>y especialmente por las intenciones<br>confiadas este mes por el Papa<br>al Apostolado de la oraci\u00f3n.<\/em><\/strong><\/p>\n\n\n\n<h4 class=\"wp-block-heading has-text-align-left has-vivid-red-color has-text-color has-link-color wp-elements-7deb30c5a46c2fe0af76f92c82f8d39a\"><br><strong>Intenciones<\/strong><\/h4>\n\n\n\n<ul class=\"wp-block-list\">\n<li>Por la familia menesiana del colegio Sagrado Coraz\u00f3n de Llay-Llay.<\/li>\n\n\n\n<li>Por los hermanos, las obras y las vocaciones de la provincia San Luis Gonzaga de Hait\u00ed.<\/li>\n\n\n\n<li>Por todas las instituciones que llevan el nombre del Sagrado Coraz\u00f3n.<\/li>\n\n\n\n<li>Por los sacerdotes de nuestras parroquias y nuestros capellanes.<\/li>\n\n\n\n<li>Por la salud de nuestros hermanos enfermos.<\/li>\n\n\n\n<li>Por las misiones en la Iglesia.<\/li>\n<\/ul>\n\n\n\n<h4 class=\"wp-block-heading has-text-align-left has-vivid-red-color has-text-color has-link-color wp-elements-0dc2524e3f98f59039d849186df734c5\"><br><strong>Nueva Regla de Vida n\u00ba 89c<\/strong><\/h4>\n\n\n\n<p class=\"has-text-align-left\">Recordando que todo apostolado obtiene su fecundidad s\u00f3lo de Dios, los Hermanos se comprometen en \u00e9l con generosidad y utilizan los medios humanos apropiados: \u00abTrabaja como si todo dependiera de ti. Y, sin embargo, espera el \u00e9xito s\u00f3lo de Dios\u00bb.<\/p>\n\n\n\n<h4 class=\"wp-block-heading has-text-align-left has-vivid-red-color has-text-color has-link-color wp-elements-5d0352080dc25789cf7c7e98db9319fc\"><br><strong>A los hermanos, Aviso de retiro<\/strong><\/h4>\n\n\n\n<p class=\"has-text-align-left\"><em>Que el Se\u00f1or los haga hombres seg\u00fan su coraz\u00f3n, devotos de su Iglesia, desprendidos de s\u00ed mismos, pobres de esp\u00edritu, humildes, celosos, dispuestos a emprender cualquier cosa y a sufrir cualquier cosa<\/em>.<\/p>\n\n\n\n<h4 class=\"wp-block-heading has-text-align-left has-vivid-red-color has-text-color has-link-color wp-elements-1cd4b724fdd0ffc35884cb45183847cc\"><br><strong>Difuntos<\/strong><\/h4>\n\n\n\n<p class=\"has-text-align-left\">1986: Alphonse Lambert (Alphonse-Maurice)<br>2003: G\u00e9rard Bourque (Auguste-Eug\u00e8ne)<\/p>\n","protected":false},"excerpt":{"rendered":"<p>Fiesta de Nuestra Se\u00f1ora del Perpetuo Socorro, patrona de Hait\u00ed. Oraci\u00f3n Divino Coraz\u00f3n de Jes\u00fas,por medio del Coraz\u00f3n Inmaculado de Mar\u00eda,yo me consagro a tiy contigo me ofrezco a Dios Padreen tu Santo Sacrificio del altar,con todos mis trabajos, oraciones,sufrimientos y alegr\u00edas de hoy;en reparaci\u00f3n por nuestros pecados,para que venga a nosotros tu Reino;y especialmente &hellip; <a href=\"https:\/\/menesianosoy.org\/index.php\/2025\/06\/25\/sagrado-corazon-de-jesus-4\/\" class=\"more-link\">Continue reading<span class=\"screen-reader-text\"> \u00abSagrado Coraz\u00f3n de Jes\u00fas\u00bb<\/span><\/a><\/p>\n","protected":false},"author":3,"featured_media":0,"comment_status":"closed","ping_status":"closed","sticky":false,"template":"","format":"standard","meta":{"_acf_changed":false,"footnotes":""},"categories":[3],"tags":[],"class_list":["post-24499","post","type-post","status-publish","format-standard","hentry","category-calendario"],"acf":[],"_links":{"self":[{"href":"https:\/\/menesianosoy.org\/index.php\/wp-json\/wp\/v2\/posts\/24499","targetHints":{"allow":["GET"]}}],"collection":[{"href":"https:\/\/menesianosoy.org\/index.php\/wp-json\/wp\/v2\/posts"}],"about":[{"href":"https:\/\/menesianosoy.org\/index.php\/wp-json\/wp\/v2\/types\/post"}],"author":[{"embeddable":true,"href":"https:\/\/menesianosoy.org\/index.php\/wp-json\/wp\/v2\/users\/3"}],"replies":[{"embeddable":true,"href":"https:\/\/menesianosoy.org\/index.php\/wp-json\/wp\/v2\/comments?post=24499"}],"version-history":[{"count":9,"href":"https:\/\/menesianosoy.org\/index.php\/wp-json\/wp\/v2\/posts\/24499\/revisions"}],"predecessor-version":[{"id":24582,"href":"https:\/\/menesianosoy.org\/index.php\/wp-json\/wp\/v2\/posts\/24499\/revisions\/24582"}],"wp:attachment":[{"href":"https:\/\/menesianosoy.org\/index.php\/wp-json\/wp\/v2\/media?parent=24499"}],"wp:term":[{"taxonomy":"category","embeddable":true,"href":"https:\/\/menesianosoy.org\/index.php\/wp-json\/wp\/v2\/categories?post=24499"},{"taxonomy":"post_tag","embeddable":true,"href":"https:\/\/menesianosoy.org\/index.php\/wp-json\/wp\/v2\/tags?post=24499"}],"curies":[{"name":"wp","href":"https:\/\/api.w.org\/{rel}","templated":true}]}}