{"id":24612,"date":"2025-06-28T17:03:50","date_gmt":"2025-06-28T20:03:50","guid":{"rendered":"https:\/\/menesianosoy.org\/?p=24612"},"modified":"2025-06-29T16:35:12","modified_gmt":"2025-06-29T19:35:12","slug":"1o-martires-de-la-iglesia-romana-2","status":"publish","type":"post","link":"https:\/\/menesianosoy.org\/index.php\/2025\/06\/28\/1o-martires-de-la-iglesia-romana-2\/","title":{"rendered":"1\u00ba m\u00e1rtires de la iglesia romana"},"content":{"rendered":"\n<h4 class=\"wp-block-heading has-text-align-left has-vivid-red-color has-text-color has-link-color wp-elements-0d3bba1292b8030bef905a45afd13c8e\"><br><strong>Oraci\u00f3n<\/strong><\/h4>\n\n\n\n<p class=\"has-text-align-left\"><strong><em>Se\u00f1or, haz que escuche<br>los llamados que vienen de los hombres.<br>Se\u00f1or, haz que escuche<br>los gritos de los ni\u00f1os y j\u00f3venes&nbsp;<br>que vienen de la vida y de la historia&nbsp;<br>que van tejiendo a nuestro lado.<br>Se\u00f1or, haz que vea&nbsp;todo con ojos nuevos,&nbsp;<br>con coraz\u00f3n de entra\u00f1able misericordia.<br>Se\u00f1or haz que vea&nbsp;<br>y que avive mi pasi\u00f3n por los ni\u00f1os,&nbsp;<br>por los j\u00f3venes y por todos&nbsp;<br>los que est\u00e1n sedientos&nbsp;<br>de presencia y cercan\u00eda.<br>Se\u00f1or haz que vea&nbsp;<br>y que como Juan Mar\u00eda&nbsp;<br>tenga los ojos bien abiertos&nbsp;<br>para ir a la frontera, al extremo,&nbsp;<br>donde nadie alcanza,&nbsp;<br>porque desde all\u00ed llegan&nbsp;<br>las voces m\u00e1s apremiantes&nbsp;<br>de los hombres que nos convocan&nbsp;<br>y provocan.<\/em><\/strong><\/p>\n\n\n\n<h4 class=\"wp-block-heading has-vivid-red-color has-text-color has-link-color wp-elements-07a64d21a4de4f92c5e0e38e9a637e01\"><br><strong>Intenciones<\/strong> \u00a0<\/h4>\n\n\n\n<ul class=\"wp-block-list\">\n<li>Por la comunidad educativa de La Escuelita de Luj\u00e1n de Cuyo y la comunidad de Bibwa, Kinshasa (Congo RDC).<\/li>\n\n\n\n<li>Por el retiro anual de la comunidad de Huatusco.<\/li>\n\n\n\n<li>Por las vocaciones religiosas y sacerdotales.<\/li>\n\n\n\n<li>Por los menesianos, las obras y las vocaciones del distrito Nuestra Se\u00f1ora de Kibeho (Ruanda).<\/li>\n\n\n\n<li>Por los enfermos y discapacitados de nuestras comunidades.<\/li>\n<\/ul>\n\n\n\n<h4 class=\"wp-block-heading has-text-align-left has-vivid-red-color has-text-color has-link-color wp-elements-398b1f98b439d26c97d3310856fd40e0\"><br><strong>Nueva Regla de Vida n\u00ba 90c<\/strong><\/h4>\n\n\n\n<p class=\"has-text-align-left\">Todos los Hermanos, cualquiera que sea su cargo, edad o estado de salud, est\u00e1n verdaderamente comprometidos con la misi\u00f3n del Instituto por su oraci\u00f3n, sus trabajos, sus sufrimientos y la santidad de su vida.<\/p>\n\n\n\n<h4 class=\"wp-block-heading has-text-align-left has-vivid-red-color has-text-color has-link-color wp-elements-5faca8cd0ac18111ca6ef9db7fdcd241\"><br><strong>Pensamiento del Padre Gabriel Deshayes<\/strong><\/h4>\n\n\n\n<p class=\"has-text-align-left\"><em>Sean sencillos, mis queridos Hermanos, sean sencillos: Es la sencillez de su vida la que complace a Dios y la que les gana el afecto y la estima de todos.<\/em><\/p>\n\n\n\n<h4 class=\"wp-block-heading has-vivid-red-color has-text-color has-link-color wp-elements-277bac52fd316e45b5ad04973d855fb8\"><br><strong>Difuntos<\/strong><\/h4>\n\n\n\n<p class=\"has-text-align-left\">1997: Alexandre Chesnel (Louise-Marie de Montfort)<br>2002: Jean Gueguen (Edme-Marie)<br>2014: Paul Qu\u00e9guiner (Michel-Paul)<br>2021: Joseph Byamukama.<\/p>\n","protected":false},"excerpt":{"rendered":"<p>Oraci\u00f3n Se\u00f1or, haz que escuchelos llamados que vienen de los hombres.Se\u00f1or, haz que escuchelos gritos de los ni\u00f1os y j\u00f3venes&nbsp;que vienen de la vida y de la historia&nbsp;que van tejiendo a nuestro lado.Se\u00f1or, haz que vea&nbsp;todo con ojos nuevos,&nbsp;con coraz\u00f3n de entra\u00f1able misericordia.Se\u00f1or haz que vea&nbsp;y que avive mi pasi\u00f3n por los ni\u00f1os,&nbsp;por los j\u00f3venes &hellip; <a href=\"https:\/\/menesianosoy.org\/index.php\/2025\/06\/28\/1o-martires-de-la-iglesia-romana-2\/\" class=\"more-link\">Continue reading<span class=\"screen-reader-text\"> \u00ab1\u00ba m\u00e1rtires de la iglesia romana\u00bb<\/span><\/a><\/p>\n","protected":false},"author":3,"featured_media":0,"comment_status":"closed","ping_status":"closed","sticky":false,"template":"","format":"standard","meta":{"_acf_changed":false,"footnotes":""},"categories":[3],"tags":[],"class_list":["post-24612","post","type-post","status-publish","format-standard","hentry","category-calendario"],"acf":[],"_links":{"self":[{"href":"https:\/\/menesianosoy.org\/index.php\/wp-json\/wp\/v2\/posts\/24612","targetHints":{"allow":["GET"]}}],"collection":[{"href":"https:\/\/menesianosoy.org\/index.php\/wp-json\/wp\/v2\/posts"}],"about":[{"href":"https:\/\/menesianosoy.org\/index.php\/wp-json\/wp\/v2\/types\/post"}],"author":[{"embeddable":true,"href":"https:\/\/menesianosoy.org\/index.php\/wp-json\/wp\/v2\/users\/3"}],"replies":[{"embeddable":true,"href":"https:\/\/menesianosoy.org\/index.php\/wp-json\/wp\/v2\/comments?post=24612"}],"version-history":[{"count":5,"href":"https:\/\/menesianosoy.org\/index.php\/wp-json\/wp\/v2\/posts\/24612\/revisions"}],"predecessor-version":[{"id":24621,"href":"https:\/\/menesianosoy.org\/index.php\/wp-json\/wp\/v2\/posts\/24612\/revisions\/24621"}],"wp:attachment":[{"href":"https:\/\/menesianosoy.org\/index.php\/wp-json\/wp\/v2\/media?parent=24612"}],"wp:term":[{"taxonomy":"category","embeddable":true,"href":"https:\/\/menesianosoy.org\/index.php\/wp-json\/wp\/v2\/categories?post=24612"},{"taxonomy":"post_tag","embeddable":true,"href":"https:\/\/menesianosoy.org\/index.php\/wp-json\/wp\/v2\/tags?post=24612"}],"curies":[{"name":"wp","href":"https:\/\/api.w.org\/{rel}","templated":true}]}}