{"id":24687,"date":"2025-06-30T18:50:35","date_gmt":"2025-06-30T21:50:35","guid":{"rendered":"https:\/\/menesianosoy.org\/?p=24687"},"modified":"2025-07-03T08:13:19","modified_gmt":"2025-07-03T11:13:19","slug":"santo-tomas-de-aquino-4","status":"publish","type":"post","link":"https:\/\/menesianosoy.org\/index.php\/2025\/06\/30\/santo-tomas-de-aquino-4\/","title":{"rendered":"Santo Tom\u00e1s, ap\u00f3stol"},"content":{"rendered":"\n<p class=\"has-text-align-left\"><strong>1982 &#8211; Apertura de la misi\u00f3n de Togo.<\/strong><\/p>\n\n\n\n<h4 class=\"wp-block-heading has-text-align-left has-vivid-red-color has-text-color has-link-color wp-elements-0d3bba1292b8030bef905a45afd13c8e\"><br><strong>Oraci\u00f3n<\/strong><\/h4>\n\n\n\n<p class=\"has-text-align-left\"><strong><em>Padre bueno,<br>te doy gracias por la vida,<br>regalo de tu amor.<br>Haz que la comparta con todos:<br>con mis hermanos, con mi familia,<br>con mis amigos,<br>tejiendo lazos como lo hizo Jes\u00fas.<br>Env\u00edame tu Esp\u00edritu Santo<br>para descubrir lo que quieres de m\u00ed.<br>Hazme cada d\u00eda m\u00e1s parecido a tu Hijo:<br>que sus sentimientos sean mis sentimientos,<br>que sus pensamientos<br>sean mis pensamientos,<br>que su proyecto sea mi proyecto,<br>que ame como \u00c9l am\u00f3.<br>Como a Mar\u00eda, Padre Bueno,<br>conc\u00e9denos a todos<br>un coraz\u00f3n d\u00f3cil a tu Palabra.<br>Am\u00e9n<\/em><\/strong><\/p>\n\n\n\n<h4 class=\"wp-block-heading has-text-align-left has-vivid-red-color has-text-color has-link-color wp-elements-7deb30c5a46c2fe0af76f92c82f8d39a\"><br><strong>Intenciones<\/strong><\/h4>\n\n\n\n<ul class=\"wp-block-list\">\n<li>Por los menesianos, las obras y las vocaciones de Togo.<\/li>\n\n\n\n<li>Por los menesianos estudiantes de filosof\u00eda y teolog\u00eda.<\/li>\n\n\n\n<li>Por las vocaciones en nuestro Distrito y la casa de formaci\u00f3n de El Alto.<\/li>\n\n\n\n<li>Por la familia menesiana que vive la misi\u00f3n en El Alto y en Zamora.<\/li>\n\n\n\n<li>Por los enfermos y discapacitados de nuestras comunidades.<\/li>\n\n\n\n<li>Por el retiro de la comunidad de Huatusco.<\/li>\n<\/ul>\n\n\n\n<h4 class=\"wp-block-heading has-text-align-left has-vivid-red-color has-text-color has-link-color wp-elements-ab0074a6e0184415c40d1029d1fe2cc2\"><br><strong>Nueva Regla de Vida n\u00ba 92a<\/strong><\/h4>\n\n\n\n<p>La misi\u00f3n compartida es una llamada del Esp\u00edritu dirigida a los Hermanos y a los Laicos para vivir\u00a0 en comuni\u00f3n el carisma menesiano.<\/p>\n\n\n\n<h4 class=\"wp-block-heading has-text-align-left has-vivid-red-color has-text-color has-link-color wp-elements-f7144dcc4744b1c7382bd63e222d63a0\"><br><strong>A los sacerdotes de Saint-M\u00e9en, retiro de 1828<\/strong><\/h4>\n\n\n\n<p class=\"has-text-align-left\"><em>Es en el retiro en que tantas veces hemos visto al Se\u00f1or desplegar su poder, inflamar las almas, renovarlas, penetrarlas con su dulzura celestial, es all\u00ed donde los tibios se calientan, donde los fervientes se vuelven m\u00e1s c\u00e1lidos.<\/em><\/p>\n\n\n\n<h4 class=\"wp-block-heading has-text-align-left has-vivid-red-color has-text-color has-link-color wp-elements-1cd4b724fdd0ffc35884cb45183847cc\"><br><strong>Difuntos<\/strong><\/h4>\n\n\n\n<p class=\"has-text-align-left\"><img loading=\"lazy\" decoding=\"async\" width=\"120\" height=\"157\" class=\"wp-image-14168\" style=\"width: 120px;\" src=\"https:\/\/menesianosoy.org\/wp-content\/uploads\/2024\/06\/Jose-Luis.png\" alt=\"\"><br>1985:&nbsp; <strong>Fidel Mart\u00edn (Jos\u00e9-Luis)<\/strong>: Naci\u00f3 en Villaescusa de Aguilar (Palencia) en 1924. Trabaj\u00f3 en Argentina y Uruguay desde el a\u00f1o 1950 hasta su muerte en Montevideo.<br><br>1967: Hipparque Kergal<br>1975: Herv\u00e9 Lemay (Bertin)<br>1976:&nbsp;Joachim Le Texier (Francis-Joseph)<br>1998: Jean Desmots&nbsp;(St\u00e9phane)<br>2002: Julien Collo (Aubert-Julien)<\/p>\n","protected":false},"excerpt":{"rendered":"<p>1982 &#8211; Apertura de la misi\u00f3n de Togo. Oraci\u00f3n Padre bueno,te doy gracias por la vida,regalo de tu amor.Haz que la comparta con todos:con mis hermanos, con mi familia,con mis amigos,tejiendo lazos como lo hizo Jes\u00fas.Env\u00edame tu Esp\u00edritu Santopara descubrir lo que quieres de m\u00ed.Hazme cada d\u00eda m\u00e1s parecido a tu Hijo:que sus sentimientos sean &hellip; <a href=\"https:\/\/menesianosoy.org\/index.php\/2025\/06\/30\/santo-tomas-de-aquino-4\/\" class=\"more-link\">Continue reading<span class=\"screen-reader-text\"> \u00abSanto Tom\u00e1s, ap\u00f3stol\u00bb<\/span><\/a><\/p>\n","protected":false},"author":3,"featured_media":0,"comment_status":"closed","ping_status":"closed","sticky":false,"template":"","format":"standard","meta":{"_acf_changed":false,"footnotes":""},"categories":[3],"tags":[],"class_list":["post-24687","post","type-post","status-publish","format-standard","hentry","category-calendario"],"acf":[],"_links":{"self":[{"href":"https:\/\/menesianosoy.org\/index.php\/wp-json\/wp\/v2\/posts\/24687","targetHints":{"allow":["GET"]}}],"collection":[{"href":"https:\/\/menesianosoy.org\/index.php\/wp-json\/wp\/v2\/posts"}],"about":[{"href":"https:\/\/menesianosoy.org\/index.php\/wp-json\/wp\/v2\/types\/post"}],"author":[{"embeddable":true,"href":"https:\/\/menesianosoy.org\/index.php\/wp-json\/wp\/v2\/users\/3"}],"replies":[{"embeddable":true,"href":"https:\/\/menesianosoy.org\/index.php\/wp-json\/wp\/v2\/comments?post=24687"}],"version-history":[{"count":11,"href":"https:\/\/menesianosoy.org\/index.php\/wp-json\/wp\/v2\/posts\/24687\/revisions"}],"predecessor-version":[{"id":24797,"href":"https:\/\/menesianosoy.org\/index.php\/wp-json\/wp\/v2\/posts\/24687\/revisions\/24797"}],"wp:attachment":[{"href":"https:\/\/menesianosoy.org\/index.php\/wp-json\/wp\/v2\/media?parent=24687"}],"wp:term":[{"taxonomy":"category","embeddable":true,"href":"https:\/\/menesianosoy.org\/index.php\/wp-json\/wp\/v2\/categories?post=24687"},{"taxonomy":"post_tag","embeddable":true,"href":"https:\/\/menesianosoy.org\/index.php\/wp-json\/wp\/v2\/tags?post=24687"}],"curies":[{"name":"wp","href":"https:\/\/api.w.org\/{rel}","templated":true}]}}