{"id":24726,"date":"2025-07-01T15:41:15","date_gmt":"2025-07-01T18:41:15","guid":{"rendered":"https:\/\/menesianosoy.org\/?p=24726"},"modified":"2025-07-01T15:54:34","modified_gmt":"2025-07-01T18:54:34","slug":"santa-isabel-de-portugal-4","status":"publish","type":"post","link":"https:\/\/menesianosoy.org\/index.php\/2025\/07\/01\/santa-isabel-de-portugal-4\/","title":{"rendered":"Santa Isabel de Portugal"},"content":{"rendered":"\n<h4 class=\"wp-block-heading has-text-align-left has-vivid-red-color has-text-color has-link-color wp-elements-0d3bba1292b8030bef905a45afd13c8e\"><br><strong>Oraci\u00f3n<\/strong><\/h4>\n\n\n\n<p class=\"has-text-align-left\"><strong><em>Se\u00f1or, que has dicho:<br>Dejen que los ni\u00f1os vengan a M\u00ed.<br>T\u00fa me has inspirado el deseo<br>de dedicar mi vida<br>a los ni\u00f1os y j\u00f3venes<br>para llevarlos a Ti.<br>D\u00edgnate bendecir mi vocaci\u00f3n,<br>as\u00edsteme en mis trabajos de hoy,<br>derrama sobre m\u00ed,<br>sobre todos mis hermanos<br>y sobre todos los que trabajamos<br>en esta obra educativa,<br>el esp\u00edritu de fortaleza,<br>de caridad y de humildad,<br>para que nada nos aparte<br>de tu servicio.<br>Haz que hoy cumpla con celo<br>el ministerio educativo<br>al que nos has consagrado.<br>Hazme perseverar hasta el fin<br>para alcanzar as\u00ed<br>la salvaci\u00f3n que nos<br>has prometido. Am\u00e9n<\/em><\/strong><\/p>\n\n\n\n<h4 class=\"wp-block-heading has-text-align-left has-vivid-red-color has-text-color has-link-color wp-elements-ce73b00f8b138ed696b0f67a4ef21876\"><br><strong>Intenciones<\/strong> \u00a0 <\/h4>\n\n\n\n<ul class=\"wp-block-list\">\n<li>Por el Hermano Superior General y los miembros de su Consejo.<\/li>\n\n\n\n<li>Por los equipos de pastoral y pastoral vocacional.<\/li>\n\n\n\n<li>Por los menesianos, las obras y las vocaciones de la provincia San Juan Bautista (Francia &#8211; Inglaterra &#8211; Italia).<\/li>\n\n\n\n<li>Por los enfermos y discapacitados de nuestras comunidades.<\/li>\n\n\n\n<li>Por las vocaciones misioneras en la Iglesia<\/li>\n<\/ul>\n\n\n\n<h4 class=\"wp-block-heading has-text-align-left has-vivid-red-color has-text-color has-link-color wp-elements-88340ecc41709da439879408749db7fe\"><br><strong>Nueva Regla de Vida n\u00ba 92b<\/strong><\/h4>\n\n\n\n<p class=\"has-text-align-left\">Laicos y Hermanos, juntos, disciernen la misi\u00f3n, comparten y profundizan su espiritualidad y sentido de misi\u00f3n. Se forman para vivir y actualizar el carisma menesiano. Realizan experiencias de comuni\u00f3n y colaboraci\u00f3n, respetando las exigencias de los diferentes estados de vida.<em>\u00a0<\/em><\/p>\n\n\n\n<h4 class=\"wp-block-heading has-text-align-left has-vivid-red-color has-text-color has-link-color wp-elements-87ddb10f02db8924d78b7c35b170a0fb\"><br><strong>Al Hno. Julien Kerdavid, 12 de mayo de 1844<\/strong><\/h4>\n\n\n\n<p class=\"has-text-align-left\"><em>Para que Dios bendiga la Congregaci\u00f3n y se perpet\u00fae, es necesario que todos est\u00e9n animados de esp\u00edritu de fe, de humildad, de sencillez y de obediencia.<\/em><\/p>\n\n\n\n<h4 class=\"wp-block-heading has-text-align-left has-vivid-red-color has-text-color has-link-color wp-elements-51237a81e4228043f099a8fd21df2582\"><br><strong>Difunto<\/strong><\/h4>\n\n\n\n<p>1997: G\u00e9rald Lalande (Emilas)<\/p>\n","protected":false},"excerpt":{"rendered":"<p>Oraci\u00f3n Se\u00f1or, que has dicho:Dejen que los ni\u00f1os vengan a M\u00ed.T\u00fa me has inspirado el deseode dedicar mi vidaa los ni\u00f1os y j\u00f3venespara llevarlos a Ti.D\u00edgnate bendecir mi vocaci\u00f3n,as\u00edsteme en mis trabajos de hoy,derrama sobre m\u00ed,sobre todos mis hermanosy sobre todos los que trabajamosen esta obra educativa,el esp\u00edritu de fortaleza,de caridad y de humildad,para que &hellip; <a href=\"https:\/\/menesianosoy.org\/index.php\/2025\/07\/01\/santa-isabel-de-portugal-4\/\" class=\"more-link\">Continue reading<span class=\"screen-reader-text\"> \u00abSanta Isabel de Portugal\u00bb<\/span><\/a><\/p>\n","protected":false},"author":3,"featured_media":0,"comment_status":"closed","ping_status":"closed","sticky":false,"template":"","format":"standard","meta":{"_acf_changed":false,"footnotes":""},"categories":[3],"tags":[],"class_list":["post-24726","post","type-post","status-publish","format-standard","hentry","category-calendario"],"acf":[],"_links":{"self":[{"href":"https:\/\/menesianosoy.org\/index.php\/wp-json\/wp\/v2\/posts\/24726","targetHints":{"allow":["GET"]}}],"collection":[{"href":"https:\/\/menesianosoy.org\/index.php\/wp-json\/wp\/v2\/posts"}],"about":[{"href":"https:\/\/menesianosoy.org\/index.php\/wp-json\/wp\/v2\/types\/post"}],"author":[{"embeddable":true,"href":"https:\/\/menesianosoy.org\/index.php\/wp-json\/wp\/v2\/users\/3"}],"replies":[{"embeddable":true,"href":"https:\/\/menesianosoy.org\/index.php\/wp-json\/wp\/v2\/comments?post=24726"}],"version-history":[{"count":4,"href":"https:\/\/menesianosoy.org\/index.php\/wp-json\/wp\/v2\/posts\/24726\/revisions"}],"predecessor-version":[{"id":24732,"href":"https:\/\/menesianosoy.org\/index.php\/wp-json\/wp\/v2\/posts\/24726\/revisions\/24732"}],"wp:attachment":[{"href":"https:\/\/menesianosoy.org\/index.php\/wp-json\/wp\/v2\/media?parent=24726"}],"wp:term":[{"taxonomy":"category","embeddable":true,"href":"https:\/\/menesianosoy.org\/index.php\/wp-json\/wp\/v2\/categories?post=24726"},{"taxonomy":"post_tag","embeddable":true,"href":"https:\/\/menesianosoy.org\/index.php\/wp-json\/wp\/v2\/tags?post=24726"}],"curies":[{"name":"wp","href":"https:\/\/api.w.org\/{rel}","templated":true}]}}