{"id":24747,"date":"2025-07-01T16:24:52","date_gmt":"2025-07-01T19:24:52","guid":{"rendered":"https:\/\/menesianosoy.org\/?p=24747"},"modified":"2025-07-05T07:54:55","modified_gmt":"2025-07-05T10:54:55","slug":"san-antonio-maria-zaccaria-2","status":"publish","type":"post","link":"https:\/\/menesianosoy.org\/index.php\/2025\/07\/01\/san-antonio-maria-zaccaria-2\/","title":{"rendered":"San Antonio Mar\u00eda Zaccar\u00eda"},"content":{"rendered":"\n<p class=\"has-text-align-left\"><strong>Liturgia de las horas: Rezamos con el tema LA PALABRA.<\/strong><\/p>\n\n\n\n<h4 class=\"wp-block-heading has-vivid-red-color has-text-color has-link-color wp-elements-7a0ff5ef426345d54ec2ffc3919b8c7e\"><br><strong>Intenciones<\/strong><\/h4>\n\n\n\n<ul class=\"wp-block-list\">\n<li>Por los miembros de LAM y sus actividades como Asociaci\u00f3n.<\/li>\n\n\n\n<li>Por Escuela Menesiana I que comienza en Achocalla, La Paz, Bolivia.<\/li>\n\n\n\n<li>Por los catequistas de nuestros centros educativos.<\/li>\n\n\n\n<li>Por el cumplea\u00f1os del H. Miguel de la Hera de la comunidad de Aguilar.<\/li>\n\n\n\n<li>Por los menesianos, las obras y las vocaciones de la provincia Nuestra Se\u00f1or del Pilar (Espa\u00f1a).<\/li>\n\n\n\n<li>Por los enfermos y discapacitados de nuestras comunidades.<\/li>\n\n\n\n<li>Por el retiro de la comunidad de Huatusco.<\/li>\n<\/ul>\n\n\n\n<h4 class=\"wp-block-heading has-text-align-left has-vivid-red-color has-text-color has-link-color wp-elements-7bb3dd8cb10a6be5c9d57f07d940324a\"><br><strong>Nueva Regla de Vida n\u00ba 92c<\/strong><\/h4>\n\n\n\n<p class=\"has-text-align-left\">Dentro de la Familia Menesiana, el Hermano, por su parte, est\u00e1 llamado a ser testigo de la primac\u00eda de Dios, signo prof\u00e9tico de fraternidad y memoria del carisma.<\/p>\n\n\n\n<h4 class=\"wp-block-heading has-text-align-left has-vivid-red-color has-text-color has-link-color wp-elements-0780345740f912bfce7d722a066a4bec\"><br><strong>Al hermano Ambrosio Le Haiget, 17 de junio de 1844<\/strong><\/h4>\n\n\n\n<p class=\"has-text-align-left\"><em>Nuestras mismas faltas se vuelven ventajosas para nosotros cuando nos humillan y nos ense\u00f1an a desconfiar de nuestra propia mente.<\/em><\/p>\n\n\n\n<h4 class=\"wp-block-heading has-text-align-left has-vivid-red-color has-text-color has-link-color wp-elements-1cd4b724fdd0ffc35884cb45183847cc\"><br><strong>Difuntos<\/strong><\/h4>\n\n\n\n<p class=\"has-text-align-left\">1989: Eug\u00e8ne Potier (Andr\u00e9)<br>1995: Alexander Raoult (Samson)<br>2000: Jean B\u00e9langer (Marcel-Adrien) <br>2015: G\u00e9rard Chatelier.<\/p>\n","protected":false},"excerpt":{"rendered":"<p>Liturgia de las horas: Rezamos con el tema LA PALABRA. Intenciones Nueva Regla de Vida n\u00ba 92c Dentro de la Familia Menesiana, el Hermano, por su parte, est\u00e1 llamado a ser testigo de la primac\u00eda de Dios, signo prof\u00e9tico de fraternidad y memoria del carisma. Al hermano Ambrosio Le Haiget, 17 de junio de 1844 &hellip; <a href=\"https:\/\/menesianosoy.org\/index.php\/2025\/07\/01\/san-antonio-maria-zaccaria-2\/\" class=\"more-link\">Continue reading<span class=\"screen-reader-text\"> \u00abSan Antonio Mar\u00eda Zaccar\u00eda\u00bb<\/span><\/a><\/p>\n","protected":false},"author":3,"featured_media":0,"comment_status":"closed","ping_status":"closed","sticky":false,"template":"","format":"standard","meta":{"_acf_changed":false,"footnotes":""},"categories":[3],"tags":[],"class_list":["post-24747","post","type-post","status-publish","format-standard","hentry","category-calendario"],"acf":[],"_links":{"self":[{"href":"https:\/\/menesianosoy.org\/index.php\/wp-json\/wp\/v2\/posts\/24747","targetHints":{"allow":["GET"]}}],"collection":[{"href":"https:\/\/menesianosoy.org\/index.php\/wp-json\/wp\/v2\/posts"}],"about":[{"href":"https:\/\/menesianosoy.org\/index.php\/wp-json\/wp\/v2\/types\/post"}],"author":[{"embeddable":true,"href":"https:\/\/menesianosoy.org\/index.php\/wp-json\/wp\/v2\/users\/3"}],"replies":[{"embeddable":true,"href":"https:\/\/menesianosoy.org\/index.php\/wp-json\/wp\/v2\/comments?post=24747"}],"version-history":[{"count":7,"href":"https:\/\/menesianosoy.org\/index.php\/wp-json\/wp\/v2\/posts\/24747\/revisions"}],"predecessor-version":[{"id":24808,"href":"https:\/\/menesianosoy.org\/index.php\/wp-json\/wp\/v2\/posts\/24747\/revisions\/24808"}],"wp:attachment":[{"href":"https:\/\/menesianosoy.org\/index.php\/wp-json\/wp\/v2\/media?parent=24747"}],"wp:term":[{"taxonomy":"category","embeddable":true,"href":"https:\/\/menesianosoy.org\/index.php\/wp-json\/wp\/v2\/categories?post=24747"},{"taxonomy":"post_tag","embeddable":true,"href":"https:\/\/menesianosoy.org\/index.php\/wp-json\/wp\/v2\/tags?post=24747"}],"curies":[{"name":"wp","href":"https:\/\/api.w.org\/{rel}","templated":true}]}}