{"id":24842,"date":"2025-07-05T19:43:41","date_gmt":"2025-07-05T22:43:41","guid":{"rendered":"https:\/\/menesianosoy.org\/?p=24842"},"modified":"2025-07-07T09:00:04","modified_gmt":"2025-07-07T12:00:04","slug":"martes-14o-durante-el-ano-2","status":"publish","type":"post","link":"https:\/\/menesianosoy.org\/index.php\/2025\/07\/05\/martes-14o-durante-el-ano-2\/","title":{"rendered":"Martes 14\u00ba durante el a\u00f1o"},"content":{"rendered":"\n<p class=\"has-text-align-left\"><strong><em>1825 &#8211; Monse\u00f1or Claude Louis de Lesquen, despu\u00e9s de aprobar las reglas y los estatutuos de los sacerdores de Saint-M\u00e9n, nombra a Juan Mar\u00eda Superior General de esta congregaci\u00f3n.<\/em><\/strong><br><\/p>\n\n\n\n<h4 class=\"wp-block-heading has-text-align-left has-vivid-purple-color has-text-color has-link-color wp-elements-aaf7621d745b803093e57e654b6bbdc6\"><img loading=\"lazy\" decoding=\"async\" width=\"150\" height=\"89\" class=\"wp-image-14323\" style=\"width: 150px;\" src=\"https:\/\/menesianosoy.org\/wp-content\/uploads\/2024\/07\/lujan-1.jpg\" alt=\"\" srcset=\"https:\/\/menesianosoy.org\/wp-content\/uploads\/2024\/07\/lujan-1.jpg 450w, https:\/\/menesianosoy.org\/wp-content\/uploads\/2024\/07\/lujan-1-300x178.jpg 300w\" sizes=\"auto, (max-width: 150px) 85vw, 150px\" \/><br><strong>2019.- Creaci\u00f3n del Distrito Divina Providencia (Argentina-Bolivia-Chile-Uruguay)<\/strong><\/h4>\n\n\n\n<h4 class=\"wp-block-heading has-text-align-left has-vivid-red-color has-text-color has-link-color wp-elements-0d3bba1292b8030bef905a45afd13c8e\"><br><strong>Oraci\u00f3n<\/strong><\/h4>\n\n\n\n<p class=\"has-text-align-left\"><strong>Se\u00f1or Jes\u00fas,<\/strong><strong><br>T\u00fa que dijiste que todos sean uno,<br>te damos gracias por llamarnos a la unidad,<br>por desafiarnos a salir<br>de nuestros esquemas y seguridades.<br>Sabes de nuestras resistencias<br>e inseguridades,<br>sabes de nuestros sue\u00f1os y anhelos;<br>no te son desconocidas<br>nuestras limitaciones y pobrezas,<br>y tambi\u00e9n con ellas<br>quieres gestar la nueva realidad.<br>Nos confiamos a Mar\u00eda,<br>que sali\u00f3 a prisa al encuentro<br>de la vida que clama.<br>Haz de la familia menesiana<br>un cuerpo para la misi\u00f3n<br>que cuide y defienda la vida<br>de los m\u00e1s peque\u00f1os del sur.<br>Am\u00e9n.<\/strong><\/p>\n\n\n\n<h4 class=\"wp-block-heading has-vivid-red-color has-text-color has-link-color wp-elements-7a0ff5ef426345d54ec2ffc3919b8c7e\"><br><strong>Intenciones<\/strong><\/h4>\n\n\n\n<ul class=\"wp-block-list\">\n<li>Por nuestro D<strong>istrito divina Providencia<\/strong>, por la Familia menesiana, las obras y por nuevas vocaciones de hermanos y laicos.<\/li>\n\n\n\n<li>Por el Visitador  y su consejo.<\/li>\n\n\n\n<li>Por el cumplea\u00f1os del H. <strong>Antonio Urbina<\/strong> de la comunidad de Bilbao.<\/li>\n\n\n\n<li>Por los enfermos y discapacitados de nuestras comunidades.<\/li>\n\n\n\n<li>Por la paz en el mundo.<\/li>\n<\/ul>\n\n\n\n<h4 class=\"wp-block-heading has-text-align-left has-vivid-red-color has-text-color has-link-color wp-elements-617fbda3c64340439ad377aa35100a94\"><br><strong>Nueva Regla de Vida n\u00ba 94<\/strong><\/h4>\n\n\n\n<p class=\"has-text-align-left\">\u00abJes\u00fas mismo nos ha dado perfecto ejemplo de c\u00f3mo se pueden unir la comuni\u00f3n con el Padre y una vida intensamente activa\u00bb.&nbsp; En su seguimiento, el Hermano busca constantemente esta unidad fundamental. Sabe que los encuentros del ap\u00f3stol con los personas son verdaderos en la medida en que parten de verdaderos encuentros con Dios y conducen a ellos.<\/p>\n\n\n\n<h4 class=\"wp-block-heading has-text-align-left has-vivid-red-color has-text-color has-link-color wp-elements-9d963a63547fc54dfe8abde896f4ee95\"><br><strong>Al Hno. Eliseo Dupas, 7 de noviembre de 1848<\/strong><\/h4>\n\n\n\n<p class=\"has-text-align-left\"><em>El \u00fanico camino en el que uno nunca se pierde es el de la obediencia.<\/em><\/p>\n\n\n\n<h4 class=\"wp-block-heading has-text-align-left has-vivid-red-color has-text-color has-link-color wp-elements-1cd4b724fdd0ffc35884cb45183847cc\"><br><strong>Difuntos<\/strong><\/h4>\n\n\n\n<p class=\"has-text-align-left\">1966: Mamilien-Fran\u00e7ois Trellu<br>1983: Ernest Rochette (Damase)<br>1997: Jean Naouennec (Alphonse)<br>2010: Paul-Henri Thibaudeau (J\u00e9r\u00f4me-Andr\u00e9)<\/p>\n","protected":false},"excerpt":{"rendered":"<p>1825 &#8211; Monse\u00f1or Claude Louis de Lesquen, despu\u00e9s de aprobar las reglas y los estatutuos de los sacerdores de Saint-M\u00e9n, nombra a Juan Mar\u00eda Superior General de esta congregaci\u00f3n. 2019.- Creaci\u00f3n del Distrito Divina Providencia (Argentina-Bolivia-Chile-Uruguay) Oraci\u00f3n Se\u00f1or Jes\u00fas,T\u00fa que dijiste que todos sean uno,te damos gracias por llamarnos a la unidad,por desafiarnos a salirde &hellip; <a href=\"https:\/\/menesianosoy.org\/index.php\/2025\/07\/05\/martes-14o-durante-el-ano-2\/\" class=\"more-link\">Continue reading<span class=\"screen-reader-text\"> \u00abMartes 14\u00ba durante el a\u00f1o\u00bb<\/span><\/a><\/p>\n","protected":false},"author":3,"featured_media":0,"comment_status":"closed","ping_status":"closed","sticky":false,"template":"","format":"standard","meta":{"_acf_changed":false,"footnotes":""},"categories":[3],"tags":[],"class_list":["post-24842","post","type-post","status-publish","format-standard","hentry","category-calendario"],"acf":[],"_links":{"self":[{"href":"https:\/\/menesianosoy.org\/index.php\/wp-json\/wp\/v2\/posts\/24842","targetHints":{"allow":["GET"]}}],"collection":[{"href":"https:\/\/menesianosoy.org\/index.php\/wp-json\/wp\/v2\/posts"}],"about":[{"href":"https:\/\/menesianosoy.org\/index.php\/wp-json\/wp\/v2\/types\/post"}],"author":[{"embeddable":true,"href":"https:\/\/menesianosoy.org\/index.php\/wp-json\/wp\/v2\/users\/3"}],"replies":[{"embeddable":true,"href":"https:\/\/menesianosoy.org\/index.php\/wp-json\/wp\/v2\/comments?post=24842"}],"version-history":[{"count":5,"href":"https:\/\/menesianosoy.org\/index.php\/wp-json\/wp\/v2\/posts\/24842\/revisions"}],"predecessor-version":[{"id":24858,"href":"https:\/\/menesianosoy.org\/index.php\/wp-json\/wp\/v2\/posts\/24842\/revisions\/24858"}],"wp:attachment":[{"href":"https:\/\/menesianosoy.org\/index.php\/wp-json\/wp\/v2\/media?parent=24842"}],"wp:term":[{"taxonomy":"category","embeddable":true,"href":"https:\/\/menesianosoy.org\/index.php\/wp-json\/wp\/v2\/categories?post=24842"},{"taxonomy":"post_tag","embeddable":true,"href":"https:\/\/menesianosoy.org\/index.php\/wp-json\/wp\/v2\/tags?post=24842"}],"curies":[{"name":"wp","href":"https:\/\/api.w.org\/{rel}","templated":true}]}}