{"id":24938,"date":"2025-07-08T11:06:56","date_gmt":"2025-07-08T14:06:56","guid":{"rendered":"https:\/\/menesianosoy.org\/?p=24938"},"modified":"2025-07-10T21:46:00","modified_gmt":"2025-07-11T00:46:00","slug":"san-benito-de-nursia","status":"publish","type":"post","link":"https:\/\/menesianosoy.org\/index.php\/2025\/07\/08\/san-benito-de-nursia\/","title":{"rendered":"San Benito de Nursia"},"content":{"rendered":"\n<p class=\"has-text-align-left\"><strong>G\u00e9nesis 46, 1-7.28-30<br>Salmo 36, 3-4.18-19.27-28.39-40<\/strong><\/p>\n\n\n\n<h4 class=\"wp-block-heading has-text-align-left has-vivid-red-color has-text-color has-link-color wp-elements-78f70eb71b98b171061a892578a27dea\"><br><strong>Evangelio: Mateo 10, 16-23<\/strong><\/h4>\n\n\n\n<figure class=\"wp-block-audio\"><audio controls src=\"https:\/\/menesianosoy.org\/wp-content\/uploads\/2025\/07\/11-de-julio.mp3\"><\/audio><\/figure>\n\n\n\n<p class=\"has-text-align-left\"><strong><em>Jes\u00fas les dijo: Yo los env\u00edo como a ovejas en medio de lobos: sean entonces astutos como serpientes y sencillos como palomas.<br>Cu\u00eddense de los hombres, porque los entregar\u00e1n a los tribunales y los azotar\u00e1n en las sinagogas. A causa de m\u00ed, ser\u00e1n llevados ante gobernadores y reyes, para dar testimonio delante de ellos y de los paganos.<br>Cuando los entreguen, no se preocupen de c\u00f3mo van a hablar o qu\u00e9 van a decir: lo que deban decir se les dar\u00e1 a conocer en ese momento, porque no ser\u00e1n ustedes los que hablar\u00e1n, sino que el Esp\u00edritu de su Padre hablar\u00e1 en ustedes.<br>El hermano entregar\u00e1 a su hermano para que sea condenado a muerte, y el padre a su hijo; los hijos se rebelar\u00e1n contra sus padres y los har\u00e1n morir.<br>Ustedes ser\u00e1n odiados por todos a causa de mi Nombre, pero aquel que persevere hasta el fin se salvar\u00e1. Cuando los persigan en una ciudad, huyan a otra, y si los persiguen en esta, huyan a una tercera. Les aseguro que no acabar\u00e1n de recorrer las ciudades de Israel, antes que llegue el Hijo del hombre.<\/em><\/strong><\/p>\n\n\n\n<figure class=\"wp-block-image size-full is-resized\"><img loading=\"lazy\" decoding=\"async\" width=\"740\" height=\"740\" src=\"https:\/\/menesianosoy.org\/wp-content\/uploads\/2025\/07\/cordero-vulnerable-medio-lobos-amenazantes_932138-56795.jpg\" alt=\"\" class=\"wp-image-24946\" style=\"width:400px;height:auto\" srcset=\"https:\/\/menesianosoy.org\/wp-content\/uploads\/2025\/07\/cordero-vulnerable-medio-lobos-amenazantes_932138-56795.jpg 740w, https:\/\/menesianosoy.org\/wp-content\/uploads\/2025\/07\/cordero-vulnerable-medio-lobos-amenazantes_932138-56795-300x300.jpg 300w, https:\/\/menesianosoy.org\/wp-content\/uploads\/2025\/07\/cordero-vulnerable-medio-lobos-amenazantes_932138-56795-150x150.jpg 150w\" sizes=\"auto, (max-width: 709px) 85vw, (max-width: 909px) 67vw, (max-width: 984px) 61vw, (max-width: 1362px) 45vw, 600px\" \/><\/figure>\n\n\n\n<p class=\"has-text-align-left\">Dios m\u00edo, te agradezco que me hables claro, que me digas desde el principio que el ser cristiano no es f\u00e1cil, conlleva dificultades, persecuciones y, en alg\u00fan caso, la misma muerte. Nada, por otra parte, que no haya sucedido a Jes\u00fas. Y el disc\u00edpulo no puede ser de mejor condici\u00f3n que el maestro. Pero la causa de Jes\u00fas nunca fracasa porque la muerte siempre termina en vida. Se\u00f1or, que a\u00fan en medio de mis dificultades, jam\u00e1s pierda la esperanza.<br><br>Estas palabras del evangelio nos hacen comprender que, en las pruebas aceptadas a causa de la fe, la violencia es derrotada por el amor, la muerte por la vida. Para acoger verdaderamente a Jes\u00fas en nuestra existencia y prolongar la alegr\u00eda de la Noche Santa, el camino es precisamente el que indica este Evangelio. Es decir, testimoniar a Jes\u00fas en la humildad, en el servicio silencioso, sin miedo a ir contracorriente y pagar en persona.<br>Y, si no todos est\u00e1n llamados, como san Esteban, a derramar su propia sangre, a todo cristiano se le pide, sin embargo, que sea coherente en cada circunstancia con la fe que profesa. Es la coherencia cristiana. Es una gracia que debemos pedir al Se\u00f1or. Ser coherentes, vivir como cristianos. Y no decir \u2018soy cristiano\u2019 y vivir como pagano. La coherencia es una gracia que hay que pedir hoy (Angelus del papa Francisco, 26 de diciembre de 2014).<br><br><em>Se\u00f1or, me encantan los sue\u00f1os de los profetas. Son audaces, creadores, alegres, personas llenas de ilusi\u00f3n y de esperanza. Hoy m\u00e1s que nunca necesitamos profetas que anuncien con sus palabras y, sobre todo, con el testimonio de su vida, que un mundo nuevo es posible; que vale la pena luchar por un mundo m\u00e1s humano, m\u00e1s unido, que todav\u00eda caben las utop\u00edas y a\u00fan nos es l\u00edcito so\u00f1ar. \u00a1Gracias, Se\u00f1or!<\/em><\/p>\n\n\n\n<p class=\"has-text-align-left\"><br><strong>M\u00c1XIMA<br>Seguir a Jes\u00fas no es f\u00e1cil<\/strong><\/p>\n\n\n\n<h4 class=\"wp-block-heading has-text-align-left has-vivid-red-color has-text-color has-link-color wp-elements-21e72ba6ab8aac75548a19d39767613b\"><br><strong>Palabras de Juan Mar\u00eda de la Mennais<\/strong><\/h4>\n\n\n\n<p class=\"has-text-align-left\"><img loading=\"lazy\" decoding=\"async\" width=\"150\" height=\"165\" class=\"wp-image-21587\" style=\"width: 150px;\" src=\"https:\/\/menesianosoy.org\/wp-content\/uploads\/2025\/03\/JMLM.png\" alt=\"\" srcset=\"https:\/\/menesianosoy.org\/wp-content\/uploads\/2025\/03\/JMLM.png 330w, https:\/\/menesianosoy.org\/wp-content\/uploads\/2025\/03\/JMLM-273x300.png 273w\" sizes=\"auto, (max-width: 150px) 85vw, 150px\" \/><br><em>Hoy me limito a decirte que evites con el mayor cuidado todo lo que har\u00eda inflamar los esp\u00edritus o desanimarlos. No puedo entrar en detalles que ignoro; pero lo que tengo claro es que s\u00f3lo el demonio ha podido suscitar esta tormenta. Espero que no sea de larga duraci\u00f3n; as\u00ed que, paciencia y \u00e1nimo: est\u00e9n seguros de que no los olvido de ninguna manera y que no subo ninguna vez al santo altar sin pedir al buen Dios todas las gracias de luz y de fuerza de las que ustedes tienen necesidad. (Al H. Gerardo, 1\u00ba-06-1842)<\/em><\/p>\n\n\n\n<h4 class=\"wp-block-heading has-text-align-left has-vivid-red-color has-text-color has-link-color wp-elements-9b58b4cf28e51a68b18ed9bc3b9b2a00\"><br><strong>Una misi\u00f3n &#8211; Juventud Familia Misionera<\/strong><\/h4>\n\n\n\n<figure class=\"wp-block-embed is-type-video is-provider-youtube wp-block-embed-youtube wp-embed-aspect-16-9 wp-has-aspect-ratio\"><div class=\"wp-block-embed__wrapper\">\n<iframe loading=\"lazy\" title=\"Una Misi\u00f3n (Lyric Video)\" width=\"1140\" height=\"641\" src=\"https:\/\/www.youtube.com\/embed\/u1elvnXyw6I?feature=oembed\" frameborder=\"0\" allow=\"accelerometer; autoplay; clipboard-write; encrypted-media; gyroscope; picture-in-picture; web-share\" referrerpolicy=\"strict-origin-when-cross-origin\" allowfullscreen><\/iframe>\n<\/div><\/figure>\n\n\n\n<p class=\"has-text-align-left\">Te entrego mis manos y mi coraz\u00f3n;<br>llevar tu mensaje a cada rinc\u00f3n.<br>Te entrego mis pasos,<br>yo quiero entregarme a ti, Se\u00f1or.<br><br>Y donde falte amor, yo llegar\u00e9.<br>Sin descansar yo siempre seguir\u00e9.<br>Tu palabra, Se\u00f1or, es mi fuerza y mi fe.<br><br>Miles de historia, una misi\u00f3n.<br>T\u00fa me has llamado a hablar de tu amor<br>y compartir tu luz, mi Jes\u00fas.<br>Llevar tu mensaje es nuestra misi\u00f3n.<br>T\u00fa me has llamado a hablar de tu amor<br>y compartir tu luz, mi Jes\u00fas.<br>Miles de historias, una misi\u00f3n.<br><br>Recibe mi vida, todo es para Ti.<br>Haz lo que t\u00fa quieras, transf\u00f3rmame as\u00ed.<br>Escribe esta historia con letras de amor<br>en m\u00ed, Se\u00f1or.<br>Y a donde quieras voy, no parar\u00e9.<br>Si me lo pides hoy, ah\u00ed estar\u00e9.<br>Tu palabra, Se\u00f1or, es mi fuerza y mi fe.<\/p>\n\n\n\n<p class=\"has-text-align-left has-vivid-purple-background-color has-background\"><\/p>\n","protected":false},"excerpt":{"rendered":"<p>G\u00e9nesis 46, 1-7.28-30Salmo 36, 3-4.18-19.27-28.39-40 Evangelio: Mateo 10, 16-23 Jes\u00fas les dijo: Yo los env\u00edo como a ovejas en medio de lobos: sean entonces astutos como serpientes y sencillos como palomas.Cu\u00eddense de los hombres, porque los entregar\u00e1n a los tribunales y los azotar\u00e1n en las sinagogas. A causa de m\u00ed, ser\u00e1n llevados ante gobernadores y &hellip; <a href=\"https:\/\/menesianosoy.org\/index.php\/2025\/07\/08\/san-benito-de-nursia\/\" class=\"more-link\">Continue reading<span class=\"screen-reader-text\"> \u00abSan Benito de Nursia\u00bb<\/span><\/a><\/p>\n","protected":false},"author":3,"featured_media":0,"comment_status":"closed","ping_status":"closed","sticky":false,"template":"","format":"standard","meta":{"_acf_changed":false,"footnotes":""},"categories":[9],"tags":[],"class_list":["post-24938","post","type-post","status-publish","format-standard","hentry","category-evangelio"],"acf":[],"_links":{"self":[{"href":"https:\/\/menesianosoy.org\/index.php\/wp-json\/wp\/v2\/posts\/24938","targetHints":{"allow":["GET"]}}],"collection":[{"href":"https:\/\/menesianosoy.org\/index.php\/wp-json\/wp\/v2\/posts"}],"about":[{"href":"https:\/\/menesianosoy.org\/index.php\/wp-json\/wp\/v2\/types\/post"}],"author":[{"embeddable":true,"href":"https:\/\/menesianosoy.org\/index.php\/wp-json\/wp\/v2\/users\/3"}],"replies":[{"embeddable":true,"href":"https:\/\/menesianosoy.org\/index.php\/wp-json\/wp\/v2\/comments?post=24938"}],"version-history":[{"count":10,"href":"https:\/\/menesianosoy.org\/index.php\/wp-json\/wp\/v2\/posts\/24938\/revisions"}],"predecessor-version":[{"id":25028,"href":"https:\/\/menesianosoy.org\/index.php\/wp-json\/wp\/v2\/posts\/24938\/revisions\/25028"}],"wp:attachment":[{"href":"https:\/\/menesianosoy.org\/index.php\/wp-json\/wp\/v2\/media?parent=24938"}],"wp:term":[{"taxonomy":"category","embeddable":true,"href":"https:\/\/menesianosoy.org\/index.php\/wp-json\/wp\/v2\/categories?post=24938"},{"taxonomy":"post_tag","embeddable":true,"href":"https:\/\/menesianosoy.org\/index.php\/wp-json\/wp\/v2\/tags?post=24938"}],"curies":[{"name":"wp","href":"https:\/\/api.w.org\/{rel}","templated":true}]}}