{"id":2532,"date":"2023-09-01T16:17:41","date_gmt":"2023-09-01T19:17:41","guid":{"rendered":"https:\/\/menesianosoy.org\/?p=2532"},"modified":"2023-09-01T16:36:17","modified_gmt":"2023-09-01T19:36:17","slug":"san-simeon-estilita-2","status":"publish","type":"post","link":"https:\/\/menesianosoy.org\/index.php\/2023\/09\/01\/san-simeon-estilita-2\/","title":{"rendered":"San Sime\u00f3n estilita"},"content":{"rendered":"\n<h4 class=\"wp-block-heading has-vivid-cyan-blue-color has-text-color\"><strong>Oraci\u00f3n<\/strong><\/h4>\n\n\n\n<p class=\"has-text-align-left\"><em>Se\u00f1or Jes\u00fas,<br>T\u00fa que dijiste que todos sean uno,<br>te damos gracias por llamarnos a la unidad,<br>por desafiarnos a salir<br>de nuestros esquemas y seguridades.<br>Sabes de nuestras resistencias<br>e inseguridades,<br>sabes de nuestros sue\u00f1os y anhelos;<br>no te son desconocidas<br>nuestras limitaciones y pobrezas,<br>y tambi\u00e9n con ellas<br>quieres gestar la nueva realidad.<br>Nos confiamos a Mar\u00eda,<br>que sali\u00f3 a prisa al encuentro<br>de la vida que clama.<br>Haz de la familia menesiana<br>un cuerpo para la misi\u00f3n<br>que cuide y defienda la vida<br>de los m\u00e1s peque\u00f1os del sur.<br>Am\u00e9n.<\/em><\/p>\n\n\n\n<h4 class=\"wp-block-heading has-vivid-cyan-blue-color has-text-color\"><br><strong>Intenciones<\/strong><\/h4>\n\n\n\n<ul class=\"wp-block-list\">\n<li>Por la familia menesiana del colegio San Pablo de Luj\u00e1n de Cuyo.<\/li>\n\n\n\n<li>Por la comunidad del Menesiano de Madrid (Espa\u00f1a) y la de Buhungiro (Uganda).<\/li>\n\n\n\n<li>Por el Escolasticado de Kisubi, Uganda.<\/li>\n\n\n\n<li>Por las intenciones de la Novena.<\/li>\n<\/ul>\n\n\n\n<h4 class=\"wp-block-heading has-text-align-left has-vivid-cyan-blue-color has-text-color\"><br><strong>Constituciones 86 b<\/strong><\/h4>\n\n\n\n<p class=\"has-white-background-color has-background\">El fin primero de la autoridad es la fidelidad de todos y de cada uno al esp\u00edritu querido por los Fundadores y a la misi\u00f3n confiada por la Iglesia, y no la vida administrativa o material de la Congregaci\u00f3n.<\/p>\n\n\n\n<h4 class=\"wp-block-heading has-vivid-cyan-blue-color has-text-color\"><br><strong>A la Srta. Amable Chenu, 17 de junio de 1814<\/strong><\/h4>\n\n\n\n<p class=\"has-white-background-color has-background\">\u00bfEs demasiado que pasen unos a\u00f1os de paciencia y de pruebas para merecer que Dios se muestre a nosotros cara a cara y sin velo?<\/p>\n\n\n\n<h4 class=\"wp-block-heading has-vivid-cyan-blue-color has-text-color\"><br><strong>Difuntos<\/strong><\/h4>\n\n\n\n<p>1960: Gu\u00e9nol\u00e9 Bizien<br>1978: Jean B\u00e9trom (Jean-Herv\u00e9)<\/p>\n","protected":false},"excerpt":{"rendered":"<p>Oraci\u00f3n Se\u00f1or Jes\u00fas,T\u00fa que dijiste que todos sean uno,te damos gracias por llamarnos a la unidad,por desafiarnos a salirde nuestros esquemas y seguridades.Sabes de nuestras resistenciase inseguridades,sabes de nuestros sue\u00f1os y anhelos;no te son desconocidasnuestras limitaciones y pobrezas,y tambi\u00e9n con ellasquieres gestar la nueva realidad.Nos confiamos a Mar\u00eda,que sali\u00f3 a prisa al encuentrode la vida &hellip; <a href=\"https:\/\/menesianosoy.org\/index.php\/2023\/09\/01\/san-simeon-estilita-2\/\" class=\"more-link\">Continue reading<span class=\"screen-reader-text\"> \u00abSan Sime\u00f3n estilita\u00bb<\/span><\/a><\/p>\n","protected":false},"author":3,"featured_media":0,"comment_status":"closed","ping_status":"closed","sticky":false,"template":"","format":"standard","meta":{"_acf_changed":false,"footnotes":""},"categories":[3],"tags":[],"class_list":["post-2532","post","type-post","status-publish","format-standard","hentry","category-calendario"],"acf":[],"_links":{"self":[{"href":"https:\/\/menesianosoy.org\/index.php\/wp-json\/wp\/v2\/posts\/2532","targetHints":{"allow":["GET"]}}],"collection":[{"href":"https:\/\/menesianosoy.org\/index.php\/wp-json\/wp\/v2\/posts"}],"about":[{"href":"https:\/\/menesianosoy.org\/index.php\/wp-json\/wp\/v2\/types\/post"}],"author":[{"embeddable":true,"href":"https:\/\/menesianosoy.org\/index.php\/wp-json\/wp\/v2\/users\/3"}],"replies":[{"embeddable":true,"href":"https:\/\/menesianosoy.org\/index.php\/wp-json\/wp\/v2\/comments?post=2532"}],"version-history":[{"count":10,"href":"https:\/\/menesianosoy.org\/index.php\/wp-json\/wp\/v2\/posts\/2532\/revisions"}],"predecessor-version":[{"id":2546,"href":"https:\/\/menesianosoy.org\/index.php\/wp-json\/wp\/v2\/posts\/2532\/revisions\/2546"}],"wp:attachment":[{"href":"https:\/\/menesianosoy.org\/index.php\/wp-json\/wp\/v2\/media?parent=2532"}],"wp:term":[{"taxonomy":"category","embeddable":true,"href":"https:\/\/menesianosoy.org\/index.php\/wp-json\/wp\/v2\/categories?post=2532"},{"taxonomy":"post_tag","embeddable":true,"href":"https:\/\/menesianosoy.org\/index.php\/wp-json\/wp\/v2\/tags?post=2532"}],"curies":[{"name":"wp","href":"https:\/\/api.w.org\/{rel}","templated":true}]}}