{"id":25454,"date":"2025-07-25T07:06:23","date_gmt":"2025-07-25T10:06:23","guid":{"rendered":"https:\/\/menesianosoy.org\/?p=25454"},"modified":"2025-07-29T06:58:24","modified_gmt":"2025-07-29T09:58:24","slug":"santos-marta-maria-y-lazaro","status":"publish","type":"post","link":"https:\/\/menesianosoy.org\/index.php\/2025\/07\/25\/santos-marta-maria-y-lazaro\/","title":{"rendered":"Santos Marta, Mar\u00eda y L\u00e1zaro"},"content":{"rendered":"\n<p class=\"has-text-align-left\"><strong>1\u00aa Juan 4, 7-16<br>Salmo 33, 2-11<\/strong><\/p>\n\n\n\n<h4 class=\"wp-block-heading has-text-align-left has-vivid-red-color has-text-color has-link-color wp-elements-bf35fb6a187e52c054a58673959d0520\"><br><strong>Evangelio: Juan 11, 19-27<\/strong><\/h4>\n\n\n\n<figure class=\"wp-block-audio\"><audio controls src=\"https:\/\/menesianosoy.org\/wp-content\/uploads\/2025\/07\/29-de-julio.mp3\"><\/audio><\/figure>\n\n\n\n<p class=\"has-text-align-left\"><strong><em>Muchos jud\u00edos hab\u00edan ido a consolar a Marta y a Mar\u00eda, por la muerte de su hermano.<br>Al enterarse de que Jes\u00fas llegaba, Marta sali\u00f3 a su encuentro, mientras Mar\u00eda permanec\u00eda en la casa. Marta dio a Jes\u00fas: Se\u00f1or, si hubieras estado aqu\u00ed, mi hermano no habr\u00eda muerto. Pero yo s\u00e9 que aun ahora, Dios te conceder\u00e1 todo lo que le pidas.<br>Jes\u00fas le dijo: Tu hermano resucitar\u00e1.<br>Marta le respondi\u00f3: S\u00e9 que resucitar\u00e1 en la resurrecci\u00f3n del \u00faltimo d\u00eda.<br>Jes\u00fas le dijo: Yo soy la Resurrecci\u00f3n y la Vida. El que cree en m\u00ed, aunque muera, vivir\u00e1: y todo el que vive y cree en m\u00ed, no morir\u00e1 jam\u00e1s. \u00bfCrees esto?<br>Ella le respondi\u00f3: S\u00ed, Se\u00f1or, creo que t\u00fa eres el Mes\u00edas, el Hijo de Dios, el que deb\u00eda venir al mundo<\/em><\/strong>.<\/p>\n\n\n\n<figure class=\"wp-block-image size-full\"><img loading=\"lazy\" decoding=\"async\" width=\"450\" height=\"271\" src=\"https:\/\/menesianosoy.org\/wp-content\/uploads\/2024\/07\/Marta-Maria-y-Lazaro-con-Jesus-780x470-1.jpg\" alt=\"\" class=\"wp-image-14785\" srcset=\"https:\/\/menesianosoy.org\/wp-content\/uploads\/2024\/07\/Marta-Maria-y-Lazaro-con-Jesus-780x470-1.jpg 450w, https:\/\/menesianosoy.org\/wp-content\/uploads\/2024\/07\/Marta-Maria-y-Lazaro-con-Jesus-780x470-1-300x181.jpg 300w\" sizes=\"auto, (max-width: 450px) 85vw, 450px\" \/><\/figure>\n\n\n\n<p class=\"has-text-align-left\">\u201cA Marta que llora por la desaparici\u00f3n de su hermano L\u00e1zaro, Jes\u00fas le presenta la luz de un dogma: <em>\u00abYo soy la resurrecci\u00f3n. El que cree en m\u00ed, aunque muera, vivir\u00e1; y todo el que vive y cree en m\u00ed, no morir\u00e1 jam\u00e1s. \u00bfCrees esto?\u00bb <\/em><br>Es lo que Jes\u00fas repite a cada uno de nosotros cada vez que la muerte viene a romper el tejido de la vida y de los afectos. Toda nuestra existencia se juega aqu\u00ed, entre el lado de la fe y el precipicio del miedo. Dice Jes\u00fas: Yo no soy la muerte, yo soy la resurrecci\u00f3n y la vida, \u00bft\u00fa crees esto? Nosotros, \u00bfcreemos esto?<br><br>Tomos todos peque\u00f1os e indefensos ante el misterio de la muerte. Pero, \u00a1qu\u00e9 gracia si en ese momento custodiamos en el coraz\u00f3n la llama de la fe! Jes\u00fas nos tomar\u00e1 de la mano, como tom\u00f3 a la hija de Jairo, y repetir\u00e1 una vez m\u00e1s<em>: \u00abTalit\u00e1 kum\u00bb, \u00abmuchacha, lev\u00e1ntate\u00bb<\/em> (Marcos 5, 41). Nos lo dir\u00e1 a nosotros, a cada uno de nosotros: \u00a1Lev\u00e1ntate, resucita!\u201d (Papa Francisco)<\/p>\n\n\n\n<p class=\"has-text-align-left\"><br><strong>M\u00c1XIMA<br>\u00abYo soy la Resurrecci\u00f3n y la Vida\u00bb<\/strong><\/p>\n\n\n\n<h4 class=\"wp-block-heading has-text-align-left has-vivid-red-color has-text-color has-link-color wp-elements-adde6e299eef5c6bf8c69700d4076ec7\"><br><strong>Palabras de Juan Mar\u00eda<\/strong><\/h4>\n\n\n\n<p class=\"has-text-align-left\"><img loading=\"lazy\" decoding=\"async\" width=\"150\" height=\"165\" class=\"wp-image-21587\" style=\"width: 150px;\" src=\"https:\/\/menesianosoy.org\/wp-content\/uploads\/2025\/03\/JMLM.png\" alt=\"\" srcset=\"https:\/\/menesianosoy.org\/wp-content\/uploads\/2025\/03\/JMLM.png 330w, https:\/\/menesianosoy.org\/wp-content\/uploads\/2025\/03\/JMLM-273x300.png 273w\" sizes=\"auto, (max-width: 150px) 85vw, 150px\" \/><br><em>Compartan, queridos ni\u00f1os, los mismos sentimientos. Purif\u00edquense m\u00e1s y m\u00e1s; santifiquen todas tus obras para que cuando llegue su \u00faltima hora, puedan poner su alma con confianza y alegr\u00eda en las manos de Jes\u00fas, quien los juzgar\u00e1 en su misericordia y ser\u00e1 su resurrecci\u00f3n y su vida.\u201d (Oraci\u00f3n f\u00fanebre)<\/em><\/p>\n\n\n\n<h4 class=\"wp-block-heading has-text-align-left has-vivid-red-color has-text-color has-link-color wp-elements-b7a770f2e5908ca5121bbbbf7d2b28ed\"><br><strong>Yo<\/strong> <strong>creo en tu Resurrecci\u00f3n \u2013 Hermana Glenda<\/strong><\/h4>\n\n\n\n<figure class=\"wp-block-embed is-type-video is-provider-youtube wp-block-embed-youtube wp-embed-aspect-16-9 wp-has-aspect-ratio\"><div class=\"wp-block-embed__wrapper\">\n<iframe loading=\"lazy\" title=\"\u00a1Yo creo en tu Resurreccio\u0301n!..\" width=\"1140\" height=\"641\" src=\"https:\/\/www.youtube.com\/embed\/JwG_CY1BUGU?feature=oembed\" frameborder=\"0\" allow=\"accelerometer; autoplay; clipboard-write; encrypted-media; gyroscope; picture-in-picture; web-share\" referrerpolicy=\"strict-origin-when-cross-origin\" allowfullscreen><\/iframe>\n<\/div><\/figure>\n\n\n\n<p class=\"has-text-align-left\">Yo creo en tu resurrecci\u00f3n<br>porque puedo amar, puedo re\u00edr,<br>puedo abrazar mi mayor enemigo<br>y mirarlo en ti.<br><br>Yo creo en tu resurrecci\u00f3n<br>porque tengo paz en el coraz\u00f3n,<br>porque puedo entregarme<br>a pesar de todo este dolor.<br><br>Yo creo en tu resurrecci\u00f3n<br>porque soy feliz junto a ti,<br>porque me amas tanto<br>que hasta moriste por m\u00ed.<br><br>Yo creo en tu resurrecci\u00f3n<br>porque puedo amar,<br>porque tengo tanto, tanto,<br>tanto para entregar.<br><br>Yo creo que t\u00fa, Se\u00f1or,<br>vivir\u00e1s en m\u00ed.<br>Yo creo que t\u00fa, Se\u00f1or,<br>vencer\u00e1s en m\u00ed.<br><br>Yo creo que t\u00fa, Se\u00f1or,<br>morar\u00e1s en m\u00ed<br>para siempre, para siempre,<br>Se\u00f1or.<br><br>Yo creo en tu resurrecci\u00f3n<br>porque ni el dolor, ni mi propio error,<br>ninguna angustia<br>podr\u00e1 separarme de tu amor.<br><br>Yo creo en tu resurrecci\u00f3n<br>porque todo lo puedo con tu amor,<br>Porque s\u00e9 que cuidas de mi vida<br>mejor que yo.<br><br>Yo creo en tu resurrecci\u00f3n<br>porque puedo amar<br>Porque puedo entregarme<br>a pesar de todo este dolor.<br><br>Yo creo en tu resurrecci\u00f3n<br>porque puedo amar,<br>porque tengo, tanto, tanto,<br>tanto para entregar.<br><br>Yo creo en ti, Se\u00f1or.<br>Yo creo en la fuerza de tu vida.<br>Creo que donde abund\u00f3 el pecado<br>m\u00e1s sobreabund\u00f3 tu gracia.<br>Creo en la fuerza de tu peque\u00f1a semilla<br>en nuestro coraz\u00f3n<br>que da el ciento por uno.<br>Creo que vives en nosotros.<\/p>\n\n\n\n<p class=\"has-vivid-purple-background-color has-background\"><\/p>\n","protected":false},"excerpt":{"rendered":"<p>1\u00aa Juan 4, 7-16Salmo 33, 2-11 Evangelio: Juan 11, 19-27 Muchos jud\u00edos hab\u00edan ido a consolar a Marta y a Mar\u00eda, por la muerte de su hermano.Al enterarse de que Jes\u00fas llegaba, Marta sali\u00f3 a su encuentro, mientras Mar\u00eda permanec\u00eda en la casa. Marta dio a Jes\u00fas: Se\u00f1or, si hubieras estado aqu\u00ed, mi hermano no &hellip; <a href=\"https:\/\/menesianosoy.org\/index.php\/2025\/07\/25\/santos-marta-maria-y-lazaro\/\" class=\"more-link\">Continue reading<span class=\"screen-reader-text\"> \u00abSantos Marta, Mar\u00eda y L\u00e1zaro\u00bb<\/span><\/a><\/p>\n","protected":false},"author":3,"featured_media":0,"comment_status":"closed","ping_status":"closed","sticky":false,"template":"","format":"standard","meta":{"_acf_changed":false,"footnotes":""},"categories":[9],"tags":[],"class_list":["post-25454","post","type-post","status-publish","format-standard","hentry","category-evangelio"],"acf":[],"_links":{"self":[{"href":"https:\/\/menesianosoy.org\/index.php\/wp-json\/wp\/v2\/posts\/25454","targetHints":{"allow":["GET"]}}],"collection":[{"href":"https:\/\/menesianosoy.org\/index.php\/wp-json\/wp\/v2\/posts"}],"about":[{"href":"https:\/\/menesianosoy.org\/index.php\/wp-json\/wp\/v2\/types\/post"}],"author":[{"embeddable":true,"href":"https:\/\/menesianosoy.org\/index.php\/wp-json\/wp\/v2\/users\/3"}],"replies":[{"embeddable":true,"href":"https:\/\/menesianosoy.org\/index.php\/wp-json\/wp\/v2\/comments?post=25454"}],"version-history":[{"count":11,"href":"https:\/\/menesianosoy.org\/index.php\/wp-json\/wp\/v2\/posts\/25454\/revisions"}],"predecessor-version":[{"id":25533,"href":"https:\/\/menesianosoy.org\/index.php\/wp-json\/wp\/v2\/posts\/25454\/revisions\/25533"}],"wp:attachment":[{"href":"https:\/\/menesianosoy.org\/index.php\/wp-json\/wp\/v2\/media?parent=25454"}],"wp:term":[{"taxonomy":"category","embeddable":true,"href":"https:\/\/menesianosoy.org\/index.php\/wp-json\/wp\/v2\/categories?post=25454"},{"taxonomy":"post_tag","embeddable":true,"href":"https:\/\/menesianosoy.org\/index.php\/wp-json\/wp\/v2\/tags?post=25454"}],"curies":[{"name":"wp","href":"https:\/\/api.w.org\/{rel}","templated":true}]}}