{"id":25890,"date":"2025-08-09T08:55:24","date_gmt":"2025-08-09T11:55:24","guid":{"rendered":"https:\/\/menesianosoy.org\/?p=25890"},"modified":"2025-08-09T20:55:04","modified_gmt":"2025-08-09T23:55:04","slug":"domingo-19o-durante-el-ano-3","status":"publish","type":"post","link":"https:\/\/menesianosoy.org\/index.php\/2025\/08\/09\/domingo-19o-durante-el-ano-3\/","title":{"rendered":"Domingo 19\u00ba durante el a\u00f1o"},"content":{"rendered":"\n<p class=\"has-text-align-left\"><strong>Primera lectura: Sabidur\u00eda 18, 5-9<br>Salmo 32, 1.12.18-20.22<br>Segunda lectura: Hebreos 11, 1-2.8-19 o bien 11, 1-2.8-12<\/strong><\/p>\n\n\n\n<h4 class=\"wp-block-heading has-text-align-left has-vivid-red-color has-text-color has-link-color wp-elements-1e919e56da842cc00586252bcdba05e1\"><br><strong>EVANGELIO: Lucas 12, 32-48<\/strong><\/h4>\n\n\n\n<figure class=\"wp-block-audio\"><audio controls src=\"https:\/\/menesianosoy.org\/wp-content\/uploads\/2025\/08\/10.08.2025-Domingo.mp3\"><\/audio><\/figure>\n\n\n\n<p class=\"has-text-align-left\"><strong><em>Jes\u00fas dijo a sus disc\u00edpulos: No temas, peque\u00f1o reba\u00f1o, porque el Padre de ustedes ha querido darles el Reino.<br>Vendan sus bienes y denlos como limosna. H\u00e1ganse bolsas que no se desgasten y acumulen un tesoro inagotable en el cielo, donde no se acerca el ladr\u00f3n ni destruye la polilla. Porque all\u00ed donde tengan su tesoro, tendr\u00e1n tambi\u00e9n su coraz\u00f3n.<br>Est\u00e9n preparados, ce\u00f1idos y con las l\u00e1mparas encendidas. Sean como los hombres que esperan el regreso de su se\u00f1or, que fue a una boda, para abrirle apenas llegue y llame a la puerta.<br>\u00a1Felices los servidores a quienes el se\u00f1or encuentra velando a su llegada! Les aseguro que \u00e9l mismo recoger\u00e1 su t\u00fanica, los har\u00e1 sentar a la mesa y se pondr\u00e1 a servirlo. \u00a1Felices ellos, si el se\u00f1or llega a medianoche o antes del alba y los encuentra as\u00ed!<br>Enti\u00e9ndalo bien: si el due\u00f1o de casa supiera a qu\u00e9 hora va llegar el ladr\u00f3n, no dejar\u00eda perforar las paredes de su casa. Ustedes tambi\u00e9n est\u00e9n preparados, porque el Hijo del hombre llegar\u00e1 a la hora menos pensada.<br>Pedro pregunt\u00f3 entonces: Se\u00f1or, \u00bfesta par\u00e1bola la dices para nosotros o para todos?<br>El Se\u00f1or le dijo: \u00bfCu\u00e1l es el administrador fiel y previsor, a quien el Se\u00f1or pondr\u00e1 al frente de su personal para distribuirle la raci\u00f3n de trigo en el momento oportuno? \u00a1Feliz aquel a quien su se\u00f1or, al llegar, encuentra ocupado en este trabajo! Les aseguro que lo har\u00e1 administrador de todos sus bienes.<br>Pero si este servidor piensa: Mi se\u00f1or tardar\u00e1 en llegar, y se dedica a golpear a los servidores y a las sirvientas, y se pone a comer, a beber y a emborracharse, su se\u00f1or llegar\u00e1 el d\u00eda y la hora menos pensada, lo castigar\u00e1 y le har\u00e1 correr la misma suerte que los infieles.<br>El servidor que, conociendo la voluntad de su se\u00f1or, no tuvo las cosas preparadas y no obr\u00f3 conforme a lo que \u00e9l hab\u00eda dispuesto, recibir\u00e1 un castigo severo. Pero aquel que, sin saberlo, se hizo tambi\u00e9n culpable, ser\u00e1 castigado menos severamente. Al que se le dio mucho, se le pedir\u00e1 mucho; y al que se le confi\u00f3 mucho, se le reclamar\u00e1 mucho m\u00e1s.<\/em><\/strong><\/p>\n\n\n\n<figure class=\"wp-block-image size-full is-resized\"><img loading=\"lazy\" decoding=\"async\" width=\"547\" height=\"540\" src=\"https:\/\/menesianosoy.org\/wp-content\/uploads\/2025\/08\/velen.png\" alt=\"\" class=\"wp-image-25896\" style=\"width:415px;height:auto\" srcset=\"https:\/\/menesianosoy.org\/wp-content\/uploads\/2025\/08\/velen.png 547w, https:\/\/menesianosoy.org\/wp-content\/uploads\/2025\/08\/velen-300x296.png 300w\" sizes=\"auto, (max-width: 547px) 85vw, 547px\" \/><\/figure>\n\n\n\n<h4 class=\"wp-block-heading has-text-align-left has-vivid-red-color has-text-color has-link-color wp-elements-9f47231f443d0bb55a4e249b408b1b3b\"><br><strong>PALABRA Y REALIDAD<\/strong><\/h4>\n\n\n\n<p class=\"has-text-align-left\">Las primeras generaciones cristianas se vieron muy pronto obligadas a plantearse una cuesti\u00f3n decisiva, pues la venida de Cristo resucitado se retrasaba m\u00e1s de lo que hab\u00edan pensado en un comienzo. La espera se les hac\u00eda larga. \u00bfC\u00f3mo mantener viva la esperanza? \u00bfC\u00f3mo no caer en la frustraci\u00f3n, el cansancio o el desaliento?<br><br>En los evangelios encontramos diversas exhortaciones, par\u00e1bolas y llamadas que s\u00f3lo tienen un objetivo: mantener encendida la llama del primer amor a pesar de los vientos inevitables que se viv\u00edan en las comunidades cristianas.<br><br>La primera llamada hace foco en la necesidad de confiar, no temer, porque el Padre, en su providencia, nos ha dado el Reino como herencia. No es m\u00e9rito nuestro. Es don, gracia, regalo.<br><br>La segunda invitaci\u00f3n es a desprendernos de aquello que nos ata a las realidades temporales y a hacernos un tesoro en el cielo, donde no hay ni ladrones ni polilla, porque all\u00ed donde est\u00e9 nuestro tesoro estar\u00e1 nuestro coraz\u00f3n. Todos tenemos en claro que nada nos llevaremos de este mundo. Al papa Francisco le gustaba decir que jam\u00e1s ha visto un cami\u00f3n de mudanza detr\u00e1s de un coche f\u00fanebre. Y es cierto, pues lo \u00fanico que nos llevaremos ser\u00e1 aquello que hemos dado, entregado, ofrecido. Las posesiones quedar\u00e1n para otros. Las donaciones que hemos realizado, ser\u00e1n portadas como ofrendas gratas al Padre Dios.<br><br>La tercera llamada es a tener ce\u00f1ida la cintura y encendidas las l\u00e1mparas. Son dos im\u00e1genes muy expresivas, que indican la actitud que han de tener los criados (aunque para Dios somos hijos es hijas) que est\u00e1n esperando de noche a que regrese su se\u00f1or, para abrirle la puerta de la casa en cuanto llame. Han de estar con&nbsp;\u00abla cintura ce\u00f1ida\u00bb, es decir, con la t\u00fanica arremangada para poder moverse y actuar con agilidad. Han de estar con&nbsp;\u00ablas l\u00e1mparas encendidas\u00bb&nbsp;para tener la casa iluminada y mantenerse despiertos.<br><br>Estas palabras de Jes\u00fas son tambi\u00e9n hoy una llamada a vivir con lucidez y responsabilidad, sin caer en la pasividad o el letargo. En la historia de la Iglesia, en nuestras comunidades y en la vida propia hay momentos en que las tinieblas invaden. Sin embargo, no es la hora de apagar las luces y echarnos a dormir. Es la hora de reaccionar, despertar nuestra fe y seguir caminando hacia el futuro, incluso en una Iglesia, comunidad, vida personal avejentada, cansada, cuestionada, desacreditada\u2026<br><br>Uno de los obst\u00e1culos m\u00e1s importantes para impulsar la transformaci\u00f3n que necesita hoy la Iglesia es la pasividad generalizada de quienes nos decimos cristianos. Desgraciadamente, durante muchos siglos hemos sido educados, sobre todo, para la sumisi\u00f3n y la pasividad. Todav\u00eda hoy, en tiempos de sinodalidad, parece que no los necesitamos para pensar, proyectar y promover caminos nuevos de fidelidad hacia Jesucristo.<br><br>Por eso, hemos de valorar, cuidar y agradecer tanto el despertar de una nueva conciencia en muchos que viven hoy su adhesi\u00f3n a Cristo y su pertenencia a la Iglesia de un modo l\u00facido y responsable, abiertos a los problemas del mundo actual, y cercanos a los hombres y mujeres de hoy.<br><br>Para finalizar, nos trae una nueva bienaventuranza repetida tres veces, como indicando su importancia: \u00a1Felices los servidores a quienes el se\u00f1or encuentra velando a su llegada, sea la hora que sea, y ocupados en su trabajo (misi\u00f3n)! Esta bienaventuranza es para todos, para ti y para m\u00ed, pues el Se\u00f1or Jes\u00fas nos quiere encontrar (porque siempre viene a nuestro encuentro) ocupados en nuestra misi\u00f3n, no nos quiere encontrar ni abusando de nadie ni descuidando la misi\u00f3n, sino haciendo con responsabilidad lo que se nos ha confiado. \u00bfEst\u00e1s viviendo as\u00ed o est\u00e1s \u2018distra\u00eddo\u2019 con otras realidades? (ideas de Pagola).<\/p>\n\n\n\n<h4 class=\"wp-block-heading has-text-align-left has-vivid-red-color has-text-color has-link-color wp-elements-5af24976db34ac68a33e43ae400727f2\"><br><strong>LECTURA de los LAZOS<\/strong><\/h4>\n\n\n\n<p><strong>Jes\u00fas y sus disc\u00edpulos<\/strong>: <br>Las situaciones vitales que van viviendo juntos son oportunidades de formaci\u00f3n, los trata con ternura, los invita a no temer, a confiar en el Padre m\u00e1s que en los bienes de esta tierra, a estar siempre alertas, despiertos y en actitud de vigilante espera; a no dejarse dominar por las pasiones ni abusar de los m\u00e1s d\u00e9biles. Estas son las relaciones que el Padre quiere que vivan sus hijas e hijos, desde ahora.<\/p>\n\n\n\n<h4 class=\"wp-block-heading has-text-align-left has-vivid-red-color has-text-color has-link-color wp-elements-75732bdb50c49d0c0fee6c4751b46e5b\"><br><strong>PALABRAS DE JUAN MARIA<\/strong><\/h4>\n\n\n\n<p class=\"has-text-align-left\"><img loading=\"lazy\" decoding=\"async\" width=\"150\" height=\"165\" class=\"wp-image-21587\" style=\"width: 150px;\" src=\"https:\/\/menesianosoy.org\/wp-content\/uploads\/2025\/03\/JMLM.png\" alt=\"\" srcset=\"https:\/\/menesianosoy.org\/wp-content\/uploads\/2025\/03\/JMLM.png 330w, https:\/\/menesianosoy.org\/wp-content\/uploads\/2025\/03\/JMLM-273x300.png 273w\" sizes=\"auto, (max-width: 150px) 85vw, 150px\" \/><br><em>Pero la humana fragilidad es tal, que despu\u00e9s de haberse levantado, se vuelve a caer, y es necesario en consecuencia no permanecer por tierra, hacer un nuevo esfuerzo para levantarse. As\u00ed, entre ustedes a lo largo del a\u00f1o que se acaba, algunos habr\u00e1n descuidado el velar sobre ellos mismos con suficiente cuidado; no habr\u00e1n sido fieles en poner en pr\u00e1ctica todos los medios de santificaci\u00f3n que se les hab\u00eda indicado; su fervor se habr\u00e1 debilitado, su vocaci\u00f3n ser\u00e1 titubeante, sus pasiones, de las que se enorgullec\u00eda haberlas vencido, habr\u00e1n revivido y he aqu\u00ed que vienen al retiro enfermos, heridos e imagin\u00e1ndose, quiz\u00e1, que no hay remedio para ellos. Pensamiento imp\u00edo. Es el demonio quien lo pone para acabar de consumar su ruina. Hijos m\u00edos, el tiempo de un retiro es el tiempo de los milagros\u201d. (S VII p. 2223. Apertura del retiro \u2013frutos)<\/em><\/p>\n\n\n\n<h4 class=\"wp-block-heading has-text-align-left has-vivid-red-color has-text-color has-link-color wp-elements-91b544fb4ca19a36081797634de2747c\"><br><strong>Aprovecha &#8211; Santiago Benavides<\/strong><\/h4>\n\n\n\n<figure class=\"wp-block-embed is-type-video is-provider-youtube wp-block-embed-youtube wp-embed-aspect-16-9 wp-has-aspect-ratio\"><div class=\"wp-block-embed__wrapper\">\n<iframe loading=\"lazy\" title=\"Santiago Benavides - Aprovecha (Video Oficial)\" width=\"1140\" height=\"641\" src=\"https:\/\/www.youtube.com\/embed\/IN5r153hwbQ?feature=oembed\" frameborder=\"0\" allow=\"accelerometer; autoplay; clipboard-write; encrypted-media; gyroscope; picture-in-picture; web-share\" referrerpolicy=\"strict-origin-when-cross-origin\" allowfullscreen><\/iframe>\n<\/div><\/figure>\n\n\n\n<p class=\"has-text-align-left\">Aprovecha<br>que tenemos el regalo de la vida;<br>que un \u00abte quiero\u00bb est\u00e1 a tiempo todav\u00eda;<br>que hay \u00abperd\u00f3names\u00bb que curan las heridas.<br><br>Aprovecha<br>que tus ojos son capaces de un \u00abte amo\u00bb;<br>que tus manos pueden dar un buen abrazo<br>y tus pasos pueden ir en busca de tu hermano.<br><br>Aprovecha<br>que puedes dar amor con tus palabras<br>y una flor avivar antiguas llamas,<br>antiguas llamas.<br><br>Porque la lluvia acarici\u00f3 tu madrugada,<br>porque de nuevo Dios a la puerta te llama;<br>porque no sabes lo que pasar\u00e1 ma\u00f1ana,<br>aprovecha para amar.<br><br>Aprovecha<br>que las cosas importantes son tan simples;<br>que jugar con tus peque\u00f1os es posible;<br>que decirles que los amas los define.<br><br>Aprovecha<br>ese pudor del hast\u00edo de los d\u00edas.<br>Desempolva viejas alegr\u00edas,<br>tan sencillas.<br><br>Porque la lluvia acarici\u00f3 tu madrugada,<br>porque de nuevo Dios a la puerta te llama,<br>porque no sabes lo que pasar\u00e1 ma\u00f1ana,<br>aprovecha para amar.<br><br>Porque a\u00fan no se rompi\u00f3 el cord\u00f3n de plata,<br>porque el orgullo no ha acabado con el alma,<br>porque seguimos en la escuela de la gracia,<br>aprovecha para amar.<\/p>\n\n\n\n<p class=\"has-vivid-purple-background-color has-background\"><\/p>\n","protected":false},"excerpt":{"rendered":"<p>Primera lectura: Sabidur\u00eda 18, 5-9Salmo 32, 1.12.18-20.22Segunda lectura: Hebreos 11, 1-2.8-19 o bien 11, 1-2.8-12 EVANGELIO: Lucas 12, 32-48 Jes\u00fas dijo a sus disc\u00edpulos: No temas, peque\u00f1o reba\u00f1o, porque el Padre de ustedes ha querido darles el Reino.Vendan sus bienes y denlos como limosna. H\u00e1ganse bolsas que no se desgasten y acumulen un tesoro inagotable &hellip; <a href=\"https:\/\/menesianosoy.org\/index.php\/2025\/08\/09\/domingo-19o-durante-el-ano-3\/\" class=\"more-link\">Continue reading<span class=\"screen-reader-text\"> \u00abDomingo 19\u00ba durante el a\u00f1o\u00bb<\/span><\/a><\/p>\n","protected":false},"author":3,"featured_media":0,"comment_status":"closed","ping_status":"closed","sticky":false,"template":"","format":"standard","meta":{"_acf_changed":false,"footnotes":""},"categories":[9],"tags":[],"class_list":["post-25890","post","type-post","status-publish","format-standard","hentry","category-evangelio"],"acf":[],"_links":{"self":[{"href":"https:\/\/menesianosoy.org\/index.php\/wp-json\/wp\/v2\/posts\/25890","targetHints":{"allow":["GET"]}}],"collection":[{"href":"https:\/\/menesianosoy.org\/index.php\/wp-json\/wp\/v2\/posts"}],"about":[{"href":"https:\/\/menesianosoy.org\/index.php\/wp-json\/wp\/v2\/types\/post"}],"author":[{"embeddable":true,"href":"https:\/\/menesianosoy.org\/index.php\/wp-json\/wp\/v2\/users\/3"}],"replies":[{"embeddable":true,"href":"https:\/\/menesianosoy.org\/index.php\/wp-json\/wp\/v2\/comments?post=25890"}],"version-history":[{"count":6,"href":"https:\/\/menesianosoy.org\/index.php\/wp-json\/wp\/v2\/posts\/25890\/revisions"}],"predecessor-version":[{"id":25906,"href":"https:\/\/menesianosoy.org\/index.php\/wp-json\/wp\/v2\/posts\/25890\/revisions\/25906"}],"wp:attachment":[{"href":"https:\/\/menesianosoy.org\/index.php\/wp-json\/wp\/v2\/media?parent=25890"}],"wp:term":[{"taxonomy":"category","embeddable":true,"href":"https:\/\/menesianosoy.org\/index.php\/wp-json\/wp\/v2\/categories?post=25890"},{"taxonomy":"post_tag","embeddable":true,"href":"https:\/\/menesianosoy.org\/index.php\/wp-json\/wp\/v2\/tags?post=25890"}],"curies":[{"name":"wp","href":"https:\/\/api.w.org\/{rel}","templated":true}]}}