{"id":25930,"date":"2025-08-10T17:08:50","date_gmt":"2025-08-10T20:08:50","guid":{"rendered":"https:\/\/menesianosoy.org\/?p=25930"},"modified":"2025-08-12T09:56:48","modified_gmt":"2025-08-12T12:56:48","slug":"santa-juana-francisca-de-chantal-3","status":"publish","type":"post","link":"https:\/\/menesianosoy.org\/index.php\/2025\/08\/10\/santa-juana-francisca-de-chantal-3\/","title":{"rendered":"Santa Juana Francisca de Chantal"},"content":{"rendered":"\n<p class=\"has-text-align-left\"><strong>Deuteronomio 31, 1-8&nbsp;&nbsp;<br>Deuteronomio 32, 3-4a.7-9.12 (Salmo)<\/strong><\/p>\n\n\n\n<h4 class=\"wp-block-heading has-text-align-left has-vivid-red-color has-text-color has-link-color wp-elements-39b3d833c74da173799e36c2358aca85\"><br><strong>Evangelio: Mateo 18, 1-5.10.12-14<\/strong><\/h4>\n\n\n\n<figure class=\"wp-block-audio\"><audio controls src=\"https:\/\/menesianosoy.org\/wp-content\/uploads\/2025\/08\/12.08.2025-Martes.mp3\"><\/audio><\/figure>\n\n\n\n<p class=\"has-text-align-left\"><strong><em>En aquel momento los disc\u00edpulos se acercaron a Jes\u00fas para preguntarle: \u00bfQui\u00e9n es el m\u00e1s grande en el Reino de los Cielos?<br>Jes\u00fas llam\u00f3 a un ni\u00f1o, lo puso en medio de ellos y dijo: Les aseguro que, si ustedes no cambian o no se hacen como ni\u00f1os, no entrar\u00e1n en el Reino de los Cielos.<br>Por lo tanto, el que se haga peque\u00f1o como este ni\u00f1o, ser\u00e1 el m\u00e1s grande en el Reino de los Cielos. El que recibe a uno de estos peque\u00f1os en mi Nombre, me recibe a m\u00ed mismo. Cu\u00eddense de despreciar a cualquiera de estos peque\u00f1os, porque les aseguro que sus \u00e1ngeles en el cielo est\u00e1n constantemente en presencia de mi Padre celestial <br>\u00bfQu\u00e9 les parece? Si un hombre tiene cien ovejas, y una de ellas se pierde, \u00bfno deja las noventa y nueve restantes en la monta\u00f1a, para ir a buscar la que se extravi\u00f3? Y si llega a encontrarla, les aseguro que se alegrar\u00e1 m\u00e1s por ella que por las noventa y nueve que no se extraviaron.<br>De la misma manera, el Padre que est\u00e1 en el cielo no quiere que se pierda ni uno solo de estos peque\u00f1os.<\/em><\/strong><\/p>\n\n\n\n<figure class=\"wp-block-image size-full\"><img loading=\"lazy\" decoding=\"async\" width=\"450\" height=\"263\" src=\"https:\/\/menesianosoy.org\/wp-content\/uploads\/2024\/08\/maxresdefault.jpg\" alt=\"\" class=\"wp-image-15160\" srcset=\"https:\/\/menesianosoy.org\/wp-content\/uploads\/2024\/08\/maxresdefault.jpg 450w, https:\/\/menesianosoy.org\/wp-content\/uploads\/2024\/08\/maxresdefault-300x175.jpg 300w\" sizes=\"auto, (max-width: 450px) 85vw, 450px\" \/><\/figure>\n\n\n\n<p class=\"has-text-align-left\">La expresi\u00f3n, \u2018peque\u00f1os\u2019, no se refiere s\u00f3lo a los ni\u00f1os, sino a las personas sin importancia de la sociedad, incluidos los ni\u00f1os. Jes\u00fas pide que los peque\u00f1os, est\u00e9n en el centro de las preocupaciones de la comunidad, porque \u201c<em>el Padre quiere que ni uno s\u00f3lo de estos peque\u00f1os se pierda<\/em>\u201d (Mt 18,14).<br><br>Los disc\u00edpulos quieren saber qui\u00e9n es el mayor en el Reino. El s\u00f3lo hecho de preguntarlo indica que no han entendido bien el mensaje de Jes\u00fas. La respuesta de Jes\u00fas, es para que se entienda que entre sus seguidores tiene que primar el esp\u00edritu de servicio, de entrega, de perd\u00f3n, de reconciliaci\u00f3n y de amor gratuito, sin buscar el propio inter\u00e9s.<br><br>Los disc\u00edpulos quieren un criterio para poder medir la importancia de las personas en la comunidad. Jes\u00fas responde que el criterio son \u00a1los ni\u00f1os! Los ni\u00f1os no tienen importancia social, no pertenecen al mundo de los mayores. Los disc\u00edpulos, en vez de crecer por encima o hacia el centro, deben crecer hacia abajo y hacia la periferia. \u00a1As\u00ed ser\u00e1n los mayores en el Reino! Y el motivo es \u00e9ste: <em>\u201cEl que recibe a uno de estos peque\u00f1os en mi Nombre, me recibe a m\u00ed mismo.<\/em>\u201d El amor de Jes\u00fas por los peque\u00f1os no tiene explicaci\u00f3n. Los ni\u00f1os no tienen m\u00e9ritos, son amados por los padres y por todos por ser ni\u00f1os. Aqu\u00ed se manifiesta la pura gratuidad de Dios que pide ser imitada en la comunidad por los que creen en Jes\u00fas.<br><br>En la Biblia, el \u00e1ngel es el rostro de Yahv\u00e9 dirigido hacia nosotros. El \u00e1ngel de la guarda es el rostro de Dios hacia m\u00ed, hacia vos. Es la expresi\u00f3n personalizada de la convicci\u00f3n m\u00e1s profunda de nuestra fe, que Dios est\u00e1 con nosotros, conmigo, \u00a1siempre! Es una forma de concretar el amor y la presencia de Dios en nuestra vida, hasta los m\u00ednimos detalles, en los m\u00e1s peque\u00f1os. (P. Javier Verdenelli, Radio Mar\u00eda)<\/p>\n\n\n\n<p><br><strong>M\u00c1XIMA<br>El Reino es de los \u2018peque\u00f1os\u2019<\/strong><\/p>\n\n\n\n<h4 class=\"wp-block-heading has-text-align-left has-vivid-red-color has-text-color has-link-color wp-elements-21e72ba6ab8aac75548a19d39767613b\"><br><strong>Palabras de Juan Mar\u00eda de la Mennais<\/strong><\/h4>\n\n\n\n<p class=\"has-text-align-left\"><img loading=\"lazy\" decoding=\"async\" width=\"150\" height=\"165\" class=\"wp-image-21587\" style=\"width: 150px;\" src=\"https:\/\/menesianosoy.org\/wp-content\/uploads\/2025\/03\/JMLM.png\" alt=\"\" srcset=\"https:\/\/menesianosoy.org\/wp-content\/uploads\/2025\/03\/JMLM.png 330w, https:\/\/menesianosoy.org\/wp-content\/uploads\/2025\/03\/JMLM-273x300.png 273w\" sizes=\"auto, (max-width: 150px) 85vw, 150px\" \/><br><em>Queridos ni\u00f1os a los que Jes\u00fas nuestro Salvador ha amado tanto, que se ha dignado abrazar y bendecir, vengan con nosotros, permanezcan con nosotros; seremos los \u00e1ngeles guardianes de su inocencia; seremos sus defensores y sus padres; nos entregaremos por ustedes; ning\u00fan sacrificio nos parecer\u00e1 demasiado grande para salvarlos. (S.VII 2270-2275)<\/em><\/p>\n\n\n\n<h4 class=\"wp-block-heading has-text-align-left has-vivid-red-color has-text-color has-link-color wp-elements-e3dab2d4d210d0812d94783277370e7c\"><br><strong>Los favoritos de Dios &#8211; Luis Guitarra<\/strong><\/h4>\n\n\n\n<figure class=\"wp-block-embed is-type-video is-provider-youtube wp-block-embed-youtube wp-embed-aspect-4-3 wp-has-aspect-ratio\"><div class=\"wp-block-embed__wrapper\">\n<iframe loading=\"lazy\" title=\"LOS FAVORITOS DE DIOS (Luis Guitarra)\" width=\"1140\" height=\"855\" src=\"https:\/\/www.youtube.com\/embed\/uipJQbZnpEY?feature=oembed\" frameborder=\"0\" allow=\"accelerometer; autoplay; clipboard-write; encrypted-media; gyroscope; picture-in-picture; web-share\" referrerpolicy=\"strict-origin-when-cross-origin\" allowfullscreen><\/iframe>\n<\/div><\/figure>\n\n\n\n<p class=\"has-vivid-purple-background-color has-background\"><\/p>\n\n\n\n<h5 class=\"wp-block-heading has-text-align-left has-small-font-size\"><img loading=\"lazy\" decoding=\"async\" width=\"150\" height=\"223\" class=\"wp-image-25956\" style=\"width: 150px;\" src=\"https:\/\/menesianosoy.org\/wp-content\/uploads\/2025\/08\/images-1.jpeg\" alt=\"\"><br><strong>Juana Francisca Fr\u00e9myot, baronesa de Chantal (1572-1641) fue una religiosa y m\u00edstica francesa, cofundadora de la Orden de la Visitaci\u00f3n de Santa Mar\u00eda. Recibi\u00f3 desde ni\u00f1a una formaci\u00f3n muy completa y se destac\u00f3 muy pronto por su vida piadosa. En 1593 contrajo matrimonio con el bar\u00f3n de Chantal con quien tuvo seis hijos. Pronto qued\u00f3 viuda. En 1604 conoci\u00f3 a Francisco de Sales, que se convirti\u00f3 en su director espiritual. Cuando Francisco le expuso su idea de una nueva fundaci\u00f3n, decidi\u00f3 participar en el proyecto. Llev\u00f3 a sus dos hijos menores con ella y se intern\u00f3 en el 1\u00ba convento de la Visitaci\u00f3n, en Annecy. All\u00ed se dedic\u00f3, junto con las hermanas, a la contemplaci\u00f3n y a la visita y cuidado de los enfermos. Cuando muri\u00f3 Francisco, tom\u00f3 como director espiritual a san Vicente de Pa\u00fal. Muri\u00f3 de pulmon\u00eda cuando ya la orden contaba con 86 conventos. Fue canonizada en 1767<\/strong>.<\/h5>\n","protected":false},"excerpt":{"rendered":"<p>Deuteronomio 31, 1-8&nbsp;&nbsp;Deuteronomio 32, 3-4a.7-9.12 (Salmo) Evangelio: Mateo 18, 1-5.10.12-14 En aquel momento los disc\u00edpulos se acercaron a Jes\u00fas para preguntarle: \u00bfQui\u00e9n es el m\u00e1s grande en el Reino de los Cielos?Jes\u00fas llam\u00f3 a un ni\u00f1o, lo puso en medio de ellos y dijo: Les aseguro que, si ustedes no cambian o no se hacen &hellip; <a href=\"https:\/\/menesianosoy.org\/index.php\/2025\/08\/10\/santa-juana-francisca-de-chantal-3\/\" class=\"more-link\">Continue reading<span class=\"screen-reader-text\"> \u00abSanta Juana Francisca de Chantal\u00bb<\/span><\/a><\/p>\n","protected":false},"author":3,"featured_media":0,"comment_status":"closed","ping_status":"closed","sticky":false,"template":"","format":"standard","meta":{"_acf_changed":false,"footnotes":""},"categories":[9],"tags":[],"class_list":["post-25930","post","type-post","status-publish","format-standard","hentry","category-evangelio"],"acf":[],"_links":{"self":[{"href":"https:\/\/menesianosoy.org\/index.php\/wp-json\/wp\/v2\/posts\/25930","targetHints":{"allow":["GET"]}}],"collection":[{"href":"https:\/\/menesianosoy.org\/index.php\/wp-json\/wp\/v2\/posts"}],"about":[{"href":"https:\/\/menesianosoy.org\/index.php\/wp-json\/wp\/v2\/types\/post"}],"author":[{"embeddable":true,"href":"https:\/\/menesianosoy.org\/index.php\/wp-json\/wp\/v2\/users\/3"}],"replies":[{"embeddable":true,"href":"https:\/\/menesianosoy.org\/index.php\/wp-json\/wp\/v2\/comments?post=25930"}],"version-history":[{"count":12,"href":"https:\/\/menesianosoy.org\/index.php\/wp-json\/wp\/v2\/posts\/25930\/revisions"}],"predecessor-version":[{"id":26012,"href":"https:\/\/menesianosoy.org\/index.php\/wp-json\/wp\/v2\/posts\/25930\/revisions\/26012"}],"wp:attachment":[{"href":"https:\/\/menesianosoy.org\/index.php\/wp-json\/wp\/v2\/media?parent=25930"}],"wp:term":[{"taxonomy":"category","embeddable":true,"href":"https:\/\/menesianosoy.org\/index.php\/wp-json\/wp\/v2\/categories?post=25930"},{"taxonomy":"post_tag","embeddable":true,"href":"https:\/\/menesianosoy.org\/index.php\/wp-json\/wp\/v2\/tags?post=25930"}],"curies":[{"name":"wp","href":"https:\/\/api.w.org\/{rel}","templated":true}]}}