{"id":25981,"date":"2025-08-11T18:38:54","date_gmt":"2025-08-11T21:38:54","guid":{"rendered":"https:\/\/menesianosoy.org\/?p=25981"},"modified":"2025-08-11T19:07:56","modified_gmt":"2025-08-11T22:07:56","slug":"san-maximiliano-maria-kolbe","status":"publish","type":"post","link":"https:\/\/menesianosoy.org\/index.php\/2025\/08\/11\/san-maximiliano-maria-kolbe\/","title":{"rendered":"San Maximiliano Mar\u00eda Kolbe"},"content":{"rendered":"\n<p><strong>Josu\u00e9 3, 7-10a.11.13-17&nbsp;&nbsp;<br>Salmo 113A, 1-6&nbsp;&nbsp;<\/strong><\/p>\n\n\n\n<h4 class=\"wp-block-heading has-text-align-left has-vivid-red-color has-text-color has-link-color wp-elements-a7cf01c991f5f4961eaffc3538b4dbca\"><br><strong>Evangelio: Mateo 18, 21-19, 1<\/strong><\/h4>\n\n\n\n<p class=\"has-text-align-left\"><strong><em>Pedro se adelant\u00f3 y le dijo: Se\u00f1or, \u00bfcu\u00e1ntas veces tendr\u00e9 que perdonar a mi hermano las ofensas que me haga? \u00bfHasta siete veces?<br>Jes\u00fas le respondi\u00f3: No te digo hasta siete veces, sino hasta setenta veces siete.<br>Por eso, el Reino de los Cielos se parece a un rey que quiso arreglar las cuentas con sus servidores. Comenzada la tarea, le presentaron a uno que deb\u00eda diez mil talentos. Como no pod\u00eda pagar, el rey mand\u00f3 que fuera vendido junto con su mujer, sus hijos y todo lo que ten\u00eda, para saldar la deuda.<br>El servidor se arroj\u00f3 a sus pies, dici\u00e9ndole: \u00abSe\u00f1or, dame un plazo y te pagar\u00e9 todo\u00bb.<br>El rey se compadeci\u00f3, lo dej\u00f3 ir y, adem\u00e1s, le perdon\u00f3 la deuda.<br>Al salir, este servidor encontr\u00f3 a uno de sus compa\u00f1eros que le deb\u00eda cien denarios y, tom\u00e1ndolo del cuello hasta ahogarlo, le dijo: \u00abP\u00e1game lo que me debes\u00bb. El otro se arroj\u00f3 a sus pies y le suplic\u00f3: \u00abDame un plazo y te pagar\u00e9 la deuda\u00bb. Pero \u00e9l no quiso, sino que lo hizo poner en la c\u00e1rcel hasta que pagara lo que deb\u00eda.<br>Los dem\u00e1s servidores, al ver lo que hab\u00eda sucedido, se apenaron mucho y fueron a contarlo a su se\u00f1or. Este lo mand\u00f3 llamar y le dijo: \u00ab\u00a1Miserable! Me suplicaste, y te perdon\u00e9 la deuda. \u00bfNo deb\u00edas tambi\u00e9n t\u00fa tener compasi\u00f3n de tu compa\u00f1ero, como yo me compadec\u00ed de ti?\u00bb<br>E indignado, el rey lo entreg\u00f3 en manos de los verdugos hasta que pagara todo lo que deb\u00eda.<br>Lo mismo har\u00e1 tambi\u00e9n mi Padre celestial con ustedes, si no perdonan de coraz\u00f3n a sus hermanos\u00bb.<br>Cuando Jes\u00fas termin\u00f3 de decir estas palabras, dej\u00f3 la Galilea y fue al territorio de Judea, m\u00e1s all\u00e1 del Jord\u00e1n.<\/em><\/strong><\/p>\n\n\n\n<figure class=\"wp-block-image size-large is-resized\"><img loading=\"lazy\" decoding=\"async\" width=\"1024\" height=\"758\" src=\"https:\/\/menesianosoy.org\/wp-content\/uploads\/2025\/08\/50332234018_165e95a0d5_h-1024x758.jpg\" alt=\"\" class=\"wp-image-25990\" style=\"width:470px;height:auto\" srcset=\"https:\/\/menesianosoy.org\/wp-content\/uploads\/2025\/08\/50332234018_165e95a0d5_h-1024x758.jpg 1024w, https:\/\/menesianosoy.org\/wp-content\/uploads\/2025\/08\/50332234018_165e95a0d5_h-300x222.jpg 300w, https:\/\/menesianosoy.org\/wp-content\/uploads\/2025\/08\/50332234018_165e95a0d5_h-768x569.jpg 768w, https:\/\/menesianosoy.org\/wp-content\/uploads\/2025\/08\/50332234018_165e95a0d5_h-1536x1138.jpg 1536w, https:\/\/menesianosoy.org\/wp-content\/uploads\/2025\/08\/50332234018_165e95a0d5_h-1200x889.jpg 1200w, https:\/\/menesianosoy.org\/wp-content\/uploads\/2025\/08\/50332234018_165e95a0d5_h.jpg 1600w\" sizes=\"auto, (max-width: 709px) 85vw, (max-width: 909px) 67vw, (max-width: 1362px) 62vw, 840px\" \/><\/figure>\n\n\n\n<p class=\"has-text-align-left\">Pedro hace dos preguntas: \u00bfCu\u00e1ntas veces tengo que perdonar a un hermano? Y luego pregunta si siete veces. Al disc\u00edpulo le debe haber parecido que con eso llegaba a cumplir las exigencias de Jes\u00fas.&nbsp; Hay que tener en cuenta que siete es el n\u00famero de la plenitud en el mundo b\u00edblico, d\u00eda tambi\u00e9n del reposo divino.  Jes\u00fas eleva hasta la exageraci\u00f3n la cantidad de veces, supera lo imaginado; decir \u2018setenta veces siete\u2019 es decir \u2018siempre\u2019. Y habla de perdonar a un siervo, no ya a un hermano. Se entiende que est\u00e1 diciendo \u2018a todos\u2019.<br><br>Jes\u00fas cuenta una par\u00e1bola que da por sentada la cultura esclavista de la \u00e9poca, por lo que su relato es ese aspecto no escandaliza a nadie. Lo que s\u00ed admira es la actitud del amo que la protagoniza. Este Se\u00f1or ten\u00eda un siervo que le deb\u00eda una cantidad enorme, imposible de pagar. Y aqu\u00ed Jes\u00fas juega con la exageraci\u00f3n, porque esta situaci\u00f3n dif\u00edcilmente pod\u00eda darse, trat\u00e1ndose de un siervo. Hay que tener en cuenta que el talento era m\u00e1s una medida de peso que una medida monetaria. Dependiendo de las \u00e9pocas pod\u00eda ser equivalente a entre 20 y 36 kg de oro o plata. Hubo incluso un talento pesado que equival\u00eda a casi 60 kg. \u00a1Cada talento! Se entiende que se usaba m\u00e1s que nada como unidad monetaria entre naciones o entre grandes comerciantes. Dif\u00edcilmente un siervo pod\u00eda manejar esa cantidad. Un denario, en cambio, era la paga de un d\u00eda. O sea que es enorme la diferencia entre una deuda y otra. Desconcierta que el beneficiario de tama\u00f1o perd\u00f3n no sea capaz de perdonar a quien le debe el sueldo de unos meses; ni siquiera que sea capaz de darle un plazo.<br><br>Es que a Jes\u00fas le interesa hacer caer en la cuenta de la inmensa diferencia entre el perd\u00f3n de Dios para todos y el perd\u00f3n que podemos dispensar nosotros, aunque nos parezca enorme y se nos haga cuesta arriba. El amor de Dios para con nosotros es inconmensurable, pero tan callado que muchas veces ni nos damos cuenta. Y su amor no qued\u00f3 en darnos la vida y un mundo donde habitar junto a otros, sino que, viendo nuestra rebeld\u00eda, env\u00edo nada menos que a su Hijo \u00fanico. Como dice Juan: <em>\u201cDios am\u00f3 tanto al mundo, que entreg\u00f3 a su Hijo \u00fanico para que todo el que cree en \u00e9l no muera, sino que tenga Vida eterna\u201d. <\/em>(Jn 3, 16)<br><br>Este amor de Dios debiera generar en nosotros una gran capacidad y disposici\u00f3n para realizar acciones liberadoras estimuladas por la misericordia, acciones de perd\u00f3n sin darle tanta vuelta a las consideraciones de si conviene, si el otro se lo merece, si vale la pena etc. (Cf Salazar, Preach this week)<\/p>\n\n\n\n<p><br><strong>M\u00c1XIMA<br>Perdona siempre<\/strong><\/p>\n\n\n\n<h4 class=\"wp-block-heading has-text-align-left has-vivid-red-color has-text-color has-link-color wp-elements-21e72ba6ab8aac75548a19d39767613b\"><br><strong>Palabras de Juan Mar\u00eda de la Mennais<\/strong><\/h4>\n\n\n\n<p class=\"has-text-align-left\"><img loading=\"lazy\" decoding=\"async\" width=\"150\" height=\"165\" class=\"wp-image-21587\" style=\"width: 150px;\" src=\"https:\/\/menesianosoy.org\/wp-content\/uploads\/2025\/03\/JMLM.png\" alt=\"\" srcset=\"https:\/\/menesianosoy.org\/wp-content\/uploads\/2025\/03\/JMLM.png 330w, https:\/\/menesianosoy.org\/wp-content\/uploads\/2025\/03\/JMLM-273x300.png 273w\" sizes=\"auto, (max-width: 150px) 85vw, 150px\" \/><br><em>En nombre de Jesucristo, que se llama el Dios de la paz, en nombre de Jesucristo se los ordeno: Pongan a los pies de este altar sus resentimientos; \u00e1mense unos a otros como hermanos, como miembros de una misma familia; que los dulces lazos de caridad acerquen sus corazones y hagan de ellos un solo coraz\u00f3n en Jesucristo. Est\u00e9n llenos de indulgencia unos con otros. \u00a1Oh, Dios m\u00edo! \u00bfQui\u00e9n no necesita indulgencia para s\u00ed mismo? (Serm\u00f3n buscando restablecer la paz en una parroquia)<\/em><br><\/p>\n\n\n\n<h4 class=\"wp-block-heading has-vivid-red-color has-text-color has-link-color wp-elements-dea1877c8b166d47c12ed43240aad49f\"><strong>Perd\u00f3nanos, Se\u00f1or &#8211; Rafael Moreno<\/strong><\/h4>\n\n\n\n<figure class=\"wp-block-embed is-type-video is-provider-youtube wp-block-embed-youtube wp-embed-aspect-4-3 wp-has-aspect-ratio\"><div class=\"wp-block-embed__wrapper\">\n<iframe loading=\"lazy\" title=\"Perd\u00f3nanos, Se\u00f1or\" width=\"1140\" height=\"855\" src=\"https:\/\/www.youtube.com\/embed\/6mizn8JmSFk?feature=oembed\" frameborder=\"0\" allow=\"accelerometer; autoplay; clipboard-write; encrypted-media; gyroscope; picture-in-picture; web-share\" referrerpolicy=\"strict-origin-when-cross-origin\" allowfullscreen><\/iframe>\n<\/div><\/figure>\n\n\n\n<p class=\"has-text-align-left\">Perd\u00f3nanos, Se\u00f1or,<br>si venimos a tu altar<br>y decimos que te amamos<br>sin amar a los dem\u00e1s.<br><br>Perd\u00f3nanos, Se\u00f1or,<br>nuestra falta de humildad,<br>nuestra falta de servicio<br>y por no ser signos de paz.<br><br>Perd\u00f3nanos, Se\u00f1or,<br>por juzgar a los dem\u00e1s,<br>cuando abrimos nuestros labios<br>y s\u00f3lo brota la maldad.<br><br>Perd\u00f3nanos, Se\u00f1or,<br>cuando el odio puede m\u00e1s<br>y buscamos la venganza<br>antes que la caridad.<br><br>Perd\u00f3nanos, Se\u00f1or, hemos fallado.<br>Te pedimos, cambia nuestro coraz\u00f3n,<br>porque s\u00f3lo con tu Esp\u00edritu podremos<br>hacer vida tu mandato del amor.<br>Nos pides perdonar pues, perdonando,<br>s\u00f3lo as\u00ed el perd\u00f3n podemos alcanzar.<br>Es por eso, nuestro Dios,<br>hoy te rogamos,<br>nos bendigas con el don de perdonar.<br><br>Perd\u00f3nanos, Se\u00f1or,<br>por dejarnos arrastrar<br>por la ira y lastimamos<br>a los que queremos mal.<br><br>Perd\u00f3nanos, Se\u00f1or,<br>nuestra falta de bondad,<br>nuestra falta de paciencia,<br>comprensi\u00f3n y caridad.<br><br>Perd\u00f3nanos, Se\u00f1or,<br>si vivimos sin actuar,<br>por dejar abandonados<br>a los que sufren soledad.<br>Por no ver que est\u00e1s ah\u00ed<br>en los que no tienen pan,<br>por ser tan indiferentes<br>en toda la caridad.<br><br>Perd\u00f3nanos, Se\u00f1or,<br>porque toca nuestra fe,<br>por dudar de tu Palabra,<br>por dudar de tu poder.<br><br>Perd\u00f3nanos, Se\u00f1or,<br>por nuestra inconformidad,<br>por no ser agradecidos<br>por la vida que nos das.<\/p>\n\n\n\n<p class=\"has-vivid-purple-background-color has-background\"><\/p>\n\n\n\n<h5 class=\"wp-block-heading has-text-align-left has-small-font-size\"><img loading=\"lazy\" decoding=\"async\" width=\"150\" height=\"105\" class=\"wp-image-26003\" style=\"width: 150px;\" src=\"https:\/\/menesianosoy.org\/wp-content\/uploads\/2025\/08\/images-1-1.jpeg\" alt=\"\" srcset=\"https:\/\/menesianosoy.org\/wp-content\/uploads\/2025\/08\/images-1-1.jpeg 662w, https:\/\/menesianosoy.org\/wp-content\/uploads\/2025\/08\/images-1-1-300x210.jpeg 300w\" sizes=\"auto, (max-width: 150px) 85vw, 150px\" \/><br><strong>MAXIMILIANO MAR\u00cdA KOLBE (1894-1941) fue un fraile franciscano conventual polaco que muri\u00f3 voluntariamente en lugar de otro prisionero en el campo de concentraci\u00f3n de Auschwitz. Fue un activo promotor de la veneraci\u00f3n al Inmaculado Coraz\u00f3n de Mar\u00eda. Fund\u00f3 y supervis\u00f3 la Ciudad de la Inmaculada, un complejo religioso cerca de Varsovia, con un monasterio, un seminario, una editorial y una estaci\u00f3n de radioaficionados. Fue misionero en China, Jap\u00f3n e India. Luego regres\u00f3 a Polonia, donde en 1941 fue arrestado. Cuando en julio de ese a\u00f1o un prisionero se escap\u00f3, 10 presos fueron condenados a morir de hambre. El padre Kolbe pidi\u00f3 morir por Franciszek Gajowniczek, argumentando que ten\u00eda hijos que cuidar. Fue canonizado por el papa San Juan Pablo II en 1971.<\/strong><\/h5>\n","protected":false},"excerpt":{"rendered":"<p>Josu\u00e9 3, 7-10a.11.13-17&nbsp;&nbsp;Salmo 113A, 1-6&nbsp;&nbsp; Evangelio: Mateo 18, 21-19, 1 Pedro se adelant\u00f3 y le dijo: Se\u00f1or, \u00bfcu\u00e1ntas veces tendr\u00e9 que perdonar a mi hermano las ofensas que me haga? \u00bfHasta siete veces?Jes\u00fas le respondi\u00f3: No te digo hasta siete veces, sino hasta setenta veces siete.Por eso, el Reino de los Cielos se parece a &hellip; <a href=\"https:\/\/menesianosoy.org\/index.php\/2025\/08\/11\/san-maximiliano-maria-kolbe\/\" class=\"more-link\">Continue reading<span class=\"screen-reader-text\"> \u00abSan Maximiliano Mar\u00eda Kolbe\u00bb<\/span><\/a><\/p>\n","protected":false},"author":3,"featured_media":0,"comment_status":"closed","ping_status":"closed","sticky":false,"template":"","format":"standard","meta":{"_acf_changed":false,"footnotes":""},"categories":[9],"tags":[],"class_list":["post-25981","post","type-post","status-publish","format-standard","hentry","category-evangelio"],"acf":[],"_links":{"self":[{"href":"https:\/\/menesianosoy.org\/index.php\/wp-json\/wp\/v2\/posts\/25981","targetHints":{"allow":["GET"]}}],"collection":[{"href":"https:\/\/menesianosoy.org\/index.php\/wp-json\/wp\/v2\/posts"}],"about":[{"href":"https:\/\/menesianosoy.org\/index.php\/wp-json\/wp\/v2\/types\/post"}],"author":[{"embeddable":true,"href":"https:\/\/menesianosoy.org\/index.php\/wp-json\/wp\/v2\/users\/3"}],"replies":[{"embeddable":true,"href":"https:\/\/menesianosoy.org\/index.php\/wp-json\/wp\/v2\/comments?post=25981"}],"version-history":[{"count":7,"href":"https:\/\/menesianosoy.org\/index.php\/wp-json\/wp\/v2\/posts\/25981\/revisions"}],"predecessor-version":[{"id":26004,"href":"https:\/\/menesianosoy.org\/index.php\/wp-json\/wp\/v2\/posts\/25981\/revisions\/26004"}],"wp:attachment":[{"href":"https:\/\/menesianosoy.org\/index.php\/wp-json\/wp\/v2\/media?parent=25981"}],"wp:term":[{"taxonomy":"category","embeddable":true,"href":"https:\/\/menesianosoy.org\/index.php\/wp-json\/wp\/v2\/categories?post=25981"},{"taxonomy":"post_tag","embeddable":true,"href":"https:\/\/menesianosoy.org\/index.php\/wp-json\/wp\/v2\/tags?post=25981"}],"curies":[{"name":"wp","href":"https:\/\/api.w.org\/{rel}","templated":true}]}}