{"id":2616,"date":"2023-09-02T18:45:36","date_gmt":"2023-09-02T21:45:36","guid":{"rendered":"https:\/\/menesianosoy.org\/?p=2616"},"modified":"2024-08-31T17:56:35","modified_gmt":"2024-08-31T20:56:35","slug":"san-raimundo-de-penafort-2","status":"publish","type":"post","link":"https:\/\/menesianosoy.org\/index.php\/2023\/09\/02\/san-raimundo-de-penafort-2\/","title":{"rendered":"San Raimundo de Pe\u00f1afort"},"content":{"rendered":"\n<h4 class=\"wp-block-heading has-text-align-left has-vivid-cyan-blue-color has-text-color\"><br><strong><em>Intenciones<\/em><\/strong><\/h4>\n\n\n\n<p class=\"has-text-align-left\">Por la beatificaci\u00f3n de Juan Mar\u00eda<br>Por los enfermos por los cuales estamos pidiendo.<br>Por todos los menesianos, laicos y hermanos, en especial los m\u00e1s probados.<br>Por las vocaciones en la Congregaci\u00f3n.<br><\/p>\n\n\n\n<h4 class=\"wp-block-heading has-text-align-left has-vivid-cyan-blue-color has-text-color\"><br><strong><em>Constituciones 88<\/em><\/strong><\/h4>\n\n\n\n<p class=\"has-text-align-left has-black-color has-text-color\">La Comunidad local es la c\u00e9lula b\u00e1sica del Instituto. Est\u00e1 formada por Hermanos que la autoridad competente re\u00fane para que vivan su ideal religioso y compartan habitualmente una misma tarea apost\u00f3lica.<\/p>\n\n\n\n<h4 class=\"wp-block-heading has-text-align-left has-vivid-cyan-blue-color has-text-color\"><br><strong>A los Hermanos. Serm\u00f3n sobre la humildad<\/strong><\/h4>\n\n\n\n<p class=\"has-text-align-left has-white-background-color has-background\">Temo, queridos hijos, que en lo concreto de su conducta, dejen que el orgullo, la presunci\u00f3n, la vanagloria dominen sobre sus acciones y les arrebaten todo su m\u00e9rito.<\/p>\n\n\n\n<h4 class=\"wp-block-heading has-text-align-left has-vivid-cyan-blue-color has-text-color\"><br><strong>Difuntos<\/strong><\/h4>\n\n\n\n<p class=\"has-text-align-left\">1970: <strong>Sebasti\u00e1n Pe\u00f1a (Teodoro Jos\u00e9)<\/strong>. Naci\u00f3 en Cadalso (Cantabria) en 1904. Muri\u00f3 en Nanclares en un accidente.<br>1980: Alexis Jain (Alexis-Yves)<br>1996: Antoine Gourmelon (Marcel-Antoine)<br>2001: Yves Riou (Marcellin-Yves)<\/p>\n","protected":false},"excerpt":{"rendered":"<p>Intenciones Por la beatificaci\u00f3n de Juan Mar\u00edaPor los enfermos por los cuales estamos pidiendo.Por todos los menesianos, laicos y hermanos, en especial los m\u00e1s probados.Por las vocaciones en la Congregaci\u00f3n. Constituciones 88 La Comunidad local es la c\u00e9lula b\u00e1sica del Instituto. Est\u00e1 formada por Hermanos que la autoridad competente re\u00fane para que vivan su ideal &hellip; <a href=\"https:\/\/menesianosoy.org\/index.php\/2023\/09\/02\/san-raimundo-de-penafort-2\/\" class=\"more-link\">Continue reading<span class=\"screen-reader-text\"> \u00abSan Raimundo de Pe\u00f1afort\u00bb<\/span><\/a><\/p>\n","protected":false},"author":3,"featured_media":0,"comment_status":"closed","ping_status":"closed","sticky":false,"template":"","format":"standard","meta":{"_acf_changed":false,"footnotes":""},"categories":[3],"tags":[],"class_list":["post-2616","post","type-post","status-publish","format-standard","hentry","category-calendario"],"acf":[],"_links":{"self":[{"href":"https:\/\/menesianosoy.org\/index.php\/wp-json\/wp\/v2\/posts\/2616","targetHints":{"allow":["GET"]}}],"collection":[{"href":"https:\/\/menesianosoy.org\/index.php\/wp-json\/wp\/v2\/posts"}],"about":[{"href":"https:\/\/menesianosoy.org\/index.php\/wp-json\/wp\/v2\/types\/post"}],"author":[{"embeddable":true,"href":"https:\/\/menesianosoy.org\/index.php\/wp-json\/wp\/v2\/users\/3"}],"replies":[{"embeddable":true,"href":"https:\/\/menesianosoy.org\/index.php\/wp-json\/wp\/v2\/comments?post=2616"}],"version-history":[{"count":12,"href":"https:\/\/menesianosoy.org\/index.php\/wp-json\/wp\/v2\/posts\/2616\/revisions"}],"predecessor-version":[{"id":15851,"href":"https:\/\/menesianosoy.org\/index.php\/wp-json\/wp\/v2\/posts\/2616\/revisions\/15851"}],"wp:attachment":[{"href":"https:\/\/menesianosoy.org\/index.php\/wp-json\/wp\/v2\/media?parent=2616"}],"wp:term":[{"taxonomy":"category","embeddable":true,"href":"https:\/\/menesianosoy.org\/index.php\/wp-json\/wp\/v2\/categories?post=2616"},{"taxonomy":"post_tag","embeddable":true,"href":"https:\/\/menesianosoy.org\/index.php\/wp-json\/wp\/v2\/tags?post=2616"}],"curies":[{"name":"wp","href":"https:\/\/api.w.org\/{rel}","templated":true}]}}