{"id":26458,"date":"2025-08-24T16:40:23","date_gmt":"2025-08-24T19:40:23","guid":{"rendered":"https:\/\/menesianosoy.org\/?p=26458"},"modified":"2025-08-28T16:37:05","modified_gmt":"2025-08-28T19:37:05","slug":"santa-rosa-de-lima-5","status":"publish","type":"post","link":"https:\/\/menesianosoy.org\/index.php\/2025\/08\/24\/santa-rosa-de-lima-5\/","title":{"rendered":"Santa Rosa de Lima"},"content":{"rendered":"\n<h4 class=\"wp-block-heading has-text-align-left has-vivid-purple-color has-text-color has-link-color has-small-font-size wp-elements-2ff0656dd2258749c050ffdbf43c7aa1\"><strong>Liturgia de las horas: Rezamos con el tema SANTIFICACI\u00d3N (p\u00e1gina 2)<\/strong><\/h4>\n\n\n\n<p class=\"has-text-align-left\"><br><strong>2\u00ba Corintios 11,17- 11,2<br>Salmo 148, 1-2. 11-14<\/strong><\/p>\n\n\n\n<h4 class=\"wp-block-heading has-text-align-left has-vivid-red-color has-text-color has-link-color wp-elements-f92c2a3b3060f69c1561a1bf9d4d5f1e\"><br><strong>Evangelio: Mateo 13, 44-46<\/strong><\/h4>\n\n\n\n<figure class=\"wp-block-audio\"><audio controls src=\"https:\/\/menesianosoy.org\/wp-content\/uploads\/2025\/08\/p_52745928_638.mp3\"><\/audio><\/figure>\n\n\n\n<p class=\"has-text-align-left\"><strong><em>Jes\u00fas dijo a la multitud: El Reino de los Cielos se parece a un tesoro escondido en un campo; un hombre lo encuentra, lo vuelve a esconder, y lleno de alegr\u00eda, vende todo lo que posee y compra el campo.<br>El Reino de los Cielos se parece tambi\u00e9n a un negociante que se dedicaba a buscar perlas finas; y al encontrar una de gran valor, fue a vender todo lo que ten\u00eda y la compr\u00f3.<\/em><\/strong><\/p>\n\n\n\n<figure class=\"wp-block-image size-full is-resized\"><img loading=\"lazy\" decoding=\"async\" width=\"369\" height=\"258\" src=\"https:\/\/menesianosoy.org\/wp-content\/uploads\/2025\/08\/mmm.png\" alt=\"\" class=\"wp-image-26487\" style=\"width:447px;height:auto\" srcset=\"https:\/\/menesianosoy.org\/wp-content\/uploads\/2025\/08\/mmm.png 369w, https:\/\/menesianosoy.org\/wp-content\/uploads\/2025\/08\/mmm-300x210.png 300w\" sizes=\"auto, (max-width: 369px) 85vw, 369px\" \/><\/figure>\n\n\n\n<p class=\"has-text-align-left\">Jes\u00fas compara el Reino con un tesoro escondido y con una perla preciosa. Ambos ejemplos destacan algo central: <strong>el Reino de Dios tiene un valor tan grande que supera cualquier otro bien de este mundo<\/strong>. No se trata de una posesi\u00f3n m\u00e1s en la lista de lo que acumulamos, sino de aquello que da sentido a todo lo dem\u00e1s.<br><br>El hombre del campo y el comerciante de perlas reaccionan de la misma manera: al encontrar aquello que tiene un valor incomparable, no dudan en venderlo todo. Lo hacen con alegr\u00eda, no con resignaci\u00f3n, porque comprenden que lo que reciben a cambio es infinitamente m\u00e1s valioso que lo que dejan atr\u00e1s.<br><br>Espiritualmente, este pasaje nos invita a preguntarnos:<br>\u00bfQu\u00e9 ocupa el centro de mi vida?<br>\u00bfQu\u00e9 estoy dispuesto a dejar para que Cristo reine plenamente en m\u00ed?<br><br>El Reino de los Cielos no es una teor\u00eda ni una idea lejana, sino la presencia viva de Dios que transforma nuestra vida cuando lo acogemos. Encontrarlo es descubrir a Cristo mismo, el verdadero tesoro y la perla preciosa.<br>La paradoja del Evangelio es que, al \u201cperder\u201d lo que parec\u00eda valioso \u2014nuestros apegos, seguridades, incluso proyectos personales\u2014, en realidad lo ganamos todo, porque hallamos la plenitud en Dios.<br><br>Por eso, esta par\u00e1bola no se queda en un llamado al sacrificio, sino a la <strong>alegr\u00eda de quien encuentra lo m\u00e1s grande que puede existir<\/strong>. El que vive para el Reino no lo hace por obligaci\u00f3n, sino porque ha experimentado que en Cristo hay una vida m\u00e1s abundante que ninguna riqueza terrena puede ofrecer.<br><br>En resumen: El texto nos recuerda que el Reino de Dios es el tesoro que da sentido a todo. La verdadera sabidur\u00eda est\u00e1 en reconocer su valor, y la verdadera libertad en estar dispuestos a dejarlo todo para tenerlo todo en \u00c9l.<\/p>\n\n\n\n<h4 class=\"wp-block-heading has-text-align-left has-vivid-red-color has-text-color has-link-color wp-elements-21e72ba6ab8aac75548a19d39767613b\"><br><strong>Palabras de Juan Mar\u00eda de la Mennais<\/strong><\/h4>\n\n\n\n<p class=\"has-text-align-left\"><img loading=\"lazy\" decoding=\"async\" width=\"150\" height=\"127\" class=\"wp-image-16112\" style=\"width: 150px;\" src=\"https:\/\/menesianosoy.org\/wp-content\/uploads\/2024\/09\/ppp.png\" alt=\"\" srcset=\"https:\/\/menesianosoy.org\/wp-content\/uploads\/2024\/09\/ppp.png 450w, https:\/\/menesianosoy.org\/wp-content\/uploads\/2024\/09\/ppp-300x254.png 300w\" sizes=\"auto, (max-width: 150px) 85vw, 150px\" \/><br><em>Desde ahora perteneceremos a Dios sin divisi\u00f3n, y Dios se nos dar\u00e1 sin reservas: seremos pobres de bienes terrenos, pero todos los tesoros del cielo ser\u00e1n para nosotros; seremos obedientes, pero es as\u00ed renunciando a nuestra propia voluntad como llegaremos a ser verdaderamente libres\u201d (1\u00ba votos de los misioneros de Saint-M\u00e9en)<\/em><\/p>\n\n\n\n<h4 class=\"wp-block-heading has-text-align-left has-vivid-red-color has-text-color has-link-color wp-elements-ae00fa222e5145a64cd29989568a239e\"><br><strong>Mi tesoro &#8211; Siervas<\/strong><\/h4>\n\n\n\n<figure class=\"wp-block-embed is-type-video is-provider-youtube wp-block-embed-youtube wp-embed-aspect-16-9 wp-has-aspect-ratio\"><div class=\"wp-block-embed__wrapper\">\n<iframe loading=\"lazy\" title=\"Mi Tesoro - Letra Y Musica: Siervas\" width=\"1140\" height=\"641\" src=\"https:\/\/www.youtube.com\/embed\/SH4aa-M_Xeg?feature=oembed\" frameborder=\"0\" allow=\"accelerometer; autoplay; clipboard-write; encrypted-media; gyroscope; picture-in-picture; web-share\" referrerpolicy=\"strict-origin-when-cross-origin\" allowfullscreen><\/iframe>\n<\/div><\/figure>\n\n\n\n<p class=\"has-text-align-left\">Eres T\u00fa mi gran tesoro.<br>Por ti lo he vendido todo<br>para comprar este campo<br>donde estabas escondido.<br><br>Eres T\u00fa mi gran tesoro<br>de amor como ninguno,<br>de coraz\u00f3n abierto<br>y de brazos extendidos.<br><br>Encontr\u00e9 lo m\u00e1s valioso.<br>Eres todo mi universo.<br>Eres el Rey de mi vida.<br><br>Nada vale la pena si T\u00fa no reinas.<br>T\u00fa eres el tesoro de mi vida.<br>Nada vale la pena si T\u00fa no reinas.<br>T\u00fa eres mi preciada perla fina.<br><br>Eres la m\u00e1s valiosa perla,<br>la \u00fanica y m\u00e1s bella.<br>Ya todo lo he vendido<br>para comprarte enseguida.<br><br>Eres la m\u00e1s valiosa perla,<br>eres blanca como nieve.<br>As\u00ed es tu amor de puro.<br>Soy dichosa en tenerte.<br><br>Encontr\u00e9 lo m\u00e1s valioso,<br>eres todo mi universo.<br>Eres el Rey de mi vida.<br><br>Nada vale la pena si T\u00fa no reinas,<br>T\u00fa eres el tesoro de mi vida.<br>Nada vale la pena si T\u00fa no reinas,<br>T\u00fa eres mi preciada perla fina.<br><br>Eres mi alegr\u00eda.<br>Por ti yo compro el campo entero.<br>Nada escatimo<br>con tal de tenerte por siempre conmigo.<br>Eres mi tesoro y mi perla fina.<\/p>\n\n\n\n<p class=\"has-vivid-purple-background-color has-background\"><\/p>\n\n\n\n<h5 class=\"wp-block-heading has-text-align-left has-small-font-size\"><img loading=\"lazy\" decoding=\"async\" width=\"150\" height=\"100\" class=\"wp-image-26493\" style=\"width: 150px;\" src=\"https:\/\/menesianosoy.org\/wp-content\/uploads\/2025\/08\/hoy-se-conmemora-el-dia-de-santa-rosa-de-XSZR7PJRCRCMRORMDT2R2OFVOA.avif\" alt=\"\" srcset=\"https:\/\/menesianosoy.org\/wp-content\/uploads\/2025\/08\/hoy-se-conmemora-el-dia-de-santa-rosa-de-XSZR7PJRCRCMRORMDT2R2OFVOA.avif 1280w, https:\/\/menesianosoy.org\/wp-content\/uploads\/2025\/08\/hoy-se-conmemora-el-dia-de-santa-rosa-de-XSZR7PJRCRCMRORMDT2R2OFVOA-300x200.avif 300w, https:\/\/menesianosoy.org\/wp-content\/uploads\/2025\/08\/hoy-se-conmemora-el-dia-de-santa-rosa-de-XSZR7PJRCRCMRORMDT2R2OFVOA-1024x683.avif 1024w, https:\/\/menesianosoy.org\/wp-content\/uploads\/2025\/08\/hoy-se-conmemora-el-dia-de-santa-rosa-de-XSZR7PJRCRCMRORMDT2R2OFVOA-768x512.avif 768w, https:\/\/menesianosoy.org\/wp-content\/uploads\/2025\/08\/hoy-se-conmemora-el-dia-de-santa-rosa-de-XSZR7PJRCRCMRORMDT2R2OFVOA-1200x801.avif 1200w\" sizes=\"auto, (max-width: 150px) 85vw, 150px\" \/><br><strong>Isabel Flores de Oliva (1586-1617), m\u00e1s conocida como ROSA DE LIMA, fue una m\u00edstica terciaria dominica peruana. Su padre era espa\u00f1ol y su madre, ind\u00edgena. El arzobispo Toribio de Mogrovejo la confirm\u00f3 con el nombre de Rosa. Le dol\u00eda mucho la situaci\u00f3n de los pueblos originarios maltratados. Hizo voto de virginidad y no pudiendo ser monja, por oposici\u00f3n de su padre, ingres\u00f3 en la Tercera Orden de Santo Domingo. A partir de all\u00ed se recluy\u00f3 en una ermita que hab\u00eda construido con su hermano en el huerto de su casa. S\u00f3lo sal\u00eda para visitar el templo de&nbsp;Nuestra Se\u00f1ora del Rosario&nbsp;y atender las necesidades espirituales de los&nbsp;ind\u00edgenas&nbsp;y los&nbsp;negros&nbsp;de la ciudad. Falleci\u00f3 de tuberculosis a los 31 a\u00f1os. Fue canonizada en el a\u00f1o 1671 por el papa Clemente X.<\/strong><\/h5>\n","protected":false},"excerpt":{"rendered":"<p>Liturgia de las horas: Rezamos con el tema SANTIFICACI\u00d3N (p\u00e1gina 2) 2\u00ba Corintios 11,17- 11,2Salmo 148, 1-2. 11-14 Evangelio: Mateo 13, 44-46 Jes\u00fas dijo a la multitud: El Reino de los Cielos se parece a un tesoro escondido en un campo; un hombre lo encuentra, lo vuelve a esconder, y lleno de alegr\u00eda, vende todo &hellip; <a href=\"https:\/\/menesianosoy.org\/index.php\/2025\/08\/24\/santa-rosa-de-lima-5\/\" class=\"more-link\">Continue reading<span class=\"screen-reader-text\"> \u00abSanta Rosa de Lima\u00bb<\/span><\/a><\/p>\n","protected":false},"author":3,"featured_media":0,"comment_status":"closed","ping_status":"closed","sticky":false,"template":"","format":"standard","meta":{"_acf_changed":false,"footnotes":""},"categories":[9],"tags":[],"class_list":["post-26458","post","type-post","status-publish","format-standard","hentry","category-evangelio"],"acf":[],"_links":{"self":[{"href":"https:\/\/menesianosoy.org\/index.php\/wp-json\/wp\/v2\/posts\/26458","targetHints":{"allow":["GET"]}}],"collection":[{"href":"https:\/\/menesianosoy.org\/index.php\/wp-json\/wp\/v2\/posts"}],"about":[{"href":"https:\/\/menesianosoy.org\/index.php\/wp-json\/wp\/v2\/types\/post"}],"author":[{"embeddable":true,"href":"https:\/\/menesianosoy.org\/index.php\/wp-json\/wp\/v2\/users\/3"}],"replies":[{"embeddable":true,"href":"https:\/\/menesianosoy.org\/index.php\/wp-json\/wp\/v2\/comments?post=26458"}],"version-history":[{"count":16,"href":"https:\/\/menesianosoy.org\/index.php\/wp-json\/wp\/v2\/posts\/26458\/revisions"}],"predecessor-version":[{"id":26611,"href":"https:\/\/menesianosoy.org\/index.php\/wp-json\/wp\/v2\/posts\/26458\/revisions\/26611"}],"wp:attachment":[{"href":"https:\/\/menesianosoy.org\/index.php\/wp-json\/wp\/v2\/media?parent=26458"}],"wp:term":[{"taxonomy":"category","embeddable":true,"href":"https:\/\/menesianosoy.org\/index.php\/wp-json\/wp\/v2\/categories?post=26458"},{"taxonomy":"post_tag","embeddable":true,"href":"https:\/\/menesianosoy.org\/index.php\/wp-json\/wp\/v2\/tags?post=26458"}],"curies":[{"name":"wp","href":"https:\/\/api.w.org\/{rel}","templated":true}]}}