{"id":26874,"date":"2025-08-31T17:19:29","date_gmt":"2025-08-31T20:19:29","guid":{"rendered":"https:\/\/menesianosoy.org\/?p=26874"},"modified":"2025-09-06T08:56:45","modified_gmt":"2025-09-06T11:56:45","slug":"domingo-23o-durante-el-ano-2","status":"publish","type":"post","link":"https:\/\/menesianosoy.org\/index.php\/2025\/08\/31\/domingo-23o-durante-el-ano-2\/","title":{"rendered":"Domingo 23\u00ba durante el a\u00f1o"},"content":{"rendered":"\n<h4 class=\"wp-block-heading has-vivid-red-color has-text-color has-link-color wp-elements-147a8078453413efde2d011af260ed58\"><br><strong>Oraci\u00f3n<\/strong><\/h4>\n\n\n\n<p class=\"has-text-align-left\"><strong><em>Se\u00f1or Jes\u00fas, al comenzar el d\u00eda,<br>te ofrecemos nuestra vida entera.<br>Que el amor fraterno reine entre todos<br>los que formamos comunidad.<br>Que cada uno se sienta feliz<br>con la alegr\u00eda de los dem\u00e1s,<br>y sufra con sus penas.<br>Que todos nos prestemos ayuda mutua<br>para ir a Dios y realizar su obra cada d\u00eda.<br>Que no existan jam\u00e1s entre nosotros<br>ni contiendas ni rivalidades,<br>ni secretas envidias, ni palabras duras.<br>Aparta de nosotros, Se\u00f1or, todo lo que hiere,<br>todo lo que divide,<br>todo lo que altera la caridad.<br>Haz, Se\u00f1or, que hoy y siempre<br>intentemos ayudarnos<br>unos a otros a ser santos.<br>Que todos vivamos hoy con dulzura,<br>paciencia, humildad<br>y fidelidad a tu Palabra.<br>(Regla de 1835)<\/em><\/strong><\/p>\n\n\n\n<h4 class=\"wp-block-heading has-text-align-left has-vivid-red-color has-text-color has-link-color wp-elements-7deb30c5a46c2fe0af76f92c82f8d39a\"><br><strong>Intenciones<\/strong><\/h4>\n\n\n\n<ul class=\"wp-block-list\">\n<li>Por los ni\u00f1os y j\u00f3venes de nuestros centros educativos.<\/li>\n\n\n\n<li>Por la beatificaci\u00f3n de Juan Mar\u00eda de la Mennais.<\/li>\n\n\n\n<li>Por la familia menesiana del Centro Educacional de Culipr\u00e1n y la de Zamora.<\/li>\n\n\n\n<li>Por los menesianos, las obras y las nuevas vocaciones la provincia San Juan Bautista (Francia &#8211; Inglaterra &#8211; Italia).<\/li>\n\n\n\n<li>Por los enfermos y discapacitados de nuestros centros educativos.<\/li>\n\n\n\n<li>Por las vocaciones religiosas y sacerdotales.<\/li>\n<\/ul>\n\n\n\n<h4 class=\"wp-block-heading has-text-align-left has-vivid-red-color has-text-color has-link-color wp-elements-49f7b8813ecb0d98ee1cd520689100db\"><br><strong>Nueva Regla de Vida n\u00ba 123<\/strong><\/h4>\n\n\n\n<p class=\"has-text-align-left\">A trav\u00e9s de su acompa\u00f1amiento, los Formadores apoyan a cada candidato en el discernimiento de su vocaci\u00f3n de Hermano de la Instrucci\u00f3n Cristiana. Est\u00e1n atentos a su capacidad de crecer en su apertura a Dios mediante la oraci\u00f3n, a los dem\u00e1s mediante su aptitud para la vida comunitaria, y a los ni\u00f1os y j\u00f3venes mediante su inter\u00e9s por la misi\u00f3n educativa.<\/p>\n\n\n\n<h4 class=\"wp-block-heading has-text-align-left has-vivid-red-color has-text-color has-link-color wp-elements-3994eab716719a4efa85484f82b13f3e\"><br><strong>A los Hermanos, serm\u00f3n sobre la humildad<\/strong><\/h4>\n\n\n\n<p class=\"has-text-align-left\"><em>Temo, queridos hijos, que en lo concreto de tu conducta, dejes que el orgullo, la presunci\u00f3n, la vanagloria dominen sobre tus acciones y te arrebaten todo tu m\u00e9rito.<\/em><\/p>\n\n\n\n<h4 class=\"wp-block-heading has-text-align-left has-vivid-red-color has-text-color has-link-color wp-elements-1cd4b724fdd0ffc35884cb45183847cc\"><br><strong>Difuntos<\/strong><\/h4>\n\n\n\n<p class=\"has-text-align-left\">1970: <strong>Sebasti\u00e1n Pe\u00f1a (Teodoro Jos\u00e9).<\/strong> Naci\u00f3 en Cadalso (Cantabria) en 1904. Muri\u00f3 en Nanclares en accidente<br>1980:&nbsp;Alexis Jain (Alexis-Yves)<br>1996: Antoine Gourmelon (Marcel-Antoine)<br>2001: Yves Riou (Marcellin-Yves)<\/p>\n","protected":false},"excerpt":{"rendered":"<p>Oraci\u00f3n Se\u00f1or Jes\u00fas, al comenzar el d\u00eda,te ofrecemos nuestra vida entera.Que el amor fraterno reine entre todoslos que formamos comunidad.Que cada uno se sienta felizcon la alegr\u00eda de los dem\u00e1s,y sufra con sus penas.Que todos nos prestemos ayuda mutuapara ir a Dios y realizar su obra cada d\u00eda.Que no existan jam\u00e1s entre nosotrosni contiendas ni &hellip; <a href=\"https:\/\/menesianosoy.org\/index.php\/2025\/08\/31\/domingo-23o-durante-el-ano-2\/\" class=\"more-link\">Continue reading<span class=\"screen-reader-text\"> \u00abDomingo 23\u00ba durante el a\u00f1o\u00bb<\/span><\/a><\/p>\n","protected":false},"author":3,"featured_media":0,"comment_status":"closed","ping_status":"closed","sticky":false,"template":"","format":"standard","meta":{"_acf_changed":false,"footnotes":""},"categories":[3],"tags":[],"class_list":["post-26874","post","type-post","status-publish","format-standard","hentry","category-calendario"],"acf":[],"_links":{"self":[{"href":"https:\/\/menesianosoy.org\/index.php\/wp-json\/wp\/v2\/posts\/26874","targetHints":{"allow":["GET"]}}],"collection":[{"href":"https:\/\/menesianosoy.org\/index.php\/wp-json\/wp\/v2\/posts"}],"about":[{"href":"https:\/\/menesianosoy.org\/index.php\/wp-json\/wp\/v2\/types\/post"}],"author":[{"embeddable":true,"href":"https:\/\/menesianosoy.org\/index.php\/wp-json\/wp\/v2\/users\/3"}],"replies":[{"embeddable":true,"href":"https:\/\/menesianosoy.org\/index.php\/wp-json\/wp\/v2\/comments?post=26874"}],"version-history":[{"count":4,"href":"https:\/\/menesianosoy.org\/index.php\/wp-json\/wp\/v2\/posts\/26874\/revisions"}],"predecessor-version":[{"id":26922,"href":"https:\/\/menesianosoy.org\/index.php\/wp-json\/wp\/v2\/posts\/26874\/revisions\/26922"}],"wp:attachment":[{"href":"https:\/\/menesianosoy.org\/index.php\/wp-json\/wp\/v2\/media?parent=26874"}],"wp:term":[{"taxonomy":"category","embeddable":true,"href":"https:\/\/menesianosoy.org\/index.php\/wp-json\/wp\/v2\/categories?post=26874"},{"taxonomy":"post_tag","embeddable":true,"href":"https:\/\/menesianosoy.org\/index.php\/wp-json\/wp\/v2\/tags?post=26874"}],"curies":[{"name":"wp","href":"https:\/\/api.w.org\/{rel}","templated":true}]}}