{"id":26987,"date":"2025-09-06T19:09:12","date_gmt":"2025-09-06T22:09:12","guid":{"rendered":"https:\/\/menesianosoy.org\/?p=26987"},"modified":"2025-09-10T06:56:00","modified_gmt":"2025-09-10T09:56:00","slug":"san-nicolas-de-tolentino-3","status":"publish","type":"post","link":"https:\/\/menesianosoy.org\/index.php\/2025\/09\/06\/san-nicolas-de-tolentino-3\/","title":{"rendered":"San Nicol\u00e1s de Tolentino"},"content":{"rendered":"\n<p class=\"has-text-align-left\"><strong>Colosenses 3, 1-11<br>Salmo 144, 2-3.10-13b<\/strong><\/p>\n\n\n\n<h4 class=\"wp-block-heading has-text-align-left has-vivid-red-color has-text-color has-link-color wp-elements-fbacac8529a5a6cc9ca84e318ac0d378\"><br><strong>Evangelio: Lucas 6, 20-26<\/strong><\/h4>\n\n\n\n<figure class=\"wp-block-audio\"><audio controls src=\"https:\/\/menesianosoy.org\/wp-content\/uploads\/2025\/09\/luvvoice.com-20250907-kjjSjN.mp3\"><\/audio><\/figure>\n\n\n\n<p class=\"has-text-align-left\"><strong><em>Jes\u00fas, fijando la mirada en sus disc\u00edpulos, dijo: <\/em><\/strong><br><strong><em>\u00a1Felices ustedes, los pobres, porque el Reino de Dios les pertenece!<br>\u00a1Felices ustedes, los que ahora tienen hambre, porque ser\u00e1n saciados! <\/em><\/strong><br><strong><em>\u00a1Felices ustedes, los que ahora lloran, porque reir\u00e1n!<br>\u00a1Felices ustedes, cuando los hombres los odien, los excluyan, los insulten y los proscriban, consider\u00e1ndolos infames a causa del Hijo del hombre!<br>Al\u00e9grense y ll\u00e9nense de gozo en ese d\u00eda, porque la recompensa de ustedes ser\u00e1 grande en el cielo. De la misma manera los padres de ellos trataban a los profetas.<br>Pero \u00a1ay de ustedes los ricos, porque ya tienen su consuelo!<br>\u00a1Ay de ustedes, los que ahora est\u00e1n satisfechos, porque tendr\u00e1n hambre!<br>\u00a1Ay de ustedes, los que ahora r\u00eden, porque conocer\u00e1n la aflicci\u00f3n y las l\u00e1grimas!<br>\u00a1Ay de ustedes cuando todos los elogien! \u00a1De la misma manera los padres de ellos trataban a los falsos profetas!<\/em><\/strong><\/p>\n\n\n\n<figure class=\"wp-block-image size-full is-resized\"><img loading=\"lazy\" decoding=\"async\" width=\"450\" height=\"323\" src=\"https:\/\/menesianosoy.org\/wp-content\/uploads\/2024\/09\/50524239518_6a1a28dd88_h.jpg\" alt=\"\" class=\"wp-image-16609\" style=\"width:485px;height:auto\" srcset=\"https:\/\/menesianosoy.org\/wp-content\/uploads\/2024\/09\/50524239518_6a1a28dd88_h.jpg 450w, https:\/\/menesianosoy.org\/wp-content\/uploads\/2024\/09\/50524239518_6a1a28dd88_h-300x215.jpg 300w\" sizes=\"auto, (max-width: 450px) 85vw, 450px\" \/><\/figure>\n\n\n\n<p class=\"has-text-align-left\">Jes\u00fas abre nuestros ojos a la realidad. Estamos llamados a la <strong>felicidad<\/strong>, a ser bienaventurados, y lo somos desde el momento en que nos ponemos de la parte de Dios, de su Reino, de la parte de lo que no es ef\u00edmero, sino que perdura para la vida eterna. Nos alegramos si nos reconocemos necesitados ante Dios, y esto es muy importante: \u201cSe\u00f1or, te necesito\u201d, y si como \u00c9l y con \u00c9l estamos cerca de los pobres, de los afligidos y de los hambrientos. Nosotros tambi\u00e9n lo somos ante Dios: somos pobres, afligidos, tenemos hambre ante Dios. Somos capaces de alegr\u00eda cada vez que, poseyendo los bienes de este mundo, no los convertimos en \u00eddolos a los que vender nuestra alma, sino que somos capaces de compartirlos con nuestros hermanos.<br><br>Las Bienaventuranzas de Jes\u00fas son un mensaje decisivo, que nos empuja a no depositar nuestra confianza en las cosas materiales y pasajeras, a no buscar la felicidad siguiendo a los vendedores de humo \u2014que tantas veces son vendedores de muerte\u2014, a los profesionales de la ilusi\u00f3n. No hay que seguirlos, porque son incapaces de darnos esperanza.<br><br>El Se\u00f1or nos ayuda a abrir los ojos, a adquirir una visi\u00f3n m\u00e1s penetrante de la realidad, a curarnos de la miop\u00eda cr\u00f3nica que el esp\u00edritu mundano nos contagia. Con su palabra parad\u00f3jica nos sacude y nos hace reconocer lo que realmente nos enriquece, nos satisface, nos da alegr\u00eda y dignidad. En resumen, lo que realmente da sentido y plenitud a nuestras vidas.<br><br>\u00a1Qu\u00e9 la Virgen Mar\u00eda nos ayude a escuchar este Evangelio con una mente y un coraz\u00f3n abiertos, para que d\u00e9 fruto en nuestras vidas y seamos testigos de la felicidad que no defrauda, la de Dios que nunca defrauda! (P. Francisco, 17 de febrero 2019)<\/p>\n\n\n\n<h5 class=\"wp-block-heading has-text-align-left has-text-color has-link-color wp-elements-b85dc7259faa249d60b67aaa22999ecc\" style=\"color:#0e2260\"><br><strong>M\u00c1XIMA<br>Felices los que siguen a Jes\u00fas<\/strong><\/h5>\n\n\n\n<h4 class=\"wp-block-heading has-text-align-left has-vivid-red-color has-text-color has-link-color wp-elements-21e72ba6ab8aac75548a19d39767613b\"><br><strong>Palabras de Juan Mar\u00eda de la Mennais<\/strong><\/h4>\n\n\n\n<p class=\"has-text-align-left\"><img loading=\"lazy\" decoding=\"async\" width=\"150\" height=\"165\" class=\"wp-image-21587\" style=\"width: 150px;\" src=\"https:\/\/menesianosoy.org\/wp-content\/uploads\/2025\/03\/JMLM.png\" alt=\"\" srcset=\"https:\/\/menesianosoy.org\/wp-content\/uploads\/2025\/03\/JMLM.png 330w, https:\/\/menesianosoy.org\/wp-content\/uploads\/2025\/03\/JMLM-273x300.png 273w\" sizes=\"auto, (max-width: 150px) 85vw, 150px\" \/><br><em>La verdadera felicidad s\u00f3lo est\u00e1 en Dios, en nuestra uni\u00f3n con \u00e9l, en la eterna contemplaci\u00f3n de sus atributos y de su gloria. (Sobre el fin \u00faltimo)<\/em><\/p>\n\n\n\n<h4 class=\"wp-block-heading has-text-align-left has-vivid-red-color has-text-color has-link-color wp-elements-7f8a8cb04c0b0675a3bd2fd07543ad72\"><br><strong>Felices \u2013 Pablo Coloma<\/strong><\/h4>\n\n\n\n<figure class=\"wp-block-embed is-type-video is-provider-youtube wp-block-embed-youtube wp-embed-aspect-16-9 wp-has-aspect-ratio\"><div class=\"wp-block-embed__wrapper\">\n<iframe loading=\"lazy\" title=\"Felices - Pablo Coloma\" width=\"1140\" height=\"641\" src=\"https:\/\/www.youtube.com\/embed\/xPmP_GkUi9s?feature=oembed\" frameborder=\"0\" allow=\"accelerometer; autoplay; clipboard-write; encrypted-media; gyroscope; picture-in-picture; web-share\" referrerpolicy=\"strict-origin-when-cross-origin\" allowfullscreen><\/iframe>\n<\/div><\/figure>\n\n\n\n<p class=\"has-text-align-left\">Felices aquellos, los de puro coraz\u00f3n,<br>los que en cada ma\u00f1ana te sonr\u00eden con pasi\u00f3n<br>y te dicen, mir\u00e1ndote con gozo:<br>\u00abTenga usted un d\u00eda hermoso<br>m\u00e1s amable, m\u00e1s dichoso\u00bb.<br><br>Felices los de limpio mirar,<br>que no saben de envidias,<br>los de nunca condenar,<br>los que nunca te cargan de tristeza<br>ni te enrostran tu pobreza,<br>que conocen tu belleza.<br><br>Felices los que nunca descansan<br>en la lucha por la paz,<br>una paz verdadera, de justicia y libertad;<br>los que entregan su vida sin medida<br>por un mundo sin heridas,<br>sean felices cada d\u00eda.<br><br>Felices los que buscan verdad,<br>los que luchan por dar<br>a cada hombre dignidad;<br>los que al miedo salvaje dan derrota,<br>dan su sangre gota a gota<br>y en la tierra son semilla que brota.<br><br>Felices los que dicen: \u00abhermano\u00bb<br>con nobleza y sin doblez;<br>los que saben que el barro<br>se ha pegado a nuestros pies;<br>que conocen la pena m\u00e1s profunda,<br>la alegr\u00eda donde abunda<br>y la entrega m\u00e1s fecunda.<br><br>Felices los que olvidan tu error<br>y te saben distinto<br>y te abrazan sin rencor,<br>porque ven que tu coraz\u00f3n palpita,<br>que en tu alma siempre habita<br>alg\u00fan sue\u00f1o que se agita.<br><br>Felices los que saben sufrir junto<br>a tu lado en el dolor<br>y te dan una mano<br>que te aprieta con calor;<br>los que nunca se r\u00eden de tu llanto,<br>porque s\u00f3lo un nuevo canto<br>es su alegr\u00eda y su encanto.<br><br>Felices<br>los de gran coraz\u00f3n,<br>que comparten la vida,<br>regalando un nuevo don;<br>Y te dan de su pan<br>y te dan de beber<br>y a su mesa te sientan<br>y te llaman hermano.<\/p>\n\n\n\n<p class=\"has-vivid-purple-background-color has-background\"><\/p>\n\n\n\n<h5 class=\"wp-block-heading has-text-align-left has-small-font-size\"><img loading=\"lazy\" decoding=\"async\" width=\"150\" height=\"150\" class=\"wp-image-26994\" style=\"width: 150px;\" src=\"https:\/\/menesianosoy.org\/wp-content\/uploads\/2025\/09\/198dc7_nicolas-tolentino-x200.jpg\" alt=\"\" srcset=\"https:\/\/menesianosoy.org\/wp-content\/uploads\/2025\/09\/198dc7_nicolas-tolentino-x200.jpg 200w, https:\/\/menesianosoy.org\/wp-content\/uploads\/2025\/09\/198dc7_nicolas-tolentino-x200-150x150.jpg 150w\" sizes=\"auto, (max-width: 150px) 85vw, 150px\" \/><br><strong>NICOL\u00c1S DE TOLENTINO (1245-1305) fue un fraile agustino italiano, conocido por su vida de oraci\u00f3n, austeridad y caridad hacia los pobres. Naci\u00f3 en Sant\u2019Angelo, ingres\u00f3 joven a la Orden de San Agust\u00edn y se distingui\u00f3 por su humildad y celo pastoral. Fue predicador y confesor muy buscado, dedicando su vida a la reconciliaci\u00f3n de los pecadores y a la atenci\u00f3n de los necesitados. Se le atribuyen numerosos milagros, tanto en vida como despu\u00e9s de su muerte. Muri\u00f3 en Tolentino y fue canonizado en 1446, siendo considerado patrono de las almas del purgatorio.<\/strong><\/h5>\n","protected":false},"excerpt":{"rendered":"<p>Colosenses 3, 1-11Salmo 144, 2-3.10-13b Evangelio: Lucas 6, 20-26 Jes\u00fas, fijando la mirada en sus disc\u00edpulos, dijo: \u00a1Felices ustedes, los pobres, porque el Reino de Dios les pertenece!\u00a1Felices ustedes, los que ahora tienen hambre, porque ser\u00e1n saciados! \u00a1Felices ustedes, los que ahora lloran, porque reir\u00e1n!\u00a1Felices ustedes, cuando los hombres los odien, los excluyan, los insulten &hellip; <a href=\"https:\/\/menesianosoy.org\/index.php\/2025\/09\/06\/san-nicolas-de-tolentino-3\/\" class=\"more-link\">Continue reading<span class=\"screen-reader-text\"> \u00abSan Nicol\u00e1s de Tolentino\u00bb<\/span><\/a><\/p>\n","protected":false},"author":3,"featured_media":0,"comment_status":"closed","ping_status":"closed","sticky":false,"template":"","format":"standard","meta":{"_acf_changed":false,"footnotes":""},"categories":[9],"tags":[],"class_list":["post-26987","post","type-post","status-publish","format-standard","hentry","category-evangelio"],"acf":[],"_links":{"self":[{"href":"https:\/\/menesianosoy.org\/index.php\/wp-json\/wp\/v2\/posts\/26987","targetHints":{"allow":["GET"]}}],"collection":[{"href":"https:\/\/menesianosoy.org\/index.php\/wp-json\/wp\/v2\/posts"}],"about":[{"href":"https:\/\/menesianosoy.org\/index.php\/wp-json\/wp\/v2\/types\/post"}],"author":[{"embeddable":true,"href":"https:\/\/menesianosoy.org\/index.php\/wp-json\/wp\/v2\/users\/3"}],"replies":[{"embeddable":true,"href":"https:\/\/menesianosoy.org\/index.php\/wp-json\/wp\/v2\/comments?post=26987"}],"version-history":[{"count":13,"href":"https:\/\/menesianosoy.org\/index.php\/wp-json\/wp\/v2\/posts\/26987\/revisions"}],"predecessor-version":[{"id":27098,"href":"https:\/\/menesianosoy.org\/index.php\/wp-json\/wp\/v2\/posts\/26987\/revisions\/27098"}],"wp:attachment":[{"href":"https:\/\/menesianosoy.org\/index.php\/wp-json\/wp\/v2\/media?parent=26987"}],"wp:term":[{"taxonomy":"category","embeddable":true,"href":"https:\/\/menesianosoy.org\/index.php\/wp-json\/wp\/v2\/categories?post=26987"},{"taxonomy":"post_tag","embeddable":true,"href":"https:\/\/menesianosoy.org\/index.php\/wp-json\/wp\/v2\/tags?post=26987"}],"curies":[{"name":"wp","href":"https:\/\/api.w.org\/{rel}","templated":true}]}}