{"id":27184,"date":"2025-09-13T09:18:22","date_gmt":"2025-09-13T12:18:22","guid":{"rendered":"https:\/\/menesianosoy.org\/?p=27184"},"modified":"2025-09-15T06:11:25","modified_gmt":"2025-09-15T09:11:25","slug":"nuestra-senora-de-los-dolores-4","status":"publish","type":"post","link":"https:\/\/menesianosoy.org\/index.php\/2025\/09\/13\/nuestra-senora-de-los-dolores-4\/","title":{"rendered":"Nuestra Se\u00f1ora de los dolores"},"content":{"rendered":"\n<p><strong>Festividad del Se\u00f1or y de la Virgen del Milagro de Salta<\/strong><\/p>\n\n\n\n<h5 class=\"wp-block-heading has-text-color has-link-color wp-elements-752ea79d7ba48eea4dffe646e295b173\" style=\"color:#7c1818\"><br><strong><em>1980 &#8211; Llegan los primeros Hermanos a Costa de Marfil.<\/em><\/strong><\/h5>\n\n\n\n<h4 class=\"wp-block-heading has-text-align-left has-vivid-red-color has-text-color has-link-color wp-elements-0d3bba1292b8030bef905a45afd13c8e\"><br><strong>Oraci\u00f3n<\/strong><\/h4>\n\n\n\n<p class=\"has-text-align-left\"><strong><em>Mar\u00eda, aceptaste ser la madre de Jes\u00fas,<br>El Hijo de Dios<br>y cumpliste fielmente<br>tu santa misi\u00f3n.<br>Intensa fue la vida de familia<br>en tu hogar de Nazaret.<br>Mar\u00eda, velaste con amor&nbsp;<br>por tu familia y por tu casa,<br>Fuiste ternura a manos llenas&nbsp;<br>hacia los tuyos,<br>Acunaste y guiaste los pasos&nbsp;<br>de Dios hecho ni\u00f1o,<br>Acompa\u00f1aste estremecida&nbsp;<br>su desarrollo y crecimiento<br>y lo viste partir, dispuesta&nbsp;<br>siempre a los planes de Dios.<br>Mar\u00eda, ens\u00e9\u00f1anos a valorar&nbsp;<br>y dignificar la vida de familia;<br>mu\u00e9stranos el camino<br>del di\u00e1logo&nbsp;y la comprensi\u00f3n;<br>haz que aprendamos a escucharnos<br>y a querernos incondicionalmente.<br>Mar\u00eda, cuida de cada una<br>de nuestras familias,<br>como cuidaste de tu familia de Nazaret.<\/em><\/strong><\/p>\n\n\n\n<h4 class=\"wp-block-heading has-vivid-red-color has-text-color has-link-color wp-elements-7a0ff5ef426345d54ec2ffc3919b8c7e\"><br><strong>Intenciones<\/strong><\/h4>\n\n\n\n<ul class=\"wp-block-list\">\n<li>Para que se desarrolle un verdadero impulso misionero en nuestra Congregaci\u00f3n.<\/li>\n\n\n\n<li>Por los menesianos, la casa de formaci\u00f3n y las nuevas vocaciones de Costa de Marfil.<\/li>\n\n\n\n<li>Por los enfermos y discapacitados de nuestras comunidades<\/li>\n\n\n\n<li>Por los equipos directivos de nuestros centros educativos.<\/li>\n\n\n\n<li>Por los miembros de LAM y sus actividades como Asociaci\u00f3n.<\/li>\n<\/ul>\n\n\n\n<h4 class=\"wp-block-heading has-text-align-left has-vivid-red-color has-text-color has-link-color wp-elements-6d6bdf1d984084b236de2bc1c71d70c5\"><br><strong>Nueva Regla de Vida n\u00ba 129<\/strong><\/h4>\n\n\n\n<p class=\"has-text-align-left\">No puede ser admitido v\u00e1lidamente al noviciado quien no haya cumplido diecisiete a\u00f1os; quien est\u00e9 ya ligado por matrimonio; quien est\u00e9 todav\u00eda ligado por compromisos sagrados en un Instituto de vida consagrada o en una Sociedad de vida apost\u00f3lica, o quien haya ocultado que lo estaba; quien entra en el instituto inducido por violencia, miedo grave o dolo, o aquel a quien el Superior admite inducido de ese mismo modo; dejando a salvo cuanto prescriba por otra parte el Derecho Can\u00f3nico.<\/p>\n\n\n\n<h4 class=\"wp-block-heading has-text-align-left has-vivid-red-color has-text-color has-link-color wp-elements-6e11fe088ec63b1f7edc5af25d0468ab\"><br><strong>Serm\u00f3n en la casa del Refugio de St-Brieuc, 10 de febrero 1822<\/strong><\/h4>\n\n\n\n<p class=\"has-text-align-left\"><em>El coraz\u00f3n de Mar\u00eda, como el de Jesucristo, est\u00e1 lleno de tristeza; y como \u00e9l, sumisa a la voluntad del Padre celeste, no desea m\u00e1s que la salvaci\u00f3n del mundo.<\/em><\/p>\n\n\n\n<h4 class=\"wp-block-heading has-vivid-red-color has-text-color has-link-color wp-elements-277bac52fd316e45b5ad04973d855fb8\"><br><strong>Difuntos<\/strong><\/h4>\n\n\n\n<p class=\"has-text-align-left\">1969: Georges-Louis (Marcel-Georges)<br>1993: G\u00e9rard Lafontaine (Andronic)<br>2013: Maurice Passard (Maurice-L\u00e9on)<\/p>\n","protected":false},"excerpt":{"rendered":"<p>Festividad del Se\u00f1or y de la Virgen del Milagro de Salta 1980 &#8211; Llegan los primeros Hermanos a Costa de Marfil. Oraci\u00f3n Mar\u00eda, aceptaste ser la madre de Jes\u00fas,El Hijo de Diosy cumpliste fielmentetu santa misi\u00f3n.Intensa fue la vida de familiaen tu hogar de Nazaret.Mar\u00eda, velaste con amor&nbsp;por tu familia y por tu casa,Fuiste ternura &hellip; <a href=\"https:\/\/menesianosoy.org\/index.php\/2025\/09\/13\/nuestra-senora-de-los-dolores-4\/\" class=\"more-link\">Continue reading<span class=\"screen-reader-text\"> \u00abNuestra Se\u00f1ora de los dolores\u00bb<\/span><\/a><\/p>\n","protected":false},"author":3,"featured_media":0,"comment_status":"closed","ping_status":"closed","sticky":false,"template":"","format":"standard","meta":{"_acf_changed":false,"footnotes":""},"categories":[3],"tags":[],"class_list":["post-27184","post","type-post","status-publish","format-standard","hentry","category-calendario"],"acf":[],"_links":{"self":[{"href":"https:\/\/menesianosoy.org\/index.php\/wp-json\/wp\/v2\/posts\/27184","targetHints":{"allow":["GET"]}}],"collection":[{"href":"https:\/\/menesianosoy.org\/index.php\/wp-json\/wp\/v2\/posts"}],"about":[{"href":"https:\/\/menesianosoy.org\/index.php\/wp-json\/wp\/v2\/types\/post"}],"author":[{"embeddable":true,"href":"https:\/\/menesianosoy.org\/index.php\/wp-json\/wp\/v2\/users\/3"}],"replies":[{"embeddable":true,"href":"https:\/\/menesianosoy.org\/index.php\/wp-json\/wp\/v2\/comments?post=27184"}],"version-history":[{"count":7,"href":"https:\/\/menesianosoy.org\/index.php\/wp-json\/wp\/v2\/posts\/27184\/revisions"}],"predecessor-version":[{"id":27339,"href":"https:\/\/menesianosoy.org\/index.php\/wp-json\/wp\/v2\/posts\/27184\/revisions\/27339"}],"wp:attachment":[{"href":"https:\/\/menesianosoy.org\/index.php\/wp-json\/wp\/v2\/media?parent=27184"}],"wp:term":[{"taxonomy":"category","embeddable":true,"href":"https:\/\/menesianosoy.org\/index.php\/wp-json\/wp\/v2\/categories?post=27184"},{"taxonomy":"post_tag","embeddable":true,"href":"https:\/\/menesianosoy.org\/index.php\/wp-json\/wp\/v2\/tags?post=27184"}],"curies":[{"name":"wp","href":"https:\/\/api.w.org\/{rel}","templated":true}]}}