{"id":27245,"date":"2025-09-14T09:54:44","date_gmt":"2025-09-14T12:54:44","guid":{"rendered":"https:\/\/menesianosoy.org\/?p=27245"},"modified":"2025-09-17T06:10:46","modified_gmt":"2025-09-17T09:10:46","slug":"san-roberto-belarmino-4","status":"publish","type":"post","link":"https:\/\/menesianosoy.org\/index.php\/2025\/09\/14\/san-roberto-belarmino-4\/","title":{"rendered":"San Roberto Belarmino"},"content":{"rendered":"\n<h4 class=\"wp-block-heading has-text-align-left has-vivid-red-color has-text-color has-link-color wp-elements-0d3bba1292b8030bef905a45afd13c8e\"><br><strong>Oraci\u00f3n<\/strong><\/h4>\n\n\n\n<p class=\"has-text-align-left\"><strong><em>Se\u00f1or Jes\u00fas,<br>T\u00fa que dijiste que todos sean uno,<br>te damos gracias por llamarnos a la unidad,<br>por desafiarnos a salir<br>de nuestros esquemas y seguridades.<br>Sabes de nuestras resistencias<br>e inseguridades,<br>sabes de nuestros sue\u00f1os y anhelos;<br>no te son desconocidas<br>nuestras limitaciones y pobrezas,<br>y tambi\u00e9n con ellas<br>quieres gestar la nueva realidad.<br>Nos confiamos a Mar\u00eda,<br>que sali\u00f3 a prisa al encuentro<br>de la vida que clama.<br>Haz de la familia menesiana<br>un cuerpo para la misi\u00f3n<br>que cuide y defienda la vida<br>de los m\u00e1s peque\u00f1os del sur.<br>Am\u00e9n.<\/em><\/strong><\/p>\n\n\n\n<h4 class=\"wp-block-heading has-text-align-left has-vivid-red-color has-text-color has-link-color wp-elements-7deb30c5a46c2fe0af76f92c82f8d39a\"><br><strong>Intenciones<\/strong><\/h4>\n\n\n\n<ul class=\"wp-block-list\">\n<li>Por los Hermanos provinciales y visitadores de la congregaci\u00f3n.<\/li>\n\n\n\n<li>Por el H. Angel de Gabriel en su nueva etapa de formaci\u00f3n.<\/li>\n\n\n\n<li>Por la familia menesiana del colegio La Mennais de Montevideo y de Aguilar de Camp\u00f3o.<\/li>\n\n\n\n<li>Por los menesianos, las obras y las nuevas vocaciones del distrito San Pedro Chanel (Tahit\u00ed &#8211; Islas Marquesas).<\/li>\n\n\n\n<li>Por los enfermos y discapacitados de nuestros centros educativos.<\/li>\n\n\n\n<li>Por los equipos de orientaci\u00f3n de nuestros centros educativos.<\/li>\n<\/ul>\n\n\n\n<h4 class=\"wp-block-heading has-text-align-left has-vivid-red-color has-text-color has-link-color wp-elements-1563fc1cceb538410864dd35ba4f5900\"><br><strong>Nueva Regla de Vida n\u00ba 132<\/strong><\/h4>\n\n\n\n<p class=\"has-text-align-left\">La entrada en el noviciado est\u00e1 enmarcada por una celebraci\u00f3n en la que el novicio expresa su deseo de seguir a Cristo en la vida de Hermano. La comunidad formativa le expresa su acogida fraterna.<\/p>\n\n\n\n<h4 class=\"wp-block-heading has-text-align-left has-vivid-red-color has-text-color has-link-color wp-elements-050403a367fe7a950b614b4a6a6efa0d\"><br><strong>Al Hno. Liguori-Marie, 20 de noviembre de 1847<\/strong><\/h4>\n\n\n\n<p class=\"has-text-align-left\"><em>Dios, despu\u00e9s de haberlos probado, bendice su centro de una manera admirable: hay que darle gracias por ello, pero no dejen de referirle a \u00e9l toda la gloria de sus \u00e9xitos y no se dejen arrastrar a tentaciones de vanidad: esto ser\u00eda perder el m\u00e9rito del bien que pueden hacer.<\/em><\/p>\n\n\n\n<h4 class=\"wp-block-heading has-text-align-left has-vivid-red-color has-text-color has-link-color wp-elements-1cd4b724fdd0ffc35884cb45183847cc\"><br><strong>Difuntos<\/strong><\/h4>\n\n\n\n<p class=\"has-text-align-left\"><img loading=\"lazy\" decoding=\"async\" width=\"136\" height=\"174\" class=\"wp-image-27250\" style=\"width: 136px;\" src=\"https:\/\/menesianosoy.org\/wp-content\/uploads\/2025\/09\/heliodoro.png\" alt=\"\"><br>2000: <strong>Crescente Fern\u00e1ndez (Heliodoro)<\/strong>: Naci\u00f3 en Revelillas el 15 de abril de 1921. Trabaj\u00f3 en Argentina y Uruguay desde el a\u00f1o 1955 hasta el a\u00f1o 1971. Muri\u00f3 en Nanclares.<br><br>1975: Louis Sicot (Jean-Baptiste)<br>1976: <strong>Juli\u00e1n Fern\u00e1ndez de Larrea (Bonifacio).<\/strong> Naci\u00f3 en Guevara (Alava) en 1909. Muri\u00f3 en Nanclares.<br>1979: Henri Gingras (Achille)<br>2012: Mo\u00efse Friot (Philippe)<br>2018: Henri Diquelou (Gilbert-Gabriel)<\/p>\n","protected":false},"excerpt":{"rendered":"<p>Oraci\u00f3n Se\u00f1or Jes\u00fas,T\u00fa que dijiste que todos sean uno,te damos gracias por llamarnos a la unidad,por desafiarnos a salirde nuestros esquemas y seguridades.Sabes de nuestras resistenciase inseguridades,sabes de nuestros sue\u00f1os y anhelos;no te son desconocidasnuestras limitaciones y pobrezas,y tambi\u00e9n con ellasquieres gestar la nueva realidad.Nos confiamos a Mar\u00eda,que sali\u00f3 a prisa al encuentrode la vida &hellip; <a href=\"https:\/\/menesianosoy.org\/index.php\/2025\/09\/14\/san-roberto-belarmino-4\/\" class=\"more-link\">Continue reading<span class=\"screen-reader-text\"> \u00abSan Roberto Belarmino\u00bb<\/span><\/a><\/p>\n","protected":false},"author":3,"featured_media":0,"comment_status":"closed","ping_status":"closed","sticky":false,"template":"","format":"standard","meta":{"_acf_changed":false,"footnotes":""},"categories":[3],"tags":[],"class_list":["post-27245","post","type-post","status-publish","format-standard","hentry","category-calendario"],"acf":[],"_links":{"self":[{"href":"https:\/\/menesianosoy.org\/index.php\/wp-json\/wp\/v2\/posts\/27245","targetHints":{"allow":["GET"]}}],"collection":[{"href":"https:\/\/menesianosoy.org\/index.php\/wp-json\/wp\/v2\/posts"}],"about":[{"href":"https:\/\/menesianosoy.org\/index.php\/wp-json\/wp\/v2\/types\/post"}],"author":[{"embeddable":true,"href":"https:\/\/menesianosoy.org\/index.php\/wp-json\/wp\/v2\/users\/3"}],"replies":[{"embeddable":true,"href":"https:\/\/menesianosoy.org\/index.php\/wp-json\/wp\/v2\/comments?post=27245"}],"version-history":[{"count":8,"href":"https:\/\/menesianosoy.org\/index.php\/wp-json\/wp\/v2\/posts\/27245\/revisions"}],"predecessor-version":[{"id":27380,"href":"https:\/\/menesianosoy.org\/index.php\/wp-json\/wp\/v2\/posts\/27245\/revisions\/27380"}],"wp:attachment":[{"href":"https:\/\/menesianosoy.org\/index.php\/wp-json\/wp\/v2\/media?parent=27245"}],"wp:term":[{"taxonomy":"category","embeddable":true,"href":"https:\/\/menesianosoy.org\/index.php\/wp-json\/wp\/v2\/categories?post=27245"},{"taxonomy":"post_tag","embeddable":true,"href":"https:\/\/menesianosoy.org\/index.php\/wp-json\/wp\/v2\/tags?post=27245"}],"curies":[{"name":"wp","href":"https:\/\/api.w.org\/{rel}","templated":true}]}}