{"id":27514,"date":"2025-09-20T16:38:58","date_gmt":"2025-09-20T19:38:58","guid":{"rendered":"https:\/\/menesianosoy.org\/?p=27514"},"modified":"2025-09-20T16:46:32","modified_gmt":"2025-09-20T19:46:32","slug":"virgen-de-la-merced-4","status":"publish","type":"post","link":"https:\/\/menesianosoy.org\/index.php\/2025\/09\/20\/virgen-de-la-merced-4\/","title":{"rendered":"Virgen de la Merced"},"content":{"rendered":"\n<p class=\"has-text-align-left\"><br><strong><em>1803 &#8211; Juan Mar\u00eda es ordenado di\u00e1cono en Rennes, por Monse\u00f1or J.B. de Maill\u00e9.<\/em><\/strong><\/p>\n\n\n\n<h4 class=\"wp-block-heading has-text-align-left has-vivid-red-color has-text-color has-link-color wp-elements-0d3bba1292b8030bef905a45afd13c8e\"><br><strong>Oraci\u00f3n<\/strong><\/h4>\n\n\n\n<p class=\"has-text-align-left\"><strong><em>Se\u00f1or Jes\u00fas, te damos gracias<br>por la sublime vocaci\u00f3n<br>que nos has regalado.<br>Danos tu Esp\u00edritu para que pasemos<br>por el mundo<br>haciendo el bien que T\u00fa mismo hiciste.<br>Que nuestra educaci\u00f3n evangelice hoy a todos,<br>que instruya a los pobres, que d\u00e9 vista a los ciegos,<br>que haga caminar a los d\u00e9biles y cansados.<br>Conc\u00e9denos vivir hoy y siempre de tal forma<br>que eduquemos a los que nos son confiados,<br>abramos los ojos a los ni\u00f1os y a los j\u00f3venes,<br>sanemos a los d\u00e9biles,<br>resucitemos a los que viven sepultados lejos de ti.<br>Que tu presencia en nuestra vida fraterna<br>nos haga capaces de realizar prodigios<br>en el orden espiritual para gloria tuya. Am\u00e9n<\/em><\/strong><\/p>\n\n\n\n<h4 class=\"wp-block-heading has-text-align-left has-vivid-red-color has-text-color has-link-color wp-elements-7deb30c5a46c2fe0af76f92c82f8d39a\"><br><strong>Intenciones<\/strong><\/h4>\n\n\n\n<ul class=\"wp-block-list\">\n<li>Por la Asamblea general que se desarrolla en Roma y por sus participantes.<\/li>\n\n\n\n<li>Por los menesianos, las obras y las nuevas vocaciones de la provincia Juan de la Mennais (Canad\u00e1 &#8211; Usa &#8211; M\u00e9xico).<\/li>\n\n\n\n<li>Por los enfermos y discapacitados de nuestros centros educativos.<\/li>\n\n\n\n<li>Por la familia menesiana del Centro Educacional de Culipr\u00e1n y la de Portugalete.<\/li>\n\n\n\n<li>Por los equipos de administraci\u00f3n de nuestros centros educativos.<\/li>\n<\/ul>\n\n\n\n<h4 class=\"wp-block-heading has-text-align-left has-vivid-red-color has-text-color has-link-color wp-elements-ba31e8174d4d1f78828c78e26697b651\"><br><strong>Nueva Regla de Vida n\u00ba 137a<\/strong><\/h4>\n\n\n\n<p class=\"has-text-align-left\">Para ser v\u00e1lido, el noviciado debe tener lugar en una casa regularmente designada, bajo la direcci\u00f3n del Hermano Maestro. A los doce meses de presencia exigidos para su validez se a\u00f1ade la duraci\u00f3n del per\u00edodo de formaci\u00f3n que se haya pasado fuera. El noviciado as\u00ed prolongado puede extenderse hasta un m\u00e1ximo de dos a\u00f1os.<\/p>\n\n\n\n<h4 class=\"wp-block-heading has-text-align-left has-vivid-red-color has-text-color has-link-color wp-elements-f412cef76c36c6c9bcdd0f99bab34257\"><br><strong>A Brut\u00e9 de R\u00e9mur, 25 de mayo de 1810<\/strong><\/h4>\n\n\n\n<p class=\"has-text-align-left\"><em>Ustedes son mensajeros de amor y de paz, que parecen bajados del cielo, para ense\u00f1ar a los hombres a conocer y a amar a Dios.<\/em><\/p>\n\n\n\n<h4 class=\"wp-block-heading has-text-align-left has-vivid-red-color has-text-color has-link-color wp-elements-1cd4b724fdd0ffc35884cb45183847cc\"><br><strong>Difuntos<\/strong><\/h4>\n\n\n\n<p class=\"has-text-align-left\">1957: Chrysanthe-Marie Paubert, asistente (1933-1939)<br>1981: \u00c9vence Malledant (Vital)<br>1984: Arthur Lambert (M\u00e9r\u00e9al), asistente (1946-1958)<br>2009: Normand Simoneau.(Benjamin F\u00e9lix)<\/p>\n","protected":false},"excerpt":{"rendered":"<p>1803 &#8211; Juan Mar\u00eda es ordenado di\u00e1cono en Rennes, por Monse\u00f1or J.B. de Maill\u00e9. Oraci\u00f3n Se\u00f1or Jes\u00fas, te damos graciaspor la sublime vocaci\u00f3nque nos has regalado.Danos tu Esp\u00edritu para que pasemospor el mundohaciendo el bien que T\u00fa mismo hiciste.Que nuestra educaci\u00f3n evangelice hoy a todos,que instruya a los pobres, que d\u00e9 vista a los ciegos,que &hellip; <a href=\"https:\/\/menesianosoy.org\/index.php\/2025\/09\/20\/virgen-de-la-merced-4\/\" class=\"more-link\">Continue reading<span class=\"screen-reader-text\"> \u00abVirgen de la Merced\u00bb<\/span><\/a><\/p>\n","protected":false},"author":3,"featured_media":0,"comment_status":"closed","ping_status":"closed","sticky":false,"template":"","format":"standard","meta":{"_acf_changed":false,"footnotes":""},"categories":[3],"tags":[],"class_list":["post-27514","post","type-post","status-publish","format-standard","hentry","category-calendario"],"acf":[],"_links":{"self":[{"href":"https:\/\/menesianosoy.org\/index.php\/wp-json\/wp\/v2\/posts\/27514","targetHints":{"allow":["GET"]}}],"collection":[{"href":"https:\/\/menesianosoy.org\/index.php\/wp-json\/wp\/v2\/posts"}],"about":[{"href":"https:\/\/menesianosoy.org\/index.php\/wp-json\/wp\/v2\/types\/post"}],"author":[{"embeddable":true,"href":"https:\/\/menesianosoy.org\/index.php\/wp-json\/wp\/v2\/users\/3"}],"replies":[{"embeddable":true,"href":"https:\/\/menesianosoy.org\/index.php\/wp-json\/wp\/v2\/comments?post=27514"}],"version-history":[{"count":2,"href":"https:\/\/menesianosoy.org\/index.php\/wp-json\/wp\/v2\/posts\/27514\/revisions"}],"predecessor-version":[{"id":27517,"href":"https:\/\/menesianosoy.org\/index.php\/wp-json\/wp\/v2\/posts\/27514\/revisions\/27517"}],"wp:attachment":[{"href":"https:\/\/menesianosoy.org\/index.php\/wp-json\/wp\/v2\/media?parent=27514"}],"wp:term":[{"taxonomy":"category","embeddable":true,"href":"https:\/\/menesianosoy.org\/index.php\/wp-json\/wp\/v2\/categories?post=27514"},{"taxonomy":"post_tag","embeddable":true,"href":"https:\/\/menesianosoy.org\/index.php\/wp-json\/wp\/v2\/tags?post=27514"}],"curies":[{"name":"wp","href":"https:\/\/api.w.org\/{rel}","templated":true}]}}