{"id":27539,"date":"2025-09-20T17:14:28","date_gmt":"2025-09-20T20:14:28","guid":{"rendered":"https:\/\/menesianosoy.org\/?p=27539"},"modified":"2025-09-20T17:20:29","modified_gmt":"2025-09-20T20:20:29","slug":"virgen-del-rosario-de-san-nicolas-2","status":"publish","type":"post","link":"https:\/\/menesianosoy.org\/index.php\/2025\/09\/20\/virgen-del-rosario-de-san-nicolas-2\/","title":{"rendered":"Virgen del Rosario de San Nicol\u00e1s"},"content":{"rendered":"\n<h4 class=\"wp-block-heading has-text-align-left has-vivid-red-color has-text-color has-link-color wp-elements-0d3bba1292b8030bef905a45afd13c8e\"><br><strong>Oraci\u00f3n<\/strong><\/h4>\n\n\n\n<p class=\"has-text-align-left\"><strong><em>Padre bueno,<br>te doy gracias por la vida,<br>regalo de tu amor.<br>Haz que la comparta con todos:<br>con mis hermanos, con mi familia,<br>con mis amigos,<br>tejiendo lazos como lo hizo Jes\u00fas.<br>Env\u00edame tu Esp\u00edritu Santo<br>para descubrir lo que quieres de m\u00ed.<br>Hazme cada d\u00eda m\u00e1s parecido a tu Hijo:<br>que sus sentimientos sean mis sentimientos,<br>que sus pensamientos<br>sean mis pensamientos,<br>que su proyecto sea mi proyecto,<br>que ame como \u00c9l am\u00f3.<br>Como a Mar\u00eda, Padre Bueno,<br>conc\u00e9denos a todos<br>un coraz\u00f3n d\u00f3cil a tu Palabra. Am\u00e9n<\/em><\/strong><\/p>\n\n\n\n<h4 class=\"wp-block-heading has-text-align-left has-vivid-red-color has-text-color has-link-color wp-elements-7deb30c5a46c2fe0af76f92c82f8d39a\"><br><strong>Intenciones<\/strong><\/h4>\n\n\n\n<ul class=\"wp-block-list\">\n<li>Por las vocaciones en nuestro Distrito y la casa de formaci\u00f3n de El Alto.<\/li>\n\n\n\n<li>Por la Asamblea General y sus participantes.<\/li>\n\n\n\n<li>Por los menesianos, las obras y nuevas vocaciones de las provincia San Juan Bautista (Francia &#8211; Inglaterra &#8211; Italia).<\/li>\n\n\n\n<li>Por los enfermos y discapacitados de nuestros centros educativos.<\/li>\n\n\n\n<li>Por la familia menesiana del colegio San Pablo de Luj\u00e1n de Cuyo.<\/li>\n\n\n\n<li>Por la comunidad de Taiohae (Islas Marquesas) y la de San Jos\u00e9 de Reinosa (Espa\u00f1a).<\/li>\n<\/ul>\n\n\n\n<h4 class=\"wp-block-heading has-text-align-left has-vivid-red-color has-text-color has-link-color wp-elements-7261719eded5799270f6a5db7528f3ec\"><br><strong>Nueva Regla de Vida n\u00ba 138<\/strong><\/h4>\n\n\n\n<p class=\"has-text-align-left\">Con el consentimiento de su Consejo, el Hermano Superior General puede, excepcionalmente, autorizar a un candidato a realizar su formaci\u00f3n de noviciado en otra casa del Instituto, fuera de la casa de noviciado, bajo la direcci\u00f3n de un Hermano designado para acompa\u00f1arle.<\/p>\n\n\n\n<h4 class=\"wp-block-heading has-text-align-left has-vivid-red-color has-text-color has-link-color wp-elements-958c86dc2a0683c1995e5692a37fb54b\"><br><strong>Al Hno. Ambrosio Le Haiget 17 de junio de 1842<\/strong><\/h4>\n\n\n\n<p class=\"has-text-align-left\"><em>Te vuelvo a recomendar que te muestres lleno de bondad y de indulgencia para con todos tus hermanos. S\u00ed, para con todos sin excepci\u00f3n, incluso para con aqu\u00e9llos de los que crees tener motivos para quejarte.<\/em><\/p>\n\n\n\n<h4 class=\"wp-block-heading has-text-align-left has-vivid-red-color has-text-color has-link-color wp-elements-1cd4b724fdd0ffc35884cb45183847cc\"><br><strong>Difuntos<\/strong><\/h4>\n\n\n\n<p class=\"has-text-align-left\">1992: Pierre Bourges (Gildas)<br>1993: Marcel Godin (Alfred-Marcel)<br>2020: Roland Fortin (David-Marie)<\/p>\n","protected":false},"excerpt":{"rendered":"<p>Oraci\u00f3n Padre bueno,te doy gracias por la vida,regalo de tu amor.Haz que la comparta con todos:con mis hermanos, con mi familia,con mis amigos,tejiendo lazos como lo hizo Jes\u00fas.Env\u00edame tu Esp\u00edritu Santopara descubrir lo que quieres de m\u00ed.Hazme cada d\u00eda m\u00e1s parecido a tu Hijo:que sus sentimientos sean mis sentimientos,que sus pensamientossean mis pensamientos,que su proyecto &hellip; <a href=\"https:\/\/menesianosoy.org\/index.php\/2025\/09\/20\/virgen-del-rosario-de-san-nicolas-2\/\" class=\"more-link\">Continue reading<span class=\"screen-reader-text\"> \u00abVirgen del Rosario de San Nicol\u00e1s\u00bb<\/span><\/a><\/p>\n","protected":false},"author":3,"featured_media":0,"comment_status":"closed","ping_status":"closed","sticky":false,"template":"","format":"standard","meta":{"_acf_changed":false,"footnotes":""},"categories":[3],"tags":[],"class_list":["post-27539","post","type-post","status-publish","format-standard","hentry","category-calendario"],"acf":[],"_links":{"self":[{"href":"https:\/\/menesianosoy.org\/index.php\/wp-json\/wp\/v2\/posts\/27539","targetHints":{"allow":["GET"]}}],"collection":[{"href":"https:\/\/menesianosoy.org\/index.php\/wp-json\/wp\/v2\/posts"}],"about":[{"href":"https:\/\/menesianosoy.org\/index.php\/wp-json\/wp\/v2\/types\/post"}],"author":[{"embeddable":true,"href":"https:\/\/menesianosoy.org\/index.php\/wp-json\/wp\/v2\/users\/3"}],"replies":[{"embeddable":true,"href":"https:\/\/menesianosoy.org\/index.php\/wp-json\/wp\/v2\/comments?post=27539"}],"version-history":[{"count":3,"href":"https:\/\/menesianosoy.org\/index.php\/wp-json\/wp\/v2\/posts\/27539\/revisions"}],"predecessor-version":[{"id":27544,"href":"https:\/\/menesianosoy.org\/index.php\/wp-json\/wp\/v2\/posts\/27539\/revisions\/27544"}],"wp:attachment":[{"href":"https:\/\/menesianosoy.org\/index.php\/wp-json\/wp\/v2\/media?parent=27539"}],"wp:term":[{"taxonomy":"category","embeddable":true,"href":"https:\/\/menesianosoy.org\/index.php\/wp-json\/wp\/v2\/categories?post=27539"},{"taxonomy":"post_tag","embeddable":true,"href":"https:\/\/menesianosoy.org\/index.php\/wp-json\/wp\/v2\/tags?post=27539"}],"curies":[{"name":"wp","href":"https:\/\/api.w.org\/{rel}","templated":true}]}}