{"id":27689,"date":"2025-09-26T12:22:44","date_gmt":"2025-09-26T15:22:44","guid":{"rendered":"https:\/\/menesianosoy.org\/?p=27689"},"modified":"2025-09-30T21:08:58","modified_gmt":"2025-10-01T00:08:58","slug":"santa-teresa-del-nino-jesus-3","status":"publish","type":"post","link":"https:\/\/menesianosoy.org\/index.php\/2025\/09\/26\/santa-teresa-del-nino-jesus-3\/","title":{"rendered":"Santa Teresa del Ni\u00f1o Jes\u00fas"},"content":{"rendered":"\n<h5 class=\"wp-block-heading has-text-align-left has-text-color has-link-color wp-elements-b98174e872a1682fd10788c6db66268a\" style=\"color:#702727\"><strong>Nehem\u00edas 2, 1-8<br>Salmo 136, 1-6<\/strong><\/h5>\n\n\n\n<h4 class=\"wp-block-heading has-text-align-left has-vivid-red-color has-text-color has-link-color wp-elements-4100f2ffc695695f5116ba4b16f912dd\"><br><strong>Evangelio: Lucas 9, 57-62<\/strong><\/h4>\n\n\n\n<figure class=\"wp-block-audio\"><audio controls src=\"https:\/\/menesianosoy.org\/wp-content\/uploads\/2025\/09\/WhatsApp-Audio-2025-09-29-at-08.21.22.mp3\"><\/audio><\/figure>\n\n\n\n<p class=\"has-text-align-left\"><strong><em>Mientras iban caminando, alguien le dijo a Jes\u00fas: \u00a1Te seguir\u00e9 adonde vayas!<br>Jes\u00fas le respondi\u00f3: Los zorros tienen sus cuevas y las aves del cielo sus nidos, pero el Hijo del hombre no tiene d\u00f3nde reclinar la cabeza.<br>Y dijo a otro: S\u00edgueme.<br>\u00c9l respondi\u00f3: Perm\u00edteme que vaya primero a enterrar a mi padre.<br>Pero Jes\u00fas le respondi\u00f3: Deja que los muertos entierren a sus muertos; t\u00fa ve a anunciar el Reino de Dios.<br>Otro le dijo: Te seguir\u00e9, Se\u00f1or, pero perm\u00edteme antes despedirme de los m\u00edos.<br>Jes\u00fas le respondi\u00f3: El que ha puesto la mano en el arado y mira hacia atr\u00e1s, no sirve para el Reino de Dios.<\/em><\/strong><\/p>\n\n\n\n<figure class=\"wp-block-image size-full is-resized\"><img loading=\"lazy\" decoding=\"async\" width=\"1000\" height=\"608\" src=\"https:\/\/menesianosoy.org\/wp-content\/uploads\/2025\/09\/Dibujo.jpg\" alt=\"\" class=\"wp-image-27694\" style=\"width:491px;height:auto\" srcset=\"https:\/\/menesianosoy.org\/wp-content\/uploads\/2025\/09\/Dibujo.jpg 1000w, https:\/\/menesianosoy.org\/wp-content\/uploads\/2025\/09\/Dibujo-300x182.jpg 300w, https:\/\/menesianosoy.org\/wp-content\/uploads\/2025\/09\/Dibujo-768x467.jpg 768w\" sizes=\"auto, (max-width: 709px) 85vw, (max-width: 909px) 67vw, (max-width: 1362px) 62vw, 840px\" \/><\/figure>\n\n\n\n<p class=\"has-text-align-left\">Jes\u00fas sabe que no es f\u00e1cil acompa\u00f1arlo en su vida de profeta itinerante. No puede ofrecer a sus seguidores la seguridad y el prestigio que pueden prometer los letrados de la ley a sus disc\u00edpulos. Jes\u00fas no enga\u00f1a a nadie. Quienes lo quieran seguir tendr\u00e1n que aprender a vivir como \u00e9l.<br><br>Mientras van de camino, se le acerca un desconocido. Se lo ve entusiasmado: <em>\u00abTe seguir\u00e9 adonde vayas\u00bb.<\/em> Antes que nada, Jes\u00fas le hace ver que no espere de \u00e9l seguridad, ventajas ni bienestar. \u00c9l mismo <em>\u00abno tiene d\u00f3nde reclinar su cabeza\u00bb.<\/em> No tiene casa, come lo que le ofrecen, duerme donde puede.<br>No nos enga\u00f1emos. El gran obst\u00e1culo que nos impide hoy a muchos cristianos seguir de verdad a Jes\u00fas es el bienestar en el que vivimos instalados. Nos da miedo tomarlo en serio porque sabemos que nos exigir\u00eda vivir de manera m\u00e1s generosa y solidaria. Somos <strong>esclavos de nuestro peque\u00f1o bienestar<\/strong>. Tal vez, las crisis econ\u00f3micas nos podr\u00edan hacer m\u00e1s humanos y m\u00e1s cristianos.<br><br>Otro pide a Jes\u00fas que le deje ir a enterrar a su padre antes de seguirlo. Jes\u00fas le responde con un juego de palabras provocativo y enigm\u00e1tico: <em>\u00abDeja que los muertos entierren a sus muertos, t\u00fa vete a anunciar el reino de Dios\u00bb<\/em>. <br>Estas palabras desconcertantes cuestionan nuestro estilo convencional de vivir. Hemos de <strong>ensanchar el horizonte <\/strong>en el que nos movemos. La familia no lo es todo, pero tampoco hay que descuidarlo. Hay algo m\u00e1s importante. Si nos decidimos a seguir a Jes\u00fas, hemos de pensar tambi\u00e9n en la familia humana: nadie deber\u00eda vivir sin hogar, sin patria, sin papeles, sin derechos. Todos podemos hacer algo m\u00e1s por un mundo justo y fraterno.<br><br>Otro est\u00e1 dispuesto a seguirlo, pero antes se quiere despedir de su familia. Jes\u00fas lo sorprende con estas palabras: \u00ab<em>El que echa mano al arado y sigue mirando atr\u00e1s no es apto para el reino de Dios\u00bb.<\/em> <br><strong>Colaborar en el proyecto de Jes\u00fas<\/strong> exige dedicaci\u00f3n total, mirar hacia adelante sin distraernos, caminar hacia el futuro sin encerrarnos en el pasado.<br><br>El papa Francisco nos ha advertido de algo que est\u00e1 pasando hoy en la Iglesia: <em>\u00abTenemos <strong>miedo <\/strong>a que Dios nos lleve por caminos nuevos, sac\u00e1ndonos de nuestros horizontes, con frecuencia limitados, cerrados y ego\u00edstas, para abrirnos a los suyos\u00bb.<\/em> (Jos\u00e9 Antonio Pagola &#8211; C\u00f3mo seguir a Jes\u00fas)<\/p>\n\n\n\n<h5 class=\"wp-block-heading has-text-align-left has-text-color has-link-color wp-elements-331969e2394bfe81358015269dbb314a\" style=\"color:#732727\"><br><strong>MAXIMA<\/strong><br><strong>\u00a1Jes\u00fas, te seguir\u00e9!<\/strong><\/h5>\n\n\n\n<h4 class=\"wp-block-heading has-text-align-left has-vivid-red-color has-text-color has-link-color wp-elements-21e72ba6ab8aac75548a19d39767613b\"><br><strong>Palabras de Juan Mar\u00eda de la Mennais<\/strong><\/h4>\n\n\n\n<p class=\"has-text-align-left\"><img loading=\"lazy\" decoding=\"async\" width=\"150\" height=\"213\" class=\"wp-image-16065\" style=\"width: 150px;\" src=\"https:\/\/menesianosoy.org\/wp-content\/uploads\/2024\/09\/Juanma-211x300-1.jpg\" alt=\"\"><br><em>Sigue muy firme en tu vocaci\u00f3n y no escuches los consejos de los que tratan de desviarte de ella: no basta con haber comenzado bien, hay que perseverar hasta el fin para obtener la corona. Ruega a la Sant\u00edsima Virgen, p\u00eddele mucho desde el fondo del alma, que muestre hoy m\u00e1s que nunca que es tu buena madre, preserv\u00e1ndote de toda inconstancia. (Al H. Eleazar, 25 de julio de 1848)<\/em><\/p>\n\n\n\n<h4 class=\"wp-block-heading has-vivid-red-color has-text-color has-link-color wp-elements-d4f3ec17e99f7ec57528aa2b29022d35\"><br><strong>Jes\u00fas te seguir\u00e9 &#8211; Daniel Poli<\/strong><\/h4>\n\n\n\n<figure class=\"wp-block-embed is-type-video is-provider-youtube wp-block-embed-youtube wp-embed-aspect-16-9 wp-has-aspect-ratio\"><div class=\"wp-block-embed__wrapper\">\n<iframe loading=\"lazy\" title=\"Jes\u00fas te seguir\u00e9 con letra - Daniel Poli\" width=\"1140\" height=\"641\" src=\"https:\/\/www.youtube.com\/embed\/lc62Pm6-bY4?feature=oembed\" frameborder=\"0\" allow=\"accelerometer; autoplay; clipboard-write; encrypted-media; gyroscope; picture-in-picture; web-share\" referrerpolicy=\"strict-origin-when-cross-origin\" allowfullscreen><\/iframe>\n<\/div><\/figure>\n\n\n\n<p class=\"has-text-align-left\">Jes\u00fas, te seguir\u00e9,<br>donde me lleves ir\u00e9.<br>Mu\u00e9strame ese lugar donde vives.<br>Quiero quedarme contigo all\u00ed.<br><br>Escuchando tus palabras<br>algo nuevo nace en m\u00ed.<br>Es que nadie nos hab\u00eda venido<br>a hablar as\u00ed.<br>Ahora veo claro:<br>La verdad est\u00e1 en ti.<br><br>Hoy he visto como se aman<br>los que viven junto a ti.<br>Hace tiempo que sediento<br>hab\u00eda querido amar as\u00ed,<br>Ahora siento que tu amor<br>viene hacia m\u00ed.<br><br>Hoy he visto a los leprosos sanos<br>y a los ciegos ver.<br>Hasta el pan multiplicaste<br>para darnos de comer.<br>\u00a1Oh, maestro bueno,<br>todo lo haces bien!<\/p>\n\n\n\n<p class=\"has-text-align-left has-vivid-purple-background-color has-background\"><\/p>\n\n\n\n<h5 class=\"wp-block-heading has-text-align-left has-small-font-size\"><img loading=\"lazy\" decoding=\"async\" width=\"150\" height=\"84\" class=\"wp-image-27703\" style=\"width: 150px;\" src=\"https:\/\/menesianosoy.org\/wp-content\/uploads\/2025\/09\/download-2.jpg\" alt=\"\"><br><strong>Santa TERESA DEL NI\u00d1O JES\u00daS, tambi\u00e9n conocida como Santa Teresita de Lisieux (1873-1897), fue una joven carmelita francesa. Ingres\u00f3 al Carmelo a los 15 a\u00f1os y vivi\u00f3 all\u00ed con gran sencillez, ofreciendo a Dios los peque\u00f1os actos de cada d\u00eda con un amor inmenso. Llam\u00f3 a este camino la \u201cpeque\u00f1a v\u00eda\u201d, basada en la confianza y el abandono en el amor de Dios. Muri\u00f3 a los 24 a\u00f1os de tuberculosis, dejando como testimonio su autobiograf\u00eda <em>Historia de un alma<\/em>. Fue proclamada doctora de la Iglesia en 1997 por su profunda espiritualidad centrada en el amor.<\/strong><\/h5>\n","protected":false},"excerpt":{"rendered":"<p>Nehem\u00edas 2, 1-8Salmo 136, 1-6 Evangelio: Lucas 9, 57-62 Mientras iban caminando, alguien le dijo a Jes\u00fas: \u00a1Te seguir\u00e9 adonde vayas!Jes\u00fas le respondi\u00f3: Los zorros tienen sus cuevas y las aves del cielo sus nidos, pero el Hijo del hombre no tiene d\u00f3nde reclinar la cabeza.Y dijo a otro: S\u00edgueme.\u00c9l respondi\u00f3: Perm\u00edteme que vaya primero &hellip; <a href=\"https:\/\/menesianosoy.org\/index.php\/2025\/09\/26\/santa-teresa-del-nino-jesus-3\/\" class=\"more-link\">Continue reading<span class=\"screen-reader-text\"> \u00abSanta Teresa del Ni\u00f1o Jes\u00fas\u00bb<\/span><\/a><\/p>\n","protected":false},"author":3,"featured_media":0,"comment_status":"closed","ping_status":"closed","sticky":false,"template":"","format":"standard","meta":{"_acf_changed":false,"footnotes":""},"categories":[9],"tags":[],"class_list":["post-27689","post","type-post","status-publish","format-standard","hentry","category-evangelio"],"acf":[],"_links":{"self":[{"href":"https:\/\/menesianosoy.org\/index.php\/wp-json\/wp\/v2\/posts\/27689","targetHints":{"allow":["GET"]}}],"collection":[{"href":"https:\/\/menesianosoy.org\/index.php\/wp-json\/wp\/v2\/posts"}],"about":[{"href":"https:\/\/menesianosoy.org\/index.php\/wp-json\/wp\/v2\/types\/post"}],"author":[{"embeddable":true,"href":"https:\/\/menesianosoy.org\/index.php\/wp-json\/wp\/v2\/users\/3"}],"replies":[{"embeddable":true,"href":"https:\/\/menesianosoy.org\/index.php\/wp-json\/wp\/v2\/comments?post=27689"}],"version-history":[{"count":11,"href":"https:\/\/menesianosoy.org\/index.php\/wp-json\/wp\/v2\/posts\/27689\/revisions"}],"predecessor-version":[{"id":27903,"href":"https:\/\/menesianosoy.org\/index.php\/wp-json\/wp\/v2\/posts\/27689\/revisions\/27903"}],"wp:attachment":[{"href":"https:\/\/menesianosoy.org\/index.php\/wp-json\/wp\/v2\/media?parent=27689"}],"wp:term":[{"taxonomy":"category","embeddable":true,"href":"https:\/\/menesianosoy.org\/index.php\/wp-json\/wp\/v2\/categories?post=27689"},{"taxonomy":"post_tag","embeddable":true,"href":"https:\/\/menesianosoy.org\/index.php\/wp-json\/wp\/v2\/tags?post=27689"}],"curies":[{"name":"wp","href":"https:\/\/api.w.org\/{rel}","templated":true}]}}