{"id":27713,"date":"2025-09-26T16:57:30","date_gmt":"2025-09-26T19:57:30","guid":{"rendered":"https:\/\/menesianosoy.org\/?p=27713"},"modified":"2025-10-01T16:41:57","modified_gmt":"2025-10-01T19:41:57","slug":"santos-angeles-custodios-5","status":"publish","type":"post","link":"https:\/\/menesianosoy.org\/index.php\/2025\/09\/26\/santos-angeles-custodios-5\/","title":{"rendered":"Santos \u00e1ngeles custodios"},"content":{"rendered":"\n<h5 class=\"wp-block-heading has-text-align-left has-text-color has-link-color wp-elements-5947c0a19737cd4318e5007ffa14000a\" style=\"color:#852828\"><br><strong>Nehem\u00edas 8, 1-4a.5-6.7b-12<br>Salmo 18, 8-11<\/strong><\/h5>\n\n\n\n<h4 class=\"wp-block-heading has-text-align-left has-vivid-red-color has-text-color has-link-color wp-elements-67e5b55cdc0ff3f7362926c81b1a8c01\"><br><strong>Evangelio: Lucas 10, 1-12<\/strong><\/h4>\n\n\n\n<figure class=\"wp-block-audio\"><audio controls src=\"https:\/\/menesianosoy.org\/wp-content\/uploads\/2025\/09\/02-de-octubre.ogg\"><\/audio><\/figure>\n\n\n\n<p class=\"has-text-align-left\"><strong><em>El Se\u00f1or design\u00f3 a otros setenta y dos, y los envi\u00f3 de dos en dos para que lo precedieran en todas las ciudades y sitios adonde \u00e9l deb\u00eda ir.<br>Y les dijo: La cosecha es abundante, pero los trabajadores son pocos. Rueguen al due\u00f1o de los sembrados que env\u00ede trabajadores para la cosecha.<br>\u00a1Vayan! Yo los env\u00edo como a ovejas en medio de lobos. No lleven dinero, ni alforja, ni calzado, y no se detengan a saludar a nadie por el camino.<br>Al entrar en una casa, digan primero: \u00a1Que descienda la paz sobre esta casa! Si hay all\u00ed alguien digno de recibirla, esa paz reposar\u00e1 sobre \u00e9l; de lo contrario, volver\u00e1 a ustedes.<br>Permanezcan en esa misma casa, comiendo y bebiendo de lo que haya, porque el que trabaja merece su salario. No vayan de casa en casa. En las ciudades donde entren y sean recibidos, coman lo que les sirvan; curen a sus enfermos y digan a la gente: El Reino de Dios est\u00e1 cerca de ustedes.<br>Pero en todas las ciudades donde entren y no los reciban, salgan a las plazas y digan: \u00a1Hasta el polvo de esta ciudad que se ha adherido a nuestros pies, lo sacudimos sobre ustedes! Sepan, sin embargo, que el Reino de Dios est\u00e1 cerca\u00bb. Les aseguro que, en aquel D\u00eda, Sodoma ser\u00e1 tratada menos rigurosamente que esa ciudad.<\/em><\/strong><\/p>\n\n\n\n<figure class=\"wp-block-image size-full\"><img loading=\"lazy\" decoding=\"async\" width=\"450\" height=\"317\" src=\"https:\/\/menesianosoy.org\/wp-content\/uploads\/2024\/12\/images-stories-2013-los-talentos-2-20130613.jpg\" alt=\"\" class=\"wp-image-18382\" srcset=\"https:\/\/menesianosoy.org\/wp-content\/uploads\/2024\/12\/images-stories-2013-los-talentos-2-20130613.jpg 450w, https:\/\/menesianosoy.org\/wp-content\/uploads\/2024\/12\/images-stories-2013-los-talentos-2-20130613-300x211.jpg 300w\" sizes=\"auto, (max-width: 450px) 85vw, 450px\" \/><\/figure>\n\n\n\n<p class=\"has-text-align-left\">La primera ense\u00f1anza de este evangelio es la <strong>urgencia de la misi\u00f3n<\/strong>: <em>\u201cla cosecha es abundante, pero los trabajadores son pocos\u201d<\/em>. La humanidad est\u00e1 sedienta de sentido, de consuelo y de esperanza, y Jes\u00fas nos recuerda que cada bautizado es llamado a ser un trabajador en el campo del Se\u00f1or. La misi\u00f3n no es tarea de unos pocos elegidos, sino de todos.<br><br>Luego, el Se\u00f1or pide que vayan <strong>ligeros de equipaje<\/strong>. Esto significa que el evangelizador no debe apoyarse en riquezas, seguridades o prestigio, sino en la confianza plena en Dios. El Reino no se anuncia con marketing ni con poder humano, sino con sencillez, cercan\u00eda y servicio.<br><br>El cristiano es un <strong>mensajero de paz<\/strong>, que no se impone por la fuerza, sino que va regalando la paz de Cristo. Si no es recibida, vuelve a quien la ofreci\u00f3. Es un gesto de libertad y respeto hacia los dem\u00e1s.<br><br>Finalmente, Jes\u00fas da el n\u00facleo de la misi\u00f3n: <strong>curar y anunciar<\/strong>. Sanar las heridas, acercarse a los enfermos del cuerpo y del coraz\u00f3n, y proclamar con palabras y obras que \u201cel Reino de Dios est\u00e1 cerca\u201d. La misi\u00f3n es anunciar con la vida que Dios no est\u00e1 lejos, sino que camina con nosotros.<br><br>En definitiva, este texto nos recuerda que ser enviados por Cristo es vivir con esp\u00edritu de servicio, sencillez y confianza, siendo portadores de paz y esperanza. All\u00ed donde un cristiano siembra la paz y sana las heridas, el Reino de Dios se hace presente.<\/p>\n\n\n\n<h5 class=\"wp-block-heading has-text-align-left has-text-color has-link-color wp-elements-4e4b17548693d64d524e36d8af67bec4\" style=\"color:#822d2d\"><br><strong>M\u00c1XIMA<br>Anuncia sin miedo el mensaje de Jes\u00fas<\/strong><\/h5>\n\n\n\n<h4 class=\"wp-block-heading has-text-align-left has-vivid-red-color has-text-color has-link-color wp-elements-21e72ba6ab8aac75548a19d39767613b\"><br><strong>Palabras de Juan Mar\u00eda de la Mennais<\/strong><\/h4>\n\n\n\n<p class=\"has-text-align-left\"><img loading=\"lazy\" decoding=\"async\" width=\"150\" height=\"127\" class=\"wp-image-16112\" style=\"width: 150px;\" src=\"https:\/\/menesianosoy.org\/wp-content\/uploads\/2024\/09\/ppp.png\" alt=\"\" srcset=\"https:\/\/menesianosoy.org\/wp-content\/uploads\/2024\/09\/ppp.png 450w, https:\/\/menesianosoy.org\/wp-content\/uploads\/2024\/09\/ppp-300x254.png 300w\" sizes=\"auto, (max-width: 150px) 85vw, 150px\" \/><br><em>Cuando el mismo Jesucristo nuestro Se\u00f1or predic\u00f3 e hizo milagros, no convirti\u00f3 a todos los jud\u00edos; por lo tanto, no dejes de hacer con gran entusiasmo todo lo que est\u00e1s encargado de hacer. (Al H. Efr\u00e9n, misionero en San Pedro de Terranova, 03-05-1846)<\/em><\/p>\n\n\n\n<h4 class=\"wp-block-heading has-text-align-left has-vivid-red-color has-text-color has-link-color wp-elements-27628874ce3e628ada36c77bf3247088\"><br><strong>No podemos callar \u2013 Flor y Jor<\/strong><\/h4>\n\n\n\n<figure class=\"wp-block-embed is-type-video is-provider-youtube wp-block-embed-youtube wp-embed-aspect-16-9 wp-has-aspect-ratio\"><div class=\"wp-block-embed__wrapper\">\n<iframe loading=\"lazy\" title=\"No Podemos Callar - Flor y Jor | Himno DOMUND 2021 (Video Oficial)\" width=\"1140\" height=\"641\" src=\"https:\/\/www.youtube.com\/embed\/pHv1RR-8L2I?feature=oembed\" frameborder=\"0\" allow=\"accelerometer; autoplay; clipboard-write; encrypted-media; gyroscope; picture-in-picture; web-share\" referrerpolicy=\"strict-origin-when-cross-origin\" allowfullscreen><\/iframe>\n<\/div><\/figure>\n\n\n\n<p class=\"has-text-align-left\">Si la fe mueve monta\u00f1as,<br>mucho m\u00e1s har\u00e1 en tu coraz\u00f3n.<br>S\u00f3lo reza y ten confianza.<br>Todo lo puedes en el Se\u00f1or.<br><br>Abre totalmente el alma<br>a la voluntad de nuestro Dios.<br>Nunca pierdas la esperanza.<br>Llegar\u00e1s a escuchar su voz.<br><br>Caminaremos por el mundo,<br>contagiaremos la fe,<br>porque no podemos callar<br>lo que hemos visto y o\u00eddo.<br>No podemos hoy callar el amor.<br><br>No podemos callar<br>lo que hemos visto y o\u00eddo.<br>Anunciar a Dios<br>es nuestra misi\u00f3n.<br><br>Llevar\u00e1s su nombre en lo alto,<br>curar\u00e1s a los hermanos,<br>har\u00e1s muchos m\u00e1s milagros<br>con la fuerza y el poder de Dios.<br><br>No hace falta que te inquietes,<br>qu\u00e9 dir\u00e1s en cada situaci\u00f3n.<br>S\u00f3lo ofrece lo que eres<br>y el Esp\u00edritu hablar\u00e1 en tu voz.<br><br>Anunciaremos por el mundo<br>que Jes\u00fas vivo est\u00e1.<br>Porque no podemos callar.<br>lo que hemos visto y o\u00eddo.<br>No podemos hoy callar el amor.<br><br>No podemos callar<br>lo que hemos visto y o\u00eddo.<br>Anunciar a Dios<br>es nuestra misi\u00f3n.<\/p>\n\n\n\n<p class=\"has-vivid-purple-background-color has-background\"><\/p>\n\n\n\n<h5 class=\"wp-block-heading has-text-align-left has-small-font-size\"><img loading=\"lazy\" decoding=\"async\" width=\"150\" height=\"150\" class=\"wp-image-26563\" style=\"width: 150px;\" src=\"https:\/\/menesianosoy.org\/wp-content\/uploads\/2025\/08\/qqq.png\" alt=\"\" srcset=\"https:\/\/menesianosoy.org\/wp-content\/uploads\/2025\/08\/qqq.png 381w, https:\/\/menesianosoy.org\/wp-content\/uploads\/2025\/08\/qqq-300x300.png 300w, https:\/\/menesianosoy.org\/wp-content\/uploads\/2025\/08\/qqq-150x150.png 150w\" sizes=\"auto, (max-width: 150px) 85vw, 150px\" \/><br><strong>Para un menesiano, un \u00e1ngel custodio no es solo la figura espiritual que ense\u00f1a la fe cristiana, sino tambi\u00e9n un s\u00edmbolo de la misi\u00f3n educativa y fraterna que caracteriza a la espiritualidad de Juan Mar\u00eda. As\u00ed como el \u00e1ngel acompa\u00f1a y protege, el educador menesiano busca estar cerca de cada ni\u00f1o y joven, cuidando de su crecimiento humano y espiritual. El menesiano se siente llamado a guiar, orientar y sostener a los m\u00e1s peque\u00f1os, especialmente a los m\u00e1s fr\u00e1giles, como un reflejo de ese amor protector de Dios. Ser \u00e1ngel custodio es estar presente con ternura y compromiso, ayudando a los ni\u00f1os y j\u00f3venes a crecer en libertad, fe y amor.<\/strong><\/h5>\n","protected":false},"excerpt":{"rendered":"<p>Nehem\u00edas 8, 1-4a.5-6.7b-12Salmo 18, 8-11 Evangelio: Lucas 10, 1-12 El Se\u00f1or design\u00f3 a otros setenta y dos, y los envi\u00f3 de dos en dos para que lo precedieran en todas las ciudades y sitios adonde \u00e9l deb\u00eda ir.Y les dijo: La cosecha es abundante, pero los trabajadores son pocos. Rueguen al due\u00f1o de los sembrados &hellip; <a href=\"https:\/\/menesianosoy.org\/index.php\/2025\/09\/26\/santos-angeles-custodios-5\/\" class=\"more-link\">Continue reading<span class=\"screen-reader-text\"> \u00abSantos \u00e1ngeles custodios\u00bb<\/span><\/a><\/p>\n","protected":false},"author":3,"featured_media":0,"comment_status":"closed","ping_status":"closed","sticky":false,"template":"","format":"standard","meta":{"_acf_changed":false,"footnotes":""},"categories":[9],"tags":[],"class_list":["post-27713","post","type-post","status-publish","format-standard","hentry","category-evangelio"],"acf":[],"_links":{"self":[{"href":"https:\/\/menesianosoy.org\/index.php\/wp-json\/wp\/v2\/posts\/27713","targetHints":{"allow":["GET"]}}],"collection":[{"href":"https:\/\/menesianosoy.org\/index.php\/wp-json\/wp\/v2\/posts"}],"about":[{"href":"https:\/\/menesianosoy.org\/index.php\/wp-json\/wp\/v2\/types\/post"}],"author":[{"embeddable":true,"href":"https:\/\/menesianosoy.org\/index.php\/wp-json\/wp\/v2\/users\/3"}],"replies":[{"embeddable":true,"href":"https:\/\/menesianosoy.org\/index.php\/wp-json\/wp\/v2\/comments?post=27713"}],"version-history":[{"count":10,"href":"https:\/\/menesianosoy.org\/index.php\/wp-json\/wp\/v2\/posts\/27713\/revisions"}],"predecessor-version":[{"id":27963,"href":"https:\/\/menesianosoy.org\/index.php\/wp-json\/wp\/v2\/posts\/27713\/revisions\/27963"}],"wp:attachment":[{"href":"https:\/\/menesianosoy.org\/index.php\/wp-json\/wp\/v2\/media?parent=27713"}],"wp:term":[{"taxonomy":"category","embeddable":true,"href":"https:\/\/menesianosoy.org\/index.php\/wp-json\/wp\/v2\/categories?post=27713"},{"taxonomy":"post_tag","embeddable":true,"href":"https:\/\/menesianosoy.org\/index.php\/wp-json\/wp\/v2\/tags?post=27713"}],"curies":[{"name":"wp","href":"https:\/\/api.w.org\/{rel}","templated":true}]}}