{"id":27732,"date":"2025-09-27T12:01:05","date_gmt":"2025-09-27T15:01:05","guid":{"rendered":"https:\/\/menesianosoy.org\/?p=27732"},"modified":"2025-10-02T06:10:42","modified_gmt":"2025-10-02T09:10:42","slug":"santos-angeles-custodios-6","status":"publish","type":"post","link":"https:\/\/menesianosoy.org\/index.php\/2025\/09\/27\/santos-angeles-custodios-6\/","title":{"rendered":"Santos \u00e1ngeles custodios"},"content":{"rendered":"\n<p><strong><em>1993 &#8211; Llegada de los Hermanos menesianos a Bolivia (Joaqu\u00edn Blanco, Teodoro Pardo y Miguel \u00c1ngel Villac\u00e9)<\/em><\/strong>.<\/p>\n\n\n\n<h4 class=\"wp-block-heading has-text-align-left has-vivid-red-color has-text-color has-link-color wp-elements-0d3bba1292b8030bef905a45afd13c8e\"><br><strong>Oraci\u00f3n<\/strong><\/h4>\n\n\n\n<p class=\"has-text-align-left\"><strong><em>Padre bueno,<br>te doy gracias por la vida,<br>regalo de tu amor.<br>Haz que la comparta con todos:<br>con mis hermanos, con mi familia,<br>con mis amigos,<br>tejiendo lazos como lo hizo Jes\u00fas.<br>Env\u00edame tu Esp\u00edritu Santo<br>para descubrir lo que quieres de m\u00ed.<br>Hazme cada d\u00eda m\u00e1s parecido a tu Hijo:<br>que sus sentimientos sean mis sentimientos,<br>que sus pensamientos<br>sean mis pensamientos,<br>que su proyecto sea mi proyecto,<br>que ame como \u00c9l am\u00f3.<br>Como a Mar\u00eda, Padre Bueno,<br>conc\u00e9denos a todos<br>un coraz\u00f3n d\u00f3cil a tu Palabra. Am\u00e9n<\/em><\/strong><\/p>\n\n\n\n<h4 class=\"wp-block-heading has-text-align-left has-vivid-red-color has-text-color has-link-color wp-elements-7deb30c5a46c2fe0af76f92c82f8d39a\"><br><strong>Intenciones<\/strong><\/h4>\n\n\n\n<ul class=\"wp-block-list\">\n<li>Por los menesianos que trabajan en Bolivia.<\/li>\n\n\n\n<li>Por la beatificaci\u00f3n de Juan Mar\u00eda.<\/li>\n\n\n\n<li>Por las vocaciones en nuestro Distrito y la casa de formaci\u00f3n de El Alto.<\/li>\n\n\n\n<li>Por la protecci\u00f3n de los santos \u00c1ngeles sobre nuestros estudiantes.<\/li>\n\n\n\n<li>Para que seamos \u00e1ngeles custodios de nuestros peque\u00f1os.<\/li>\n\n\n\n<li>Para que las nuevas vocaciones de hermanos y laicos menesianos den vitalidad a la misi\u00f3n de la congregaci\u00f3n.<\/li>\n<\/ul>\n\n\n\n<h4 class=\"wp-block-heading has-text-align-left has-vivid-red-color has-text-color has-link-color wp-elements-d448779ec5fbf844aca6c8b168d910da\"><br><strong>Nueva Regla de Vida n\u00ba 145.1<\/strong><\/h4>\n\n\n\n<p class=\"has-text-align-left\">Durante esta etapa (H. joven en comunidad), el Hermano Superior Mayor vela por el acompa\u00f1amiento espiritual del Hermano joven.<\/p>\n\n\n\n<h4 class=\"wp-block-heading has-text-align-left has-vivid-red-color has-text-color has-link-color wp-elements-ed6e8553193d8654fe46db8a01577b33\"><br><strong>A los j\u00f3venes de grupos:&nbsp; Serm\u00f3n sobre la elecci\u00f3n de un consejero<\/strong><\/h4>\n\n\n\n<p class=\"has-text-align-left\"><em>Nunca dar\u00e1n suficientes gracias a Dios porque les ha colocado tan cerca gu\u00edas que los acompa\u00f1an y&nbsp; llevan, por as\u00ed decirlo, en sus manos, para que sus pies no tropiecen contra las piedras, y a los que les basta consultar para estar seguros de que no se equivocar\u00e1n nunca.<\/em><\/p>\n\n\n\n<h4 class=\"wp-block-heading has-text-align-left has-vivid-red-color has-text-color has-link-color wp-elements-1cd4b724fdd0ffc35884cb45183847cc\"><br><strong>Difuntos<\/strong><\/h4>\n\n\n\n<p class=\"has-text-align-left\"><img loading=\"lazy\" decoding=\"async\" width=\"150\" height=\"130\" class=\"wp-image-16681\" style=\"width: 150px;\" src=\"https:\/\/menesianosoy.org\/wp-content\/uploads\/2024\/09\/Raul2.jpg\" alt=\"\"><br>2016: <strong>Ra\u00fal Panozzo<\/strong> (Bernardo Ra\u00fal): Naci\u00f3 en Chajar\u00ed (Argentina). Trabaj\u00f3 en Uruguay y Argentina desde el a\u00f1o 1953 hasta su muerte en Buenos Aires.<br><br><img loading=\"lazy\" decoding=\"async\" width=\"143\" height=\"200\" class=\"wp-image-16684\" style=\"width: 143px;\" src=\"https:\/\/menesianosoy.org\/wp-content\/uploads\/2024\/09\/Fernando-Maria.png\" alt=\"\"><br>1984: <strong>Rufino Ruiz (Fernando Mar\u00eda)<\/strong>. Naci\u00f3 en Perazancas de Ojeda (Palencia) en 1900. Fue de los 3 primeros Hermanos que llegaron a la Argentina, donde trabaj\u00f3 hasta el a\u00f1o 1945. Muri\u00f3 en Nanclares.<br><br>2001: Cl\u00e9ment Bellamy (Cl\u00e9ment-Dominique)<br>2004: <strong>Eugenio Arenas (Roberto).<\/strong> Naci\u00f3 en Matamorosa (Cantabria) en 1923. Muri\u00f3 en Bilbao. <br>2006: Gaston Dauphinais (\u00c9milien-Joseph)<br>2007: <strong>Abundio Poza (Antonino).<\/strong> Naci\u00f3 en Llanillo de Valdelucio (Burgos) en 1928. Muri\u00f3&nbsp; en Bilbao.<br>2008: Dugast Henri (Donatien-Jules)<\/p>\n","protected":false},"excerpt":{"rendered":"<p>1993 &#8211; Llegada de los Hermanos menesianos a Bolivia (Joaqu\u00edn Blanco, Teodoro Pardo y Miguel \u00c1ngel Villac\u00e9). Oraci\u00f3n Padre bueno,te doy gracias por la vida,regalo de tu amor.Haz que la comparta con todos:con mis hermanos, con mi familia,con mis amigos,tejiendo lazos como lo hizo Jes\u00fas.Env\u00edame tu Esp\u00edritu Santopara descubrir lo que quieres de m\u00ed.Hazme cada &hellip; <a href=\"https:\/\/menesianosoy.org\/index.php\/2025\/09\/27\/santos-angeles-custodios-6\/\" class=\"more-link\">Continue reading<span class=\"screen-reader-text\"> \u00abSantos \u00e1ngeles custodios\u00bb<\/span><\/a><\/p>\n","protected":false},"author":3,"featured_media":0,"comment_status":"closed","ping_status":"closed","sticky":false,"template":"","format":"standard","meta":{"_acf_changed":false,"footnotes":""},"categories":[3],"tags":[],"class_list":["post-27732","post","type-post","status-publish","format-standard","hentry","category-calendario"],"acf":[],"_links":{"self":[{"href":"https:\/\/menesianosoy.org\/index.php\/wp-json\/wp\/v2\/posts\/27732","targetHints":{"allow":["GET"]}}],"collection":[{"href":"https:\/\/menesianosoy.org\/index.php\/wp-json\/wp\/v2\/posts"}],"about":[{"href":"https:\/\/menesianosoy.org\/index.php\/wp-json\/wp\/v2\/types\/post"}],"author":[{"embeddable":true,"href":"https:\/\/menesianosoy.org\/index.php\/wp-json\/wp\/v2\/users\/3"}],"replies":[{"embeddable":true,"href":"https:\/\/menesianosoy.org\/index.php\/wp-json\/wp\/v2\/comments?post=27732"}],"version-history":[{"count":15,"href":"https:\/\/menesianosoy.org\/index.php\/wp-json\/wp\/v2\/posts\/27732\/revisions"}],"predecessor-version":[{"id":27986,"href":"https:\/\/menesianosoy.org\/index.php\/wp-json\/wp\/v2\/posts\/27732\/revisions\/27986"}],"wp:attachment":[{"href":"https:\/\/menesianosoy.org\/index.php\/wp-json\/wp\/v2\/media?parent=27732"}],"wp:term":[{"taxonomy":"category","embeddable":true,"href":"https:\/\/menesianosoy.org\/index.php\/wp-json\/wp\/v2\/categories?post=27732"},{"taxonomy":"post_tag","embeddable":true,"href":"https:\/\/menesianosoy.org\/index.php\/wp-json\/wp\/v2\/tags?post=27732"}],"curies":[{"name":"wp","href":"https:\/\/api.w.org\/{rel}","templated":true}]}}