{"id":27825,"date":"2025-09-27T18:21:38","date_gmt":"2025-09-27T21:21:38","guid":{"rendered":"https:\/\/menesianosoy.org\/?p=27825"},"modified":"2025-10-01T20:29:44","modified_gmt":"2025-10-01T23:29:44","slug":"domingo-27o-durante-el-ano-2","status":"publish","type":"post","link":"https:\/\/menesianosoy.org\/index.php\/2025\/09\/27\/domingo-27o-durante-el-ano-2\/","title":{"rendered":"Domingo 27\u00ba durante el a\u00f1o"},"content":{"rendered":"\n<h4 class=\"wp-block-heading has-text-align-left has-vivid-red-color has-text-color has-link-color wp-elements-0d3bba1292b8030bef905a45afd13c8e\"><br><strong>Oraci\u00f3n<\/strong><\/h4>\n\n\n\n<p class=\"has-text-align-left\"><strong><em>Se\u00f1or Jes\u00fas, al comenzar el d\u00eda,<br>te ofrecemos nuestra vida entera.<br>Que el amor fraterno reine entre todos<br>los que formamos comunidad.<br>Que cada uno se sienta feliz<br>con la alegr\u00eda de los dem\u00e1s,<br>y sufra con sus penas.<br>Que todos nos prestemos ayuda mutua<br>para ir a Dios y realizar su obra cada d\u00eda.<br>Que no existan jam\u00e1s entre nosotros<br>ni contiendas ni rivalidades,<br>ni secretas envidias, ni palabras duras.<br>Aparta de nosotros, Se\u00f1or, todo lo que hiere,<br>todo lo que divide,<br>todo lo que altera la caridad.<br>Haz, Se\u00f1or, que hoy y siempre<br>intentemos ayudarnos<br>unos a otros a ser santos.<br>Que todos vivamos hoy con dulzura,<br>paciencia, humildad<br>y fidelidad a tu Palabra.<br>(Regla de 1835)<\/em><\/strong><\/p>\n\n\n\n<h4 class=\"wp-block-heading has-text-align-left has-vivid-red-color has-text-color has-link-color wp-elements-7deb30c5a46c2fe0af76f92c82f8d39a\"><br><strong>Intenciones<\/strong><\/h4>\n\n\n\n<ul class=\"wp-block-list\">\n<li>Por las familias de nuestros centros educativos.<\/li>\n\n\n\n<li>Por la beatificaci\u00f3n de Juan Mar\u00eda.<\/li>\n\n\n\n<li>Por la Acampada y los encuentros de Pertenencia.<\/li>\n\n\n\n<li>Por el cumplea\u00f1os del H. <strong>Felipe Guti\u00e9rrez<\/strong> de la comunidad de Zamora.<\/li>\n\n\n\n<li>Por los menesianos, las obras y las nuevas vocaciones del distrito San Pablo (Togo &#8211; Senegal &#8211; Benin &#8211; Costa de Marfil).<\/li>\n\n\n\n<li>Por la familia menesiana de San Borja y de Nanclares de la Oca.<\/li>\n\n\n\n<li>Por los enfermos y discapacitados de nuestros centros educativos.<\/li>\n<\/ul>\n\n\n\n<h4 class=\"wp-block-heading has-text-align-left has-vivid-red-color has-text-color has-link-color wp-elements-134656aa63e112897a48d8b62d9b2c44\"><br><strong>Nueva Regla de Vida n\u00ba 145.3<\/strong><\/h4>\n\n\n\n<p class=\"has-text-align-left\">Los Hermanos Superiores mayores procuran que la preparaci\u00f3n inmediata a la profesi\u00f3n perpetua sea suficientemente larga y s\u00f3lida: retiro prolongado, a\u00f1o especial y, sobre todo, participaci\u00f3n en las sesiones de formaci\u00f3n organizadas por la Congregaci\u00f3n.<\/p>\n\n\n\n<h4 class=\"wp-block-heading has-text-align-left has-vivid-red-color has-text-color has-link-color wp-elements-2d5a3cbffce6090e8ad1219847228865\"><br><strong>A la Srta. H\u00e9l\u00eane de Lucini\u00e8re, 8 de enero de 1838<\/strong><\/h4>\n\n\n\n<p class=\"has-text-align-left\"><em>Las obras de Dios no crecen sino en la sombra; y en la noche es cuando cae el roc\u00edo del cielo.<\/em><\/p>\n\n\n\n<h4 class=\"wp-block-heading has-text-align-left has-vivid-red-color has-text-color has-link-color wp-elements-1cd4b724fdd0ffc35884cb45183847cc\"><br><strong>Difuntos<\/strong><\/h4>\n\n\n\n<p class=\"has-text-align-left\">1985: Herv\u00e9 M\u00e9ar (Francis)<br>1988: Onil Hamel (Louis-Bertrand)<br>2016: Roger Provost (Auguste-Louis)<\/p>\n","protected":false},"excerpt":{"rendered":"<p>Oraci\u00f3n Se\u00f1or Jes\u00fas, al comenzar el d\u00eda,te ofrecemos nuestra vida entera.Que el amor fraterno reine entre todoslos que formamos comunidad.Que cada uno se sienta felizcon la alegr\u00eda de los dem\u00e1s,y sufra con sus penas.Que todos nos prestemos ayuda mutuapara ir a Dios y realizar su obra cada d\u00eda.Que no existan jam\u00e1s entre nosotrosni contiendas ni &hellip; <a href=\"https:\/\/menesianosoy.org\/index.php\/2025\/09\/27\/domingo-27o-durante-el-ano-2\/\" class=\"more-link\">Continue reading<span class=\"screen-reader-text\"> \u00abDomingo 27\u00ba durante el a\u00f1o\u00bb<\/span><\/a><\/p>\n","protected":false},"author":3,"featured_media":0,"comment_status":"closed","ping_status":"closed","sticky":false,"template":"","format":"standard","meta":{"_acf_changed":false,"footnotes":""},"categories":[3],"tags":[],"class_list":["post-27825","post","type-post","status-publish","format-standard","hentry","category-calendario"],"acf":[],"_links":{"self":[{"href":"https:\/\/menesianosoy.org\/index.php\/wp-json\/wp\/v2\/posts\/27825","targetHints":{"allow":["GET"]}}],"collection":[{"href":"https:\/\/menesianosoy.org\/index.php\/wp-json\/wp\/v2\/posts"}],"about":[{"href":"https:\/\/menesianosoy.org\/index.php\/wp-json\/wp\/v2\/types\/post"}],"author":[{"embeddable":true,"href":"https:\/\/menesianosoy.org\/index.php\/wp-json\/wp\/v2\/users\/3"}],"replies":[{"embeddable":true,"href":"https:\/\/menesianosoy.org\/index.php\/wp-json\/wp\/v2\/comments?post=27825"}],"version-history":[{"count":5,"href":"https:\/\/menesianosoy.org\/index.php\/wp-json\/wp\/v2\/posts\/27825\/revisions"}],"predecessor-version":[{"id":27981,"href":"https:\/\/menesianosoy.org\/index.php\/wp-json\/wp\/v2\/posts\/27825\/revisions\/27981"}],"wp:attachment":[{"href":"https:\/\/menesianosoy.org\/index.php\/wp-json\/wp\/v2\/media?parent=27825"}],"wp:term":[{"taxonomy":"category","embeddable":true,"href":"https:\/\/menesianosoy.org\/index.php\/wp-json\/wp\/v2\/categories?post=27825"},{"taxonomy":"post_tag","embeddable":true,"href":"https:\/\/menesianosoy.org\/index.php\/wp-json\/wp\/v2\/tags?post=27825"}],"curies":[{"name":"wp","href":"https:\/\/api.w.org\/{rel}","templated":true}]}}