{"id":27844,"date":"2025-09-28T10:26:45","date_gmt":"2025-09-28T13:26:45","guid":{"rendered":"https:\/\/menesianosoy.org\/?p=27844"},"modified":"2025-10-06T06:33:39","modified_gmt":"2025-10-06T09:33:39","slug":"san-bruno","status":"publish","type":"post","link":"https:\/\/menesianosoy.org\/index.php\/2025\/09\/28\/san-bruno\/","title":{"rendered":"San Bruno"},"content":{"rendered":"\n<h5 class=\"wp-block-heading has-text-align-left has-text-color has-link-color wp-elements-936ca45753f090ab57e1f932697d993e\" style=\"color:#7b2c2c\"><br><strong>Jon\u00e1s 1, 1\u20142, 1.11<br>Salmo Jon\u00e1s 2, 3-5.8<\/strong><\/h5>\n\n\n\n<h4 class=\"wp-block-heading has-text-align-left has-vivid-red-color has-text-color has-link-color wp-elements-6cce8970f6ec856e204e07987e0e18ed\"><br><strong>Evangelio: Lucas 10, 25-37<\/strong><\/h4>\n\n\n\n<figure class=\"wp-block-audio\"><audio controls src=\"https:\/\/menesianosoy.org\/wp-content\/uploads\/2025\/09\/06-de-octubre.ogg\"><\/audio><\/figure>\n\n\n\n<p class=\"has-text-align-left\"><strong><em>Un doctor de la Ley se levant\u00f3 y le pregunt\u00f3 para ponerlo a prueba: Maestro, \u00bfqu\u00e9 tengo que hacer para heredar la Vida eterna?<br>Jes\u00fas le pregunt\u00f3 a su vez: \u00bfQu\u00e9 est\u00e1 escrito en la Ley? \u00bfQu\u00e9 lees en ella?<br>\u00c9l le respondi\u00f3: \u00abAmar\u00e1s al Se\u00f1or, tu Dios, con todo tu coraz\u00f3n, con toda tu alma, con todas tus fuerzas y con todo tu esp\u00edritu, y a tu pr\u00f3jimo como a ti mismo\u00bb.<br>Has respondido exactamente, le dijo Jes\u00fas; obra as\u00ed y alcanzar\u00e1s la vida.<br>Pero el doctor de la Ley, para justificar su intervenci\u00f3n, le hizo esta pregunta: \u00bfY qui\u00e9n es mi pr\u00f3jimo?<br>Jes\u00fas volvi\u00f3 a tomar la palabra y le respondi\u00f3:<br>Un hombre bajaba de Jerusal\u00e9n a Jeric\u00f3 y cay\u00f3 en manos de unos ladrones, que lo despojaron de todo, lo hirieron y se fueron, dej\u00e1ndolo medio muerto.<br>Casualmente bajaba por el mismo camino un sacerdote: lo vio y sigui\u00f3 de largo.<br>Tambi\u00e9n pas\u00f3 por all\u00ed un levita: lo vio y sigui\u00f3 su camino.<br>Pero un samaritano que viajaba por all\u00ed, al pasar junto a \u00e9l, lo vio y se conmovi\u00f3. Entonces se acerc\u00f3 y vend\u00f3 sus heridas, cubri\u00e9ndolas con aceite y vino; despu\u00e9s lo puso sobre su propia montura, lo condujo a un albergue y se encarg\u00f3 de cuidarlo.<br>Al d\u00eda siguiente, sac\u00f3 dos denarios y se los dio al due\u00f1o del albergue, dici\u00e9ndole: \u00abCu\u00eddalo, y lo que gastes de m\u00e1s, te lo pagar\u00e9 al volver\u00bb.<br>\u00bfCu\u00e1l de los tres te parece que se port\u00f3 como pr\u00f3jimo del hombre asaltado por los ladrones?<br>El que tuvo compasi\u00f3n de \u00e9l, le respondi\u00f3 el doctor.<br>Y Jes\u00fas le dijo: Ve, y procede t\u00fa de la misma manera.<\/em><\/strong><\/p>\n\n\n\n<figure class=\"wp-block-image size-full is-resized\"><img loading=\"lazy\" decoding=\"async\" width=\"1018\" height=\"565\" src=\"https:\/\/menesianosoy.org\/wp-content\/uploads\/2025\/09\/pr.jpg\" alt=\"\" class=\"wp-image-27994\" style=\"width:509px;height:auto\" srcset=\"https:\/\/menesianosoy.org\/wp-content\/uploads\/2025\/09\/pr.jpg 1018w, https:\/\/menesianosoy.org\/wp-content\/uploads\/2025\/09\/pr-300x167.jpg 300w, https:\/\/menesianosoy.org\/wp-content\/uploads\/2025\/09\/pr-768x426.jpg 768w\" sizes=\"auto, (max-width: 709px) 85vw, (max-width: 909px) 67vw, (max-width: 1362px) 62vw, 840px\" \/><\/figure>\n\n\n\n<p class=\"has-text-align-left\">En el texto tenemos una pregunta: \u00bfqui\u00e9n es mi pr\u00f3jimo? Y es una la respuesta luego del cuento: Vete y haz t\u00fa lo mismo. El amor es el ADN de la fe cristiana. Encontramos nuestra identidad com\u00fan en la experiencia del amor de Dios y la revelamos al mundo mediante nuestro amor al pr\u00f3jimo.<br><br>El doctor de la ley, pregunta a Jes\u00fas: \u00ab\u00bfY qui\u00e9n es mi pr\u00f3jimo?\u00bb<br>La cuesti\u00f3n de hasta d\u00f3nde deb\u00eda llegar la obligaci\u00f3n b\u00edblica de amar era objeto de controversia entre los doctores de la ley. Se cre\u00eda que esta obligaci\u00f3n se extend\u00eda a los israelitas y a los extranjeros residentes. Con el tiempo, a medida que el juda\u00edsmo se fragmentaba, a veces se entend\u00eda que se aplicaba \u00fanicamente a la propia facci\u00f3n; por eso la pregunta es provocadora. Jes\u00fas responde con una par\u00e1bola que ilustra un amor que se extiende mucho m\u00e1s all\u00e1 de los l\u00edmites esperados.<br><br>Los cristianos est\u00e1n llamados a amar como el Buen Samaritano, mostrando misericordia y compasi\u00f3n a los necesitados, independientemente de su religi\u00f3n, \u00e9tnia o grupo social. La visi\u00f3n del amor al pr\u00f3jimo que Jes\u00fas nos presenta se encuentra hoy bajo presi\u00f3n en el mundo. Las guerras, los desequilibrios en las relaciones internacionales y las desigualdades generadas por los ajustes estructurales impuestos inhiben nuestra capacidad de amar como Cristo. Es aprendiendo a amarnos unos a otros dejando de lado nuestras diferencias que los cristianos podemos ser pr\u00f3jimos como el samaritano del Evangelio:<br><br>En la cuneta de un camino solitario yace un ser humano, robado, agredido, despojado de todo, medio muerto, abandonado a su suerte. En este herido sin nombre y sin patria resume Jes\u00fas la situaci\u00f3n de tantas v\u00edctimas inocentes abandonadas en las cunetas de tantos caminos de la historia. <br>En el horizonte aparecen dos viajeros: primero un sacerdote, luego un levita. Los dos act\u00faan de manera id\u00e9ntica: \u201cven al herido, dan un rodeo y pasan de largo\u201d. Los dos cierran sus ojos y su coraz\u00f3n, aquel hombre no existe para ellos. <br>Por el camino viene un tercer personaje: \u201cve al herido, se conmueve y se acerca\u201d. Luego, hace por aquel desconocido todo lo que puede para rescatarlo con vida y restaurar su dignidad. <br>Esta es la din\u00e1mica que Jes\u00fas quiere introducir en el mundo. Lo primero es no cerrar los ojos. Saber \u201cmirar\u201d de manera atenta y responsable al que sufre. <br>As\u00ed era la mirada de Juan Mar\u00eda, una mirada amplia que descubr\u00eda el dolor de los ni\u00f1os por las calles y acud\u00eda en su ayuda. As\u00ed debe ser nuestra mirada, una mirada atenta, de servicio, de entrega, de compasi\u00f3n.<\/p>\n\n\n\n<h5 class=\"wp-block-heading has-text-align-left has-text-color has-link-color wp-elements-7db5f7050fbcec0b3496166fb39d9e0b\" style=\"color:#6f2626\"><br><strong>M\u00c1XIMA<br>Ve y ama a tu pr\u00f3jimo con todo tu coraz\u00f3n<\/strong><\/h5>\n\n\n\n<h4 class=\"wp-block-heading has-text-align-left has-vivid-red-color has-text-color has-link-color wp-elements-0f5c4ace1f0d544fe3b11f647c8f74ab\"><br><strong>Palabras de Juan Maria de la Mennais<\/strong><\/h4>\n\n\n\n<p class=\"has-text-align-left\"><img loading=\"lazy\" decoding=\"async\" width=\"150\" height=\"183\" class=\"wp-image-16098\" style=\"width: 150px;\" src=\"https:\/\/menesianosoy.org\/wp-content\/uploads\/2024\/09\/juanmaria.png\" alt=\"\" srcset=\"https:\/\/menesianosoy.org\/wp-content\/uploads\/2024\/09\/juanmaria.png 450w, https:\/\/menesianosoy.org\/wp-content\/uploads\/2024\/09\/juanmaria-246x300.png 246w\" sizes=\"auto, (max-width: 150px) 85vw, 150px\" \/><br><em>El amor vive especialmente de acci\u00f3n y es por eso que su divino autor le ha dado como objeto propio, no la humanidad sobre la cual ninguno de nosotros puede nada, sino el pr\u00f3jimo o, en otros t\u00e9rminos, la fracci\u00f3n de la humanidad que cada uno de nosotros debe servir. (S.IX p.2582)<\/em><br><\/p>\n\n\n\n<h4 class=\"wp-block-heading has-vivid-red-color has-text-color has-link-color wp-elements-f5fc4ad986c6c7bc52fb5650b1f4ffd0\"><strong>El buen samaritano \u2013 Cristobal Fones SJ<\/strong><\/h4>\n\n\n\n<figure class=\"wp-block-embed is-type-video is-provider-youtube wp-block-embed-youtube wp-embed-aspect-16-9 wp-has-aspect-ratio\"><div class=\"wp-block-embed__wrapper\">\n<iframe loading=\"lazy\" title=\"El Buen Samaritano  - Bom Samaritano - Crist\u00f3bal Fones SJ\" width=\"1140\" height=\"641\" src=\"https:\/\/www.youtube.com\/embed\/nYRYKbjamag?feature=oembed\" frameborder=\"0\" allow=\"accelerometer; autoplay; clipboard-write; encrypted-media; gyroscope; picture-in-picture; web-share\" referrerpolicy=\"strict-origin-when-cross-origin\" allowfullscreen><\/iframe>\n<\/div><\/figure>\n\n\n\n<p class=\"has-text-align-left\">Anda faltando en el mundo <br>alg\u00fan Buen Samaritano<br>que trate al hombre en hermano, <br>tenga la sangre que tenga.<br>Y que venga de donde venga <br>siempre le tienda una mano. <br><br>Por estos mundos de Dios <br>andan pobres y andan ricos,<br>andan grandes y andan chicos <br>aporreados por los males.<br>Y el pr\u00f3jimo no me lo explico <br>a d\u00f3nde est\u00e1, que ya no sale. <br><br>Hay que ser como los \u00e1rboles,<br>que en las invernadas crudas<br>del ramaje se desnudan<br>para que otros tengan calor.<br>Que a donde todos se ayudan <br>sale m\u00e1s linda la flor. <br><br>Seguro que fue su pr\u00f3jimo <br>aquel que tuvo piedad.<br>Asi es en realidad les dijo Jes\u00fas a todos:<br>\u201cAnda amigo y ojal\u00e1 <br>hagas t\u00fa del mismo modo\u201d. <\/p>\n\n\n\n<p class=\"has-vivid-purple-background-color has-background\"><\/p>\n\n\n\n<h5 class=\"wp-block-heading has-text-align-left has-small-font-size\"><img loading=\"lazy\" decoding=\"async\" width=\"150\" height=\"84\" class=\"wp-image-27906\" style=\"width: 150px;\" src=\"https:\/\/menesianosoy.org\/wp-content\/uploads\/2025\/09\/san-bruno-de-colonia-6-de-octubre-1-jpg.jpg\" alt=\"\" srcset=\"https:\/\/menesianosoy.org\/wp-content\/uploads\/2025\/09\/san-bruno-de-colonia-6-de-octubre-1-jpg.jpg 1280w, https:\/\/menesianosoy.org\/wp-content\/uploads\/2025\/09\/san-bruno-de-colonia-6-de-octubre-1-jpg-300x169.jpg 300w, https:\/\/menesianosoy.org\/wp-content\/uploads\/2025\/09\/san-bruno-de-colonia-6-de-octubre-1-jpg-1024x576.jpg 1024w, https:\/\/menesianosoy.org\/wp-content\/uploads\/2025\/09\/san-bruno-de-colonia-6-de-octubre-1-jpg-768x432.jpg 768w, https:\/\/menesianosoy.org\/wp-content\/uploads\/2025\/09\/san-bruno-de-colonia-6-de-octubre-1-jpg-1200x675.jpg 1200w\" sizes=\"auto, (max-width: 150px) 85vw, 150px\" \/><br><strong>San BRUNO naci\u00f3 en Colonia, Alemania en 1035. Estudi\u00f3 en Reims y en Paris. Fue ordenado sacerdote y se dedic\u00f3 a ense\u00f1ar teolog\u00eda. Fue canciller de la di\u00f3cesis de Reims. En 1084 se retir\u00f3 con 6 compa\u00f1eros para fundar el monasterio de los monjes Cartujos,&nbsp;la Grande Chartreuse,&nbsp; en los Alpes franceses, siguiendo estrictamente la regla benedictina.<br>El Papa beato Urbano II, quien hab\u00eda sido disc\u00edpulo de San Bruno, lo llam\u00f3 a Roma como consejero.&nbsp; Sin ser liberado totalmente de esa misi\u00f3n, fund\u00f3 otra casa en Roma,&nbsp;La Torre de Calabria, donde mas tarde se retir\u00f3. Rehus\u00f3 la sede episcopal de Reggio. Fue un gran exegeta b\u00edblico y escribi\u00f3 sobre los salmos y las cartas de San Pablo. Muri\u00f3 en Squillace (Calabria) el a\u00f1o 1101.<\/strong><\/h5>\n","protected":false},"excerpt":{"rendered":"<p>Jon\u00e1s 1, 1\u20142, 1.11Salmo Jon\u00e1s 2, 3-5.8 Evangelio: Lucas 10, 25-37 Un doctor de la Ley se levant\u00f3 y le pregunt\u00f3 para ponerlo a prueba: Maestro, \u00bfqu\u00e9 tengo que hacer para heredar la Vida eterna?Jes\u00fas le pregunt\u00f3 a su vez: \u00bfQu\u00e9 est\u00e1 escrito en la Ley? \u00bfQu\u00e9 lees en ella?\u00c9l le respondi\u00f3: \u00abAmar\u00e1s al Se\u00f1or, &hellip; <a href=\"https:\/\/menesianosoy.org\/index.php\/2025\/09\/28\/san-bruno\/\" class=\"more-link\">Continue reading<span class=\"screen-reader-text\"> \u00abSan Bruno\u00bb<\/span><\/a><\/p>\n","protected":false},"author":3,"featured_media":0,"comment_status":"closed","ping_status":"closed","sticky":false,"template":"","format":"standard","meta":{"_acf_changed":false,"footnotes":""},"categories":[9],"tags":[],"class_list":["post-27844","post","type-post","status-publish","format-standard","hentry","category-evangelio"],"acf":[],"_links":{"self":[{"href":"https:\/\/menesianosoy.org\/index.php\/wp-json\/wp\/v2\/posts\/27844","targetHints":{"allow":["GET"]}}],"collection":[{"href":"https:\/\/menesianosoy.org\/index.php\/wp-json\/wp\/v2\/posts"}],"about":[{"href":"https:\/\/menesianosoy.org\/index.php\/wp-json\/wp\/v2\/types\/post"}],"author":[{"embeddable":true,"href":"https:\/\/menesianosoy.org\/index.php\/wp-json\/wp\/v2\/users\/3"}],"replies":[{"embeddable":true,"href":"https:\/\/menesianosoy.org\/index.php\/wp-json\/wp\/v2\/comments?post=27844"}],"version-history":[{"count":12,"href":"https:\/\/menesianosoy.org\/index.php\/wp-json\/wp\/v2\/posts\/27844\/revisions"}],"predecessor-version":[{"id":27995,"href":"https:\/\/menesianosoy.org\/index.php\/wp-json\/wp\/v2\/posts\/27844\/revisions\/27995"}],"wp:attachment":[{"href":"https:\/\/menesianosoy.org\/index.php\/wp-json\/wp\/v2\/media?parent=27844"}],"wp:term":[{"taxonomy":"category","embeddable":true,"href":"https:\/\/menesianosoy.org\/index.php\/wp-json\/wp\/v2\/categories?post=27844"},{"taxonomy":"post_tag","embeddable":true,"href":"https:\/\/menesianosoy.org\/index.php\/wp-json\/wp\/v2\/tags?post=27844"}],"curies":[{"name":"wp","href":"https:\/\/api.w.org\/{rel}","templated":true}]}}