{"id":27882,"date":"2025-09-28T15:45:55","date_gmt":"2025-09-28T18:45:55","guid":{"rendered":"https:\/\/menesianosoy.org\/?p=27882"},"modified":"2025-09-29T17:11:14","modified_gmt":"2025-09-29T20:11:14","slug":"san-hugo-de-genova-2","status":"publish","type":"post","link":"https:\/\/menesianosoy.org\/index.php\/2025\/09\/28\/san-hugo-de-genova-2\/","title":{"rendered":"San Hugo de G\u00e9nova"},"content":{"rendered":"\n<h4 class=\"wp-block-heading has-text-align-left has-vivid-red-color has-text-color has-link-color wp-elements-0d3bba1292b8030bef905a45afd13c8e\"><br><strong>Oraci\u00f3n<\/strong><\/h4>\n\n\n\n<p class=\"has-text-align-left\"><strong><em>Padre, me pongo en tus manos,&nbsp;<br>haz de m\u00ed lo que quieras,&nbsp;<br>sea lo que sea, te doy las gracias.<br>Estoy dispuesto a todo,<br>lo acepto todo,&nbsp;<br>con tal que tu voluntad se cumpla en m\u00ed,&nbsp;<br>y en todas tus criaturas.<br>No deseo nada m\u00e1s, Padre.<br>Te conf\u00edo mi alma,&nbsp;<br>te la doy con todo el amor<br>de que soy capaz, porque te amo<br>y necesito darme,&nbsp;<br>ponerme en tus manos sin medida,&nbsp;<br>con una infinita confianza,<br>porque T\u00fa eres mi Padre.<br>(Carlos de Foucauld)<\/em><\/strong><strong><em><\/em><\/strong><\/p>\n\n\n\n<h4 class=\"wp-block-heading has-text-align-left has-vivid-red-color has-text-color has-link-color wp-elements-7deb30c5a46c2fe0af76f92c82f8d39a\"><br><strong>Intenciones<\/strong><\/h4>\n\n\n\n<ul class=\"wp-block-list\">\n<li>Por la beatificaci\u00f3n de nuestro Venerable Padre Juan Mar\u00eda.<\/li>\n\n\n\n<li>Por el encuentro del Equipo de Misi\u00f3n en Achocalla.<\/li>\n\n\n\n<li>Por los menesianos, las obras y las nuevas vocaciones de la provincia Nuestra Se\u00f1ora del Pilar de Espa\u00f1a.<\/li>\n\n\n\n<li>Por los enfermos y discapacitados de nuestros centros educativos.<\/li>\n\n\n\n<li>Por la familia menesiana del colegio Sagrado Coraz\u00f3n de Llay-Llay y la de Santo Domingo de la Calzada.<\/li>\n\n\n\n<li>Por las ONG que con sus aportes hacen posible que muchas de nuestras obras puedan cumplir con su misi\u00f3n.<\/li>\n<\/ul>\n\n\n\n<h4 class=\"wp-block-heading has-text-align-left has-vivid-red-color has-text-color has-link-color wp-elements-ecad3354a3406975ea42ddbf65b9313f\"><br><strong>Nueva Regla de Vida n\u00ba 147<\/strong><\/h4>\n\n\n\n<p class=\"has-text-align-left\">La formaci\u00f3n permanente forma parte de las exigencias de la consagraci\u00f3n religiosa. Para el Hermano, consiste&nbsp; dejarse tocar, educar e interpelar en el d\u00eda a d\u00eda por el Esp\u00edritu. Se apoya principalmente en los itinerarios propuestos en comunidad y por la Congregaci\u00f3n. Esta formaci\u00f3n fortalece al Hermano en su vocaci\u00f3n: \u00abNecesitamos esp\u00edritus maduros, capaces de una firme resoluci\u00f3n (..); caracteres fuertes capaces de superar un disgusto, un obst\u00e1culo, un peligro o su propia debilidad\u00bb<em>.<\/em><\/p>\n\n\n\n<h4 class=\"wp-block-heading has-vivid-red-color has-text-color has-link-color wp-elements-6f48a97a21596a2293ce9327aabbb329\"><br><strong>A los sacerdotes de Saint-M\u00e9en. Abandono en la Providencia<\/strong><\/h4>\n\n\n\n<p class=\"has-text-align-left\"><em>Ya que nuestra obra es buena, nos est\u00e1 permitido desear que se consolide, que se desarrolle y que crezca. Incluso debemos hacer todos los esfuerzos para ello.<\/em><\/p>\n\n\n\n<h4 class=\"wp-block-heading has-text-align-left has-vivid-red-color has-text-color has-link-color wp-elements-1cd4b724fdd0ffc35884cb45183847cc\"><br><strong>Difuntos<\/strong><\/h4>\n\n\n\n<p class=\"has-text-align-left\">1968: <strong>Eutiquio Basconcillos (Jaime).<\/strong> Naci\u00f3 en Villaescobedo (Burgos) en 1911. Muri\u00f3 en Nanclares.<br>1988: Thomas Farrell (Thomas Stephen)<br>1990: Maurice Kervarec (Jude)<\/p>\n","protected":false},"excerpt":{"rendered":"<p>Oraci\u00f3n Padre, me pongo en tus manos,&nbsp;haz de m\u00ed lo que quieras,&nbsp;sea lo que sea, te doy las gracias.Estoy dispuesto a todo,lo acepto todo,&nbsp;con tal que tu voluntad se cumpla en m\u00ed,&nbsp;y en todas tus criaturas.No deseo nada m\u00e1s, Padre.Te conf\u00edo mi alma,&nbsp;te la doy con todo el amorde que soy capaz, porque te amoy &hellip; <a href=\"https:\/\/menesianosoy.org\/index.php\/2025\/09\/28\/san-hugo-de-genova-2\/\" class=\"more-link\">Continue reading<span class=\"screen-reader-text\"> \u00abSan Hugo de G\u00e9nova\u00bb<\/span><\/a><\/p>\n","protected":false},"author":3,"featured_media":0,"comment_status":"closed","ping_status":"closed","sticky":false,"template":"","format":"standard","meta":{"_acf_changed":false,"footnotes":""},"categories":[3],"tags":[],"class_list":["post-27882","post","type-post","status-publish","format-standard","hentry","category-calendario"],"acf":[],"_links":{"self":[{"href":"https:\/\/menesianosoy.org\/index.php\/wp-json\/wp\/v2\/posts\/27882","targetHints":{"allow":["GET"]}}],"collection":[{"href":"https:\/\/menesianosoy.org\/index.php\/wp-json\/wp\/v2\/posts"}],"about":[{"href":"https:\/\/menesianosoy.org\/index.php\/wp-json\/wp\/v2\/types\/post"}],"author":[{"embeddable":true,"href":"https:\/\/menesianosoy.org\/index.php\/wp-json\/wp\/v2\/users\/3"}],"replies":[{"embeddable":true,"href":"https:\/\/menesianosoy.org\/index.php\/wp-json\/wp\/v2\/comments?post=27882"}],"version-history":[{"count":3,"href":"https:\/\/menesianosoy.org\/index.php\/wp-json\/wp\/v2\/posts\/27882\/revisions"}],"predecessor-version":[{"id":27935,"href":"https:\/\/menesianosoy.org\/index.php\/wp-json\/wp\/v2\/posts\/27882\/revisions\/27935"}],"wp:attachment":[{"href":"https:\/\/menesianosoy.org\/index.php\/wp-json\/wp\/v2\/media?parent=27882"}],"wp:term":[{"taxonomy":"category","embeddable":true,"href":"https:\/\/menesianosoy.org\/index.php\/wp-json\/wp\/v2\/categories?post=27882"},{"taxonomy":"post_tag","embeddable":true,"href":"https:\/\/menesianosoy.org\/index.php\/wp-json\/wp\/v2\/tags?post=27882"}],"curies":[{"name":"wp","href":"https:\/\/api.w.org\/{rel}","templated":true}]}}