{"id":28106,"date":"2025-10-08T08:46:54","date_gmt":"2025-10-08T11:46:54","guid":{"rendered":"https:\/\/menesianosoy.org\/?p=28106"},"modified":"2025-10-14T16:46:57","modified_gmt":"2025-10-14T19:46:57","slug":"lunes-28-del-tiempo-ordinario","status":"publish","type":"post","link":"https:\/\/menesianosoy.org\/index.php\/2025\/10\/08\/lunes-28-del-tiempo-ordinario\/","title":{"rendered":"San Te\u00f3filo de Alejandr\u00eda"},"content":{"rendered":"\n<h4 class=\"wp-block-heading has-text-align-left has-vivid-red-color has-text-color has-link-color wp-elements-61048e33dfea0c109297b145d30aadb8\"><strong>Romanos 1, 1-7<br>Salmo 97, 1-4<\/strong><\/h4>\n\n\n\n<h4 class=\"wp-block-heading has-text-align-left has-vivid-red-color has-text-color has-link-color wp-elements-65958436f0f343008c93e525081f15f9\"><br><strong>Evangelio: Lucas 11, 29-32<\/strong><\/h4>\n\n\n\n<figure class=\"wp-block-audio\"><audio controls src=\"https:\/\/menesianosoy.org\/wp-content\/uploads\/2025\/10\/13-de-octubre.ogg\"><\/audio><\/figure>\n\n\n\n<p class=\"has-text-align-left\"><strong><em>Al ver Jes\u00fas que la multitud se apretujaba, comenz\u00f3 a decir: Esta es una generaci\u00f3n malvada. Pide un signo y no le ser\u00e1 dado otro que el de Jon\u00e1s. As\u00ed como Jon\u00e1s fue un signo para los ninivitas, tambi\u00e9n el Hijo del hombre lo ser\u00e1 para esta generaci\u00f3n. El d\u00eda del Juicio, la Reina del Sur se levantar\u00e1 contra los hombres de esta generaci\u00f3n y los condenar\u00e1, porque ella vino de los confines de la tierra para escuchar la sabidur\u00eda de Salom\u00f3n y aqu\u00ed hay alguien que es m\u00e1s que Salom\u00f3n. El d\u00eda del Juicio, los hombres de N\u00ednive se levantar\u00e1n contra esta generaci\u00f3n y la condenar\u00e1n, porque ellos se convirtieron por la predicaci\u00f3n de Jon\u00e1s y aqu\u00ed hay alguien que es m\u00e1s que Jon\u00e1s.<\/em><\/strong><\/p>\n\n\n\n<figure class=\"wp-block-image size-full is-resized\"><img loading=\"lazy\" decoding=\"async\" width=\"706\" height=\"755\" src=\"https:\/\/menesianosoy.org\/wp-content\/uploads\/2025\/10\/cruz.png\" alt=\"\" class=\"wp-image-28110\" style=\"width:452px;height:auto\" srcset=\"https:\/\/menesianosoy.org\/wp-content\/uploads\/2025\/10\/cruz.png 706w, https:\/\/menesianosoy.org\/wp-content\/uploads\/2025\/10\/cruz-281x300.png 281w\" sizes=\"auto, (max-width: 709px) 85vw, (max-width: 909px) 67vw, (max-width: 984px) 61vw, (max-width: 1362px) 45vw, 600px\" \/><\/figure>\n\n\n\n<p class=\"has-text-align-left\">Jes\u00fas se enoja con los fariseos y los escribas. Ellos quer\u00edan que les diera una se\u00f1al especial, pues no cre\u00edan en las se\u00f1ales y en los milagros que estaba haciendo. La se\u00f1al de Jon\u00e1s a la que refiere Jes\u00fas, es la del arrepentimiento que Jon\u00e1s predic\u00f3 al pueblo de N\u00ednive y este acept\u00f3 creyendo en su palabra. Ahora ellos tienen a Jes\u00fas, sus gestos y palabras y quieren m\u00e1s se\u00f1ales que no les ser\u00e1n dadas.<br><br>\u00bfQu\u00e9 m\u00e1s se\u00f1ales hacen falta para creer que Jesucristo viene a inaugurar el Reino de Dios? Los m\u00e1s cercanos a Jes\u00fas eran los m\u00e1s incr\u00e9dulos. Por eso, \u00e9l pone como ejemplo a los extranjeros y extranjeras que, desde su lugar, se acercaron y creyeron. Esas personas a las que a veces calificamos de \u201calejadas\u201d en muchas ocasiones saben descubrir a Dios sin pedir se\u00f1ales extraordinarias.<br><br>\u00bfY nosotros? \u00bfNecesitamos milagros para creer en \u00c9l o nos basta la verdad de su Palabra? \u00bfSomos capaces de descubrir al Hijo de Dios acompa\u00f1ando nuestra vida o necesitamos algo extraordinario para darnos cuenta que en \u00c9l est\u00e1 la Vida y la Salvaci\u00f3n?<\/p>\n\n\n\n<h5 class=\"wp-block-heading has-text-color has-link-color wp-elements-37061e6b912530aacdeca9681cc59cd2\" style=\"color:#734040\"><strong><br>M\u00c1XIMA<br>Creo en ti, Jes\u00fas.<\/strong><\/h5>\n\n\n\n<h4 class=\"wp-block-heading has-text-align-left has-vivid-red-color has-text-color has-link-color wp-elements-21e72ba6ab8aac75548a19d39767613b\"><br><strong>Palabras de Juan Mar\u00eda de la Mennais<\/strong><\/h4>\n\n\n\n<p class=\"has-text-align-left\"><img loading=\"lazy\" decoding=\"async\" width=\"150\" height=\"165\" class=\"wp-image-21587\" style=\"width: 150px;\" src=\"https:\/\/menesianosoy.org\/wp-content\/uploads\/2025\/03\/JMLM.png\" alt=\"\" srcset=\"https:\/\/menesianosoy.org\/wp-content\/uploads\/2025\/03\/JMLM.png 330w, https:\/\/menesianosoy.org\/wp-content\/uploads\/2025\/03\/JMLM-273x300.png 273w\" sizes=\"auto, (max-width: 150px) 85vw, 150px\" \/><br><em>El coraz\u00f3n del hombre es un abismo. \u00bfQui\u00e9n penetrar\u00e1 hasta el fondo de su corrupci\u00f3n?&#8230; Eres t\u00fa, Se\u00f1or, y si no hubieses entrado en el m\u00edo, como un rey lleno de dulzura, yo tambi\u00e9n estar\u00eda alejado de ti. Dios m\u00edo, eres t\u00fa quien ha hecho ese milagro, lo s\u00e9 y cuando el orgullo de los pecadores me pregunte \u00bfd\u00f3nde est\u00e1 la Palabra del Se\u00f1or? Se\u00f1or, sin turbarme y sin responderles, te seguir\u00e9 como a un pastor. (A.14.4)<\/em><\/p>\n\n\n\n<h4 class=\"wp-block-heading has-text-align-left has-vivid-red-color has-text-color has-link-color wp-elements-378f5ea8f6280dafe62ba9796d3523b0\"><br><strong>Creo \u2013 Ver\u00f3nica Sanfilippo<\/strong><\/h4>\n\n\n\n<figure class=\"wp-block-embed is-type-video is-provider-youtube wp-block-embed-youtube wp-embed-aspect-16-9 wp-has-aspect-ratio\"><div class=\"wp-block-embed__wrapper\">\n<iframe loading=\"lazy\" title=\"Ver\u00f3nica Sanfilippo - Creo - M\u00daSICA CAT\u00d3LICA ALEGRE\" width=\"1140\" height=\"641\" src=\"https:\/\/www.youtube.com\/embed\/86ojbeH9b_w?feature=oembed\" frameborder=\"0\" allow=\"accelerometer; autoplay; clipboard-write; encrypted-media; gyroscope; picture-in-picture; web-share\" referrerpolicy=\"strict-origin-when-cross-origin\" allowfullscreen><\/iframe>\n<\/div><\/figure>\n\n\n\n<p class=\"has-text-align-left\">Dicen que un d\u00eda un \u00e1ngel<br>a una mujer visit\u00f3.<br>Trajo con \u00e9l un mensaje de salvaci\u00f3n.<br><br>Dicen que un d\u00eda un ni\u00f1o<br>en un pesebre naci\u00f3,<br>y aunque era el rey de los hombres<br>humilde creci\u00f3.<br><br>Y cuentan que en unas bodas<br>un milagro ocurri\u00f3:<br>se quedaron sin vino<br>pero \u00e9l les dio el mejor.<br><br>Y a los ciegos cur\u00f3.<br>El pan tambi\u00e9n multiplic\u00f3.<br>Calmo las aguas en medio de tormentas<br>y por m\u00ed se entreg\u00f3.<br><br>Aunque no lo pueda ver.<br>Aunque no lo pueda tocar.<br>Creo en su palabra y la promesa que regala,<br>Vida eterna.<br><br>Yo creo en un Dios que tanto me am\u00f3;<br>que a su \u00fanico hijo al mundo envi\u00f3<br>por mi salvaci\u00f3n.<br><br>Yo creo, creo, creo.<br>En ti Jes\u00fas yo creo.<br>Yo creo, aunque no vea, creo.<br>Aunque no entienda, creo<br>en Cristo, mi Se\u00f1or.<br><br>En ti Jes\u00fas yo creo.<br>En tu palabra, creo.<br>En tu camino, creo.<br>En tus promesas, creo. <br><br>Creo en ti, Jes\u00fas, yo creo.<\/p>\n\n\n\n<p class=\"has-text-align-left has-vivid-purple-background-color has-background\"><\/p>\n\n\n\n<h5 class=\"wp-block-heading has-text-align-left has-small-font-size\"><img loading=\"lazy\" decoding=\"async\" width=\"150\" height=\"117\" class=\"wp-image-28120\" style=\"width: 150px;\" src=\"https:\/\/menesianosoy.org\/wp-content\/uploads\/2025\/10\/Teofilo.jpg\" alt=\"\"><br><strong>TE\u00d3FILO (aprox. 120-180) era un pagano que hab\u00eda aceptado la fe en Jesucristo gracias a los ejemplos de los creyentes y al estudio de las Escrituras. Es conocido sobre todo como uno de los primeros apologistas cristianos, es decir, defensores del cristianismo ante el mundo pagano. Escribi\u00f3 mucho para defender las verdades de la fe contra los errores y las herej\u00edas de la \u00e9poca.\u00a0\u00a0En sus escritos, fue uno de los primeros en usar el t\u00e9rmino \u00abTrinidad\u00bb al hablar de Dios como Padre, Hijo y Esp\u00edritu Santo.<\/strong> <strong>Fue<\/strong> <strong>obispo de Antioqu\u00eda<\/strong>, <strong>una de las ciudades cristianas m\u00e1s importantes del mundo antiguo. <\/strong><\/h5>\n\n\n\n<p><\/p>\n","protected":false},"excerpt":{"rendered":"<p>Romanos 1, 1-7Salmo 97, 1-4 Evangelio: Lucas 11, 29-32 Al ver Jes\u00fas que la multitud se apretujaba, comenz\u00f3 a decir: Esta es una generaci\u00f3n malvada. Pide un signo y no le ser\u00e1 dado otro que el de Jon\u00e1s. As\u00ed como Jon\u00e1s fue un signo para los ninivitas, tambi\u00e9n el Hijo del hombre lo ser\u00e1 para &hellip; <a href=\"https:\/\/menesianosoy.org\/index.php\/2025\/10\/08\/lunes-28-del-tiempo-ordinario\/\" class=\"more-link\">Continue reading<span class=\"screen-reader-text\"> \u00abSan Te\u00f3filo de Alejandr\u00eda\u00bb<\/span><\/a><\/p>\n","protected":false},"author":3,"featured_media":0,"comment_status":"closed","ping_status":"closed","sticky":false,"template":"","format":"standard","meta":{"_acf_changed":false,"footnotes":""},"categories":[9],"tags":[],"class_list":["post-28106","post","type-post","status-publish","format-standard","hentry","category-evangelio"],"acf":[],"_links":{"self":[{"href":"https:\/\/menesianosoy.org\/index.php\/wp-json\/wp\/v2\/posts\/28106","targetHints":{"allow":["GET"]}}],"collection":[{"href":"https:\/\/menesianosoy.org\/index.php\/wp-json\/wp\/v2\/posts"}],"about":[{"href":"https:\/\/menesianosoy.org\/index.php\/wp-json\/wp\/v2\/types\/post"}],"author":[{"embeddable":true,"href":"https:\/\/menesianosoy.org\/index.php\/wp-json\/wp\/v2\/users\/3"}],"replies":[{"embeddable":true,"href":"https:\/\/menesianosoy.org\/index.php\/wp-json\/wp\/v2\/comments?post=28106"}],"version-history":[{"count":8,"href":"https:\/\/menesianosoy.org\/index.php\/wp-json\/wp\/v2\/posts\/28106\/revisions"}],"predecessor-version":[{"id":28123,"href":"https:\/\/menesianosoy.org\/index.php\/wp-json\/wp\/v2\/posts\/28106\/revisions\/28123"}],"wp:attachment":[{"href":"https:\/\/menesianosoy.org\/index.php\/wp-json\/wp\/v2\/media?parent=28106"}],"wp:term":[{"taxonomy":"category","embeddable":true,"href":"https:\/\/menesianosoy.org\/index.php\/wp-json\/wp\/v2\/categories?post=28106"},{"taxonomy":"post_tag","embeddable":true,"href":"https:\/\/menesianosoy.org\/index.php\/wp-json\/wp\/v2\/tags?post=28106"}],"curies":[{"name":"wp","href":"https:\/\/api.w.org\/{rel}","templated":true}]}}