{"id":28468,"date":"2025-10-19T17:09:29","date_gmt":"2025-10-19T20:09:29","guid":{"rendered":"https:\/\/menesianosoy.org\/?p=28468"},"modified":"2025-10-19T17:39:58","modified_gmt":"2025-10-19T20:39:58","slug":"santa-maria-laura-montoya-2","status":"publish","type":"post","link":"https:\/\/menesianosoy.org\/index.php\/2025\/10\/19\/santa-maria-laura-montoya-2\/","title":{"rendered":"Santa Mar\u00eda Laura Montoya"},"content":{"rendered":"\n<p class=\"has-text-align-left\"><strong><em>1821 &#8211; Muri\u00f3 Marie-Ane Cartel, fundadora de la casa de la Providencia de Saint-Brieuc<\/em><\/strong>.<\/p>\n\n\n\n<h4 class=\"wp-block-heading has-text-align-left has-vivid-red-color has-text-color has-link-color wp-elements-0d3bba1292b8030bef905a45afd13c8e\"><br><strong>Oraci\u00f3n<\/strong><\/h4>\n\n\n\n<p class=\"has-text-align-left\"><strong><em>Te ofrezco, \u00a1oh Dios!<br>mi fortuna, mi tiempo, mi libertad,<br>mi reputaci\u00f3n, mi cuerpo,<br>mi alma, mi vida;<br>me entrego todo, s\u00ed todo, sin excepci\u00f3n.<br>Disp\u00f3n pues de m\u00ed<br>y de todo lo que es m\u00edo,<br>seg\u00fan te plazca.<br>Yo no tengo ahora otro pensamiento,<br>otro deseo,<br>que el de contribuir a tu gloria<br>seg\u00fan la medida completa<br>de mis medios y mis fuerzas. (Juan Mar\u00eda)<\/em><\/strong><\/p>\n\n\n\n<h4 class=\"wp-block-heading has-text-align-left has-vivid-red-color has-text-color has-link-color wp-elements-7deb30c5a46c2fe0af76f92c82f8d39a\"><br><strong>Intenciones<\/strong><\/h4>\n\n\n\n<ul class=\"wp-block-list\">\n<li>Por las Hijas de la Providencia y sus obras.<\/li>\n\n\n\n<li>Por los menesianos, las obras y las nuevas vocaciones de la provincia San Luis Gonzaga de Hait\u00ed.<\/li>\n\n\n\n<li>Por los enfermos y discapacitados de nuestros centros educativos.<\/li>\n\n\n\n<li>Por los alumnos de nuestros centros educativos, es especial, los m\u00e1s necesitados.<\/li>\n\n\n\n<li>Por la familia menesiana del colegio San Pablo de Luj\u00e1n de Cuyo y la de Berrio-Otxoa.<\/li>\n<\/ul>\n\n\n\n<h4 class=\"wp-block-heading has-text-align-left has-vivid-red-color has-text-color has-link-color wp-elements-9f420c2cb226f76c7196450c4cceb6b0\"><br><strong>Nueva Regla de Vida n\u00ba 159b<\/strong><\/h4>\n\n\n\n<p class=\"has-text-align-left\">La autoridad tiene como fin primario velar por la fidelidad de todos y cada uno a la misi\u00f3n que la Iglesia les ha confiado, seg\u00fan el esp\u00edritu de los Fundadores. Tambi\u00e9n es responsable de la vida administrativa y material del Instituto.<\/p>\n\n\n\n<h4 class=\"wp-block-heading has-text-align-left has-vivid-red-color has-text-color has-link-color wp-elements-0b108cb673989a360032971190c9c0a6\"><br><strong>A la Se\u00f1orita H\u00e9l\u00e8ne de Lucini\u00e8re, 8 de enero de 1838<\/strong><\/h4>\n\n\n\n<p class=\"has-text-align-left\"><em>Dios nos dar\u00e1, en cada momento, las fuerzas que necesitamos para sobrellevar nuestra carga: \u00bfQu\u00e9 m\u00e1s necesitamos que esta dulce seguridad?<\/em><\/p>\n\n\n\n<h4 class=\"wp-block-heading has-text-align-left has-vivid-red-color has-text-color has-link-color wp-elements-51237a81e4228043f099a8fd21df2582\"><br><strong>Difunto<\/strong><\/h4>\n\n\n\n<p class=\"has-text-align-left\">1972: Henri Gailloux (Sylvestre)<\/p>\n","protected":false},"excerpt":{"rendered":"<p>1821 &#8211; Muri\u00f3 Marie-Ane Cartel, fundadora de la casa de la Providencia de Saint-Brieuc. Oraci\u00f3n Te ofrezco, \u00a1oh Dios!mi fortuna, mi tiempo, mi libertad,mi reputaci\u00f3n, mi cuerpo,mi alma, mi vida;me entrego todo, s\u00ed todo, sin excepci\u00f3n.Disp\u00f3n pues de m\u00edy de todo lo que es m\u00edo,seg\u00fan te plazca.Yo no tengo ahora otro pensamiento,otro deseo,que el de &hellip; <a href=\"https:\/\/menesianosoy.org\/index.php\/2025\/10\/19\/santa-maria-laura-montoya-2\/\" class=\"more-link\">Continue reading<span class=\"screen-reader-text\"> \u00abSanta Mar\u00eda Laura Montoya\u00bb<\/span><\/a><\/p>\n","protected":false},"author":3,"featured_media":0,"comment_status":"closed","ping_status":"closed","sticky":false,"template":"","format":"standard","meta":{"_acf_changed":false,"footnotes":""},"categories":[3],"tags":[],"class_list":["post-28468","post","type-post","status-publish","format-standard","hentry","category-calendario"],"acf":[],"_links":{"self":[{"href":"https:\/\/menesianosoy.org\/index.php\/wp-json\/wp\/v2\/posts\/28468","targetHints":{"allow":["GET"]}}],"collection":[{"href":"https:\/\/menesianosoy.org\/index.php\/wp-json\/wp\/v2\/posts"}],"about":[{"href":"https:\/\/menesianosoy.org\/index.php\/wp-json\/wp\/v2\/types\/post"}],"author":[{"embeddable":true,"href":"https:\/\/menesianosoy.org\/index.php\/wp-json\/wp\/v2\/users\/3"}],"replies":[{"embeddable":true,"href":"https:\/\/menesianosoy.org\/index.php\/wp-json\/wp\/v2\/comments?post=28468"}],"version-history":[{"count":4,"href":"https:\/\/menesianosoy.org\/index.php\/wp-json\/wp\/v2\/posts\/28468\/revisions"}],"predecessor-version":[{"id":28475,"href":"https:\/\/menesianosoy.org\/index.php\/wp-json\/wp\/v2\/posts\/28468\/revisions\/28475"}],"wp:attachment":[{"href":"https:\/\/menesianosoy.org\/index.php\/wp-json\/wp\/v2\/media?parent=28468"}],"wp:term":[{"taxonomy":"category","embeddable":true,"href":"https:\/\/menesianosoy.org\/index.php\/wp-json\/wp\/v2\/categories?post=28468"},{"taxonomy":"post_tag","embeddable":true,"href":"https:\/\/menesianosoy.org\/index.php\/wp-json\/wp\/v2\/tags?post=28468"}],"curies":[{"name":"wp","href":"https:\/\/api.w.org\/{rel}","templated":true}]}}