{"id":28598,"date":"2025-10-22T16:50:37","date_gmt":"2025-10-22T19:50:37","guid":{"rendered":"https:\/\/menesianosoy.org\/?p=28598"},"modified":"2025-10-25T09:06:30","modified_gmt":"2025-10-25T12:06:30","slug":"sabado-29o-del-tiempo-durante-el-ano","status":"publish","type":"post","link":"https:\/\/menesianosoy.org\/index.php\/2025\/10\/22\/sabado-29o-del-tiempo-durante-el-ano\/","title":{"rendered":"S\u00e1bado 29\u00ba del tiempo durante el a\u00f1o"},"content":{"rendered":"\n<h4 class=\"wp-block-heading has-text-align-left has-text-color has-link-color wp-elements-0b6e5f76b401f1f0e3ad6344ab7636b0\" style=\"color:#4f1f1f\"><strong>Romanos 8, 1-11<br>Salmo 23, 1-6<\/strong><\/h4>\n\n\n\n<h4 class=\"wp-block-heading has-text-align-left has-vivid-red-color has-text-color has-link-color wp-elements-397ae73204c2e7d819fd8869d9c41704\"><br><strong>Evangelio: Lucas 13, 1-9<\/strong><\/h4>\n\n\n\n<figure class=\"wp-block-audio\"><audio controls src=\"https:\/\/menesianosoy.org\/wp-content\/uploads\/2025\/10\/25-10-sabado-1.mp3\"><\/audio><\/figure>\n\n\n\n<p class=\"has-text-align-left\"><strong><em>En cierta ocasi\u00f3n se presentaron unas personas que comentaron a Jes\u00fas el caso de aquellos galileos, cuya sangre Pilato mezcl\u00f3 con la de las v\u00edctimas de sus sacrificios.<br>El respondi\u00f3: \u00bfCreen ustedes que esos galileos sufrieron todo esto porque eran m\u00e1s pecadores que los dem\u00e1s? Les aseguro que no, y si ustedes no se convierten, todos acabar\u00e1n de la misma manera.<br>\u00bfO creen que las dieciocho personas que murieron cuando se desplom\u00f3 la torre de Silo\u00e9, eran m\u00e1s culpables que los dem\u00e1s habitantes de Jerusal\u00e9n? Les aseguro que no, y si ustedes no se convierten, todos acabar\u00e1n de la misma manera.<br>Les dijo tambi\u00e9n esta par\u00e1bola: Un hombre ten\u00eda una higuera plantada en su vi\u00f1a. Fue a buscar frutos y nos encontr\u00f3. Dijo entonces al vi\u00f1ador: \u00abHace tres a\u00f1os que vengo a buscar frutos en esta higuera y nos encuentro. C\u00f3rtala, \u00bfpara qu\u00e9 malgastar la tierra?\u00bb Pero \u00e9l respondi\u00f3: \u00abSe\u00f1or, d\u00e9jala todav\u00eda este a\u00f1o; yo remover\u00e9 la tierra alrededor de ella y la abonar\u00e9. Puede ser que as\u00ed d\u00e9 frutos en adelante. Si no, la cortar\u00e1s.<\/em><\/strong><\/p>\n\n\n\n<figure class=\"wp-block-image size-full\"><img loading=\"lazy\" decoding=\"async\" width=\"500\" height=\"339\" src=\"https:\/\/menesianosoy.org\/wp-content\/uploads\/2024\/10\/130224-vi-a-fano.jpg\" alt=\"\" class=\"wp-image-17392\" srcset=\"https:\/\/menesianosoy.org\/wp-content\/uploads\/2024\/10\/130224-vi-a-fano.jpg 500w, https:\/\/menesianosoy.org\/wp-content\/uploads\/2024\/10\/130224-vi-a-fano-300x203.jpg 300w\" sizes=\"auto, (max-width: 500px) 85vw, 500px\" \/><\/figure>\n\n\n\n<p class=\"has-text-align-left\">Se sabe que Galilea fue, en tiempo de Jes\u00fas, patria de numerosos grupos disidentes anti-imperialistas. En Hech 5,37 se menciona a Judas el Galileo. Y en relato de hoy nos encontramos con un grupo de galileos que fueron asesinados por el procurador romano Poncio Pilatos. Adem\u00e1s, el hecho se produjo con la especial crueldad de que el asesinato fue cometido por los legionarios romanos en el templo, en un acto religioso. El crimen, por tanto, fue una provocaci\u00f3n muy grave para los sentimientos nacionalistas y religiosos de cualquier israelita. Era, pues, una situaci\u00f3n que exig\u00eda una protesta en\u00e9rgica y una denuncia p\u00fablica contra los abusos criminales con los que la dominaci\u00f3n romana humillaba a los israelitas.<br><br>Sin embargo, la respuesta de Jes\u00fas fue desconcertante. No dijo ni media palabra contra Pilatos o contra los romanos.\u00a0 Por el contrario, les advirti\u00f3 a sus oyentes que, si no se convert\u00edan y cambiaban de vida, todos iban a terminar tambi\u00e9n asesinados. \u00bfNo fue esto una cobard\u00eda que traicionaba los sentimientos m\u00e1s nobles y los derechos m\u00e1s evidentes de un pueblo sometido al gran tirano?<br><br>Jes\u00fas no fue ni cobarde ni c\u00f3mplice ante los romanos. Prueba de ello es que lo crucificaron por motivos pol\u00edticos, como qued\u00f3 escrito en el letrero que pusieron en la cruz (Mt 27,37 par). Jes\u00fas no fue cobarde. Jes\u00fas fue al fondo del problema. Estaba convencido que los conflictos pol\u00edticos no se resuelven solamente cambiando a los gobernantes, aunque sean unos tiranos.\u00a0 Los conflictos pol\u00edticos se resuelven cuando cambian en su intimidad y se convierten en su coraz\u00f3n todos los agentes que son parte del conflicto. Los conflictos pol\u00edticos dejan heridas que dividen y generan odios y resentimientos. Mientras tales heridas no cicatrizan el conflicto sigue en carne viva. La soluci\u00f3n es curar las heridas, no solo cambiar a los gobernantes. Estamos cansado de ver pa\u00edses en conflicto, que cambian de r\u00e9gimen, pero la miseria y el conflicto sigue igual, y siempre se llevan la peor parte los mismos, lo m\u00e1s pobres. Lo \u00fanico que puede cambiar este mundo es <em>\u201cla bondad\u201d<\/em>, asimilada e integrada en la vida de quienes vamos por la vida diciendo que somos creyentes en Jes\u00fas.<\/p>\n\n\n\n<h4 class=\"wp-block-heading has-text-align-left has-vivid-red-color has-text-color has-link-color wp-elements-21e72ba6ab8aac75548a19d39767613b\"><br><strong>Palabras de Juan Mar\u00eda de la Mennais<\/strong><\/h4>\n\n\n\n<p class=\"has-text-align-left\"><img loading=\"lazy\" decoding=\"async\" width=\"150\" height=\"165\" class=\"wp-image-21587\" style=\"width: 150px;\" src=\"https:\/\/menesianosoy.org\/wp-content\/uploads\/2025\/03\/JMLM.png\" alt=\"\" srcset=\"https:\/\/menesianosoy.org\/wp-content\/uploads\/2025\/03\/JMLM.png 330w, https:\/\/menesianosoy.org\/wp-content\/uploads\/2025\/03\/JMLM-273x300.png 273w\" sizes=\"auto, (max-width: 150px) 85vw, 150px\" \/><br><em>Hoy nadie puede decir que lo que ha fundado la v\u00edspera continuar\u00e1 de pie al d\u00eda siguiente. Las m\u00e1s sabias previsiones quedan desconcertadas a cada instante. Y sin embargo es al ruido de estas grandes tormentas que rugen incesantemente sobre nuestras cabezas que es necesario caminar hacia nuestro objetivo con una calma que nada altera y una perseverancia que nada puede vencer. Es sobre un suelo tembloroso que es necesario tallar, pulir y unir juntas una con otra, y con la espada en la mano, como los jud\u00edos que trabajaban en la reconstrucci\u00f3n del templo, todas las piedras que deben formar parte del vasto edificio que tenemos el deseo de construir. Pero ciertamente, cuando me acuerdo del pasado, de lo que Dios ha hecho por nosotros, de modo tan maravilloso, tantas veces, los acontecimientos que parec\u00edan que nos iban a ser contrarios se han convertido en favorables, ser\u00eda ingrato si me entregase a los miedos del porvenir, y todos mis pensamientos son pensamientos de acci\u00f3n de gracias y de esperanza. (Serm\u00f3n sobre los motivos de des\u00e1nimo)<\/em><\/p>\n\n\n\n<h4 class=\"wp-block-heading has-text-align-left has-vivid-red-color has-text-color has-link-color wp-elements-8c5a108555d129fc51596c1a83087e0b\"><br><strong>Noche &#8211; hakuna<\/strong><\/h4>\n\n\n\n<figure class=\"wp-block-embed is-type-video is-provider-youtube wp-block-embed-youtube wp-embed-aspect-16-9 wp-has-aspect-ratio\"><div class=\"wp-block-embed__wrapper\">\n<iframe loading=\"lazy\" title=\"Hakuna Group Music - Noche (Letra)\" width=\"1140\" height=\"641\" src=\"https:\/\/www.youtube.com\/embed\/5swXObO17-w?feature=oembed\" frameborder=\"0\" allow=\"accelerometer; autoplay; clipboard-write; encrypted-media; gyroscope; picture-in-picture; web-share\" referrerpolicy=\"strict-origin-when-cross-origin\" allowfullscreen><\/iframe>\n<\/div><\/figure>\n\n\n\n<p class=\"has-text-align-left\">Por tu iglesia que te espera a oscuras,<br>por tu pueblo que te reza<br>aguardando la aurora<br>te rogamos, te rogamos.<br>Por las naciones paganas<br>que tienen sed de ti<br>sin saberlo,<br>ten piedad, ten piedad.<br>Por los pueblos oprimidos,<br>por el totalitarismo<br>y la opresi\u00f3n de la mentira.<br>Por aquellos perseguidos<br>por tu nombre<br>que se ocultan para orar<br>y aquellos extra\u00eddos<br>de su hogar.<br>Por sus perseguidores,<br>cegados por el odio,<br>perd\u00f3nales, Padre.<br>No saben lo que hacen.<br>Por los que no nos aman,<br>por los que no sabemos amar,<br>por los que sufren y agonizan<br>y hoy duermen en el hospital.<br>Por los que hoy es su \u00faltima noche,<br>cuyos ojos no ver\u00e1n el nuevo d\u00eda,<br>ten piedad, ten piedad.<br>Por todos los que sufren la tentaci\u00f3n<br>del suicidio.<br>Por los dispuestos<br>a dejar ganar al mal.<br>Por aquellos cuyas noches<br>son interminables<br>y a los que la angustia<br>les ha quitado la paz.<br><br>Kyrie eleison, Kyrie eleison \u2026<br><br>Por aquellos que trabajan en la prostituci\u00f3n<br>y se ven obligados<br>a vender su amor.<br>Por los que caen en la trampa<br>del vicio y las drogas.<br>Por los que hoy duermen en prisi\u00f3n.<br>Por los que hoy esperan su ejecuci\u00f3n.<br>Por aquellos a los que torturan.<br>Por criminales, por los ladrones,<br>por los que erran en soledad.<br>Por los que sufren<br>la indiferencia de los dem\u00e1s.<br><br>Kyrie eleison, Kyrie eleison \u2026<br><br>Por la ciudad,<br>por todos sus habitantes<br>que en sus sue\u00f1os<br>solo existas T\u00fa.<br>Por nuestros difuntos<br>que a\u00fan no han visto tu rostro.<br>Por los alejados entre la multitud.<br>Por los ni\u00f1os que descansan<br>en el seno de su madre.<br>Por las mujeres<br>que van a dar a luz.<br>Para que reine<br>tu paz en cada hogar.<br>Por los que quieren<br>saciar tu sed de amar.<br><br>Kyrie eleison, Kyrie eleison \u2026<br>Ten piedad, ten piedad \u2026<\/p>\n\n\n\n<p class=\"has-text-align-left has-vivid-purple-background-color has-background\"><\/p>\n","protected":false},"excerpt":{"rendered":"<p>Romanos 8, 1-11Salmo 23, 1-6 Evangelio: Lucas 13, 1-9 En cierta ocasi\u00f3n se presentaron unas personas que comentaron a Jes\u00fas el caso de aquellos galileos, cuya sangre Pilato mezcl\u00f3 con la de las v\u00edctimas de sus sacrificios.El respondi\u00f3: \u00bfCreen ustedes que esos galileos sufrieron todo esto porque eran m\u00e1s pecadores que los dem\u00e1s? Les aseguro &hellip; <a href=\"https:\/\/menesianosoy.org\/index.php\/2025\/10\/22\/sabado-29o-del-tiempo-durante-el-ano\/\" class=\"more-link\">Continue reading<span class=\"screen-reader-text\"> \u00abS\u00e1bado 29\u00ba del tiempo durante el a\u00f1o\u00bb<\/span><\/a><\/p>\n","protected":false},"author":3,"featured_media":0,"comment_status":"closed","ping_status":"closed","sticky":false,"template":"","format":"standard","meta":{"_acf_changed":false,"footnotes":""},"categories":[9],"tags":[],"class_list":["post-28598","post","type-post","status-publish","format-standard","hentry","category-evangelio"],"acf":[],"_links":{"self":[{"href":"https:\/\/menesianosoy.org\/index.php\/wp-json\/wp\/v2\/posts\/28598","targetHints":{"allow":["GET"]}}],"collection":[{"href":"https:\/\/menesianosoy.org\/index.php\/wp-json\/wp\/v2\/posts"}],"about":[{"href":"https:\/\/menesianosoy.org\/index.php\/wp-json\/wp\/v2\/types\/post"}],"author":[{"embeddable":true,"href":"https:\/\/menesianosoy.org\/index.php\/wp-json\/wp\/v2\/users\/3"}],"replies":[{"embeddable":true,"href":"https:\/\/menesianosoy.org\/index.php\/wp-json\/wp\/v2\/comments?post=28598"}],"version-history":[{"count":9,"href":"https:\/\/menesianosoy.org\/index.php\/wp-json\/wp\/v2\/posts\/28598\/revisions"}],"predecessor-version":[{"id":28706,"href":"https:\/\/menesianosoy.org\/index.php\/wp-json\/wp\/v2\/posts\/28598\/revisions\/28706"}],"wp:attachment":[{"href":"https:\/\/menesianosoy.org\/index.php\/wp-json\/wp\/v2\/media?parent=28598"}],"wp:term":[{"taxonomy":"category","embeddable":true,"href":"https:\/\/menesianosoy.org\/index.php\/wp-json\/wp\/v2\/categories?post=28598"},{"taxonomy":"post_tag","embeddable":true,"href":"https:\/\/menesianosoy.org\/index.php\/wp-json\/wp\/v2\/tags?post=28598"}],"curies":[{"name":"wp","href":"https:\/\/api.w.org\/{rel}","templated":true}]}}