{"id":29062,"date":"2025-11-02T16:59:12","date_gmt":"2025-11-02T19:59:12","guid":{"rendered":"https:\/\/menesianosoy.org\/?p=29062"},"modified":"2025-11-07T06:31:16","modified_gmt":"2025-11-07T09:31:16","slug":"maria-madre-y-medianera-de-la-gracia-3","status":"publish","type":"post","link":"https:\/\/menesianosoy.org\/index.php\/2025\/11\/02\/maria-madre-y-medianera-de-la-gracia-3\/","title":{"rendered":"Mar\u00eda, Madre y Medianera de la Gracia"},"content":{"rendered":"\n<h5 class=\"wp-block-heading has-text-align-left has-text-color has-link-color wp-elements-c1fd567684745bd4ee433e073b792138\" style=\"color:#803636\"><strong>Romanos 15, 14-21<br>Salmo 97, 1-4<\/strong><\/h5>\n\n\n\n<h4 class=\"wp-block-heading has-text-align-left has-vivid-red-color has-text-color has-link-color wp-elements-859536bc3266d8ffd0ff6dd35f4528df\"><br><strong>Evangelio: Lucas 16, 1-8<\/strong><\/h4>\n\n\n\n<figure class=\"wp-block-audio\"><audio controls src=\"https:\/\/menesianosoy.org\/wp-content\/uploads\/2025\/11\/7-viernes.mp3\"><\/audio><\/figure>\n\n\n\n<p><strong><em>Jes\u00fas dijo a los disc\u00edpulos: Hab\u00eda un hombre rico que ten\u00eda un administrador, al cual acusaron de malgastar sus bienes. Lo llam\u00f3 y le dijo: \u00ab\u00bfQu\u00e9 es lo que me han contado de ti? Dame cuenta de tu administraci\u00f3n, porque ya no ocupar\u00e1s m\u00e1s ese puesto\u00bb.<br>El administrador pens\u00f3 entonces: \u00ab\u00bfQu\u00e9 voy a hacer ahora que mi se\u00f1or me quita el cargo? \u00bfCavar? No tengo fuerzas. \u00bfPedir limosna? Me da verg\u00fcenza. \u00a1Ya s\u00e9 lo que voy a hacer para que, al dejar el puesto, haya quienes me reciban en su casa!\u00bb<br>Llam\u00f3 uno por uno a los deudores de su se\u00f1or y pregunt\u00f3 al primero: \u00ab\u00bfCu\u00e1nto debes a mi se\u00f1or?\u00bb<br>\u00abVeinte barriles de aceite\u00bb, le respondi\u00f3. El administrador le dijo: \u00abToma tu recibo, si\u00e9ntate en seguida, y anota diez\u00bb.<br>Despu\u00e9s pregunt\u00f3 a otro: \u00abY t\u00fa, \u00bfcu\u00e1nto debes?\u00bb. \u00abCuatrocientos quintales de trigo\u00bb, le respondi\u00f3. El administrador le dijo: \u00abToma tu recibo y anota trescientos\u00bb.<br>Y el se\u00f1or alab\u00f3 a este administrador deshonesto, por haber obrado tan h\u00e1bilmente.<br>Porque los hijos de este mundo son m\u00e1s astutos en su trato con lo dem\u00e1s que los hijos de la luz<\/em><\/strong><em>.<\/em><\/p>\n\n\n\n<figure class=\"wp-block-image size-full is-resized\"><img loading=\"lazy\" decoding=\"async\" width=\"800\" height=\"500\" src=\"https:\/\/menesianosoy.org\/wp-content\/uploads\/2025\/11\/administrador-infiel.jpg\" alt=\"\" class=\"wp-image-29079\" style=\"width:626px;height:auto\" srcset=\"https:\/\/menesianosoy.org\/wp-content\/uploads\/2025\/11\/administrador-infiel.jpg 800w, https:\/\/menesianosoy.org\/wp-content\/uploads\/2025\/11\/administrador-infiel-300x188.jpg 300w, https:\/\/menesianosoy.org\/wp-content\/uploads\/2025\/11\/administrador-infiel-768x480.jpg 768w\" sizes=\"auto, (max-width: 709px) 85vw, (max-width: 909px) 67vw, (max-width: 984px) 61vw, (max-width: 1362px) 45vw, 600px\" \/><\/figure>\n\n\n\n<p class=\"has-text-align-left\"><em>Se\u00f1or, mi gran pecado es la rutina, la pereza, el poco entusiasmo que pongo en tus cosas, mi falta de creatividad, mi tendencia a lo f\u00e1cil, a lo que siempre se ha hecho, aunque ahora ya no sirva para nada. Dame esp\u00edritu de lucha, de esfuerzo, de ingenio, de inquietud. Haz que no entierre el talento que me has dado. Haz que deje ya de ser masa y me convierta en levadura.<\/em><br><br>Es importante saber que Jes\u00fas, en las par\u00e1bolas, quiere resaltar \u201cun punto esencial\u201d, apunta a una sola direcci\u00f3n y no podemos pensar en que cada palabra o frase de la par\u00e1bola tiene un significado. A eso se llama \u201calegor\u00eda\u201d Y muchas veces, por entender las par\u00e1bolas en sentido aleg\u00f3rico, las hemos estropeado.<br><br>Ahora bien, \u00bfqu\u00e9 es lo esencial de esta par\u00e1bola? Lo que Jes\u00fas alaba es la&nbsp;\u201csagacidad\u201d.&nbsp;Y esto lo explica diciendo que \u201c<em>los hijos de las tinieblas son m\u00e1s astutos que los hijos de la luz\u201d.<\/em> Es una advertencia que nos viene muy bien en la situaci\u00f3n en que estamos viviendo en la Iglesia. Cada d\u00eda constatamos que vienen menos gente a la Iglesia, que los padres en casa ya no son trasmisores de la fe, que la Iglesia Instituci\u00f3n cada d\u00eda cuenta menos para la gente, que los j\u00f3venes \u201cpasan de lo religioso\u201d, que los curas y monjas van desapareciendo sin dejar relevo, etc.<br><br>Y seguimos haciendo lo mismo. No nos paramos, reflexionamos, inventamos nuevos m\u00e9todos, le damos al coco, incentivamos la creatividad\u2026 Y todos somos conscientes de que tenemos la mejor mercanc\u00eda, pero no sabemos venderla. A esto va la par\u00e1bola: a sacudir nuestra pasividad, a espolear nuestro ingenio, a sacudir nuestra pereza, a buscar nuevos caminos.<br><br><em>Se\u00f1or,<\/em> <em>te agradezco que me llames la atenci\u00f3n, que me des un tir\u00f3n de orejas por mi pereza, mi pasividad, mi indolencia, mis pocas ganas de complicarme la vida, mi poco compromiso por llevar el evangelio a los dem\u00e1s. Dame fuerza para no seguir sentado, para no quedarme en casa, para salir a caminar por rutas nuevas, aunque tropiece. S\u00ed, necesito \u201csagacidad\u201d.<\/em><\/p>\n\n\n\n<h5 class=\"wp-block-heading has-text-align-left has-text-color has-link-color wp-elements-d2c43442458c9bbf69b26e1d98c7f993\" style=\"color:#3d1860\"><br><strong>M\u00c1XIMA<br>Dame, Se\u00f1or, la fuerza de tu Esp\u00edritu.<\/strong><\/h5>\n\n\n\n<p><\/p>\n\n\n\n<h4 class=\"wp-block-heading has-text-align-left has-vivid-red-color has-text-color has-link-color wp-elements-21e72ba6ab8aac75548a19d39767613b\"><br><strong>Palabras de Juan Mar\u00eda de la Mennais<\/strong><\/h4>\n\n\n\n<p class=\"has-text-align-left\"><img loading=\"lazy\" decoding=\"async\" width=\"150\" height=\"183\" class=\"wp-image-16098\" style=\"width: 150px;\" src=\"https:\/\/menesianosoy.org\/wp-content\/uploads\/2024\/09\/juanmaria.png\" alt=\"\" srcset=\"https:\/\/menesianosoy.org\/wp-content\/uploads\/2024\/09\/juanmaria.png 450w, https:\/\/menesianosoy.org\/wp-content\/uploads\/2024\/09\/juanmaria-246x300.png 246w\" sizes=\"auto, (max-width: 150px) 85vw, 150px\" \/><br><em>El mundo se ofrece ante nuestra mirada con sus riquezas, sus honores, sus alegr\u00edas, su prestigio. Nos habla de fortuna, de placeres, de gloria, de todo lo que puede encender las pasiones, exaltar el orgullo, satisfacer los sentidos. Y basta que prestemos un momento o\u00eddo a estos discursos halagadores y que el coraz\u00f3n se abra al amor de estos falsos bienes y sus vanidades mentirosas para que no sea Jesucristo, sino el mundo el que sea objeto de todos nuestros pensamientos, quien d\u00e9 forma a nuestros deseos, quien decida en todas nuestras inclinaciones, de la suerte de nuestra vida. (A los j\u00f3venes)<\/em><\/p>\n\n\n\n<h4 class=\"wp-block-heading has-text-align-left has-vivid-red-color has-text-color has-link-color wp-elements-e5fe229233a4ef8ab8c744aa8d33b7fb\"><br><strong>S\u00e9 t\u00fa mi riqueza \u2013 Salom\u00e9 Arricibita<\/strong><\/h4>\n\n\n\n<figure class=\"wp-block-embed is-type-video is-provider-youtube wp-block-embed-youtube wp-embed-aspect-16-9 wp-has-aspect-ratio\"><div class=\"wp-block-embed__wrapper\">\n<iframe loading=\"lazy\" title=\"SE\u0301 TU MI RIQUEZA SALOME\u0301 ARRICIBITA Y TERESA NE\u0301CEGA\" width=\"1140\" height=\"641\" src=\"https:\/\/www.youtube.com\/embed\/yXQw0gMq3DE?feature=oembed\" frameborder=\"0\" allow=\"accelerometer; autoplay; clipboard-write; encrypted-media; gyroscope; picture-in-picture; web-share\" referrerpolicy=\"strict-origin-when-cross-origin\" allowfullscreen><\/iframe>\n<\/div><\/figure>\n\n\n\n<p class=\"has-text-align-left\">S\u00e9 t\u00fa, Se\u00f1or, mi riqueza,<br>mi refugio y fortaleza<br>Se t\u00fa, se\u00f1or, mi riqueza<br>mi refugio y fortaleza.<br><br>Oh mi Dios yo te busqu\u00e9<br>entre todo cuanto tengo,<br>pero me sali\u00f3 al encuentro<br>lo que soy, sin miramientos.<br><br>Y no soy nada si no est\u00e1s,<br>y no est\u00e1s por donde busco,<br>pues ya no hay bien para m\u00ed<br>que me pueda hacer feliz fuera de Ti.<br><br>Dame el abrir las manos<br>para no quedarme nada,<br>dame entender que es de todos<br>lo que a todos nos regalan.<br><br>Reg\u00e1lame mirada<br>de misericordia y ternura<br>para construir tu Reino,<br>tu Reino de justicia y desmesura.<br><br>Abre, Se\u00f1or, mis o\u00eddos,<br>dame, por tu Amor, tus ojos.<br>Pon una guardia en mi boca<br>y lleva mis pasos a otros.<br><br>L\u00edbrame de mis temores,<br>sopla y borra mis prejuicios,<br>que de compartir se trata,<br>de servir, creer, amar&#8230; <br>y no de juicios.<\/p>\n\n\n\n<p class=\"has-vivid-purple-background-color has-background\"><\/p>\n","protected":false},"excerpt":{"rendered":"<p>Romanos 15, 14-21Salmo 97, 1-4 Evangelio: Lucas 16, 1-8 Jes\u00fas dijo a los disc\u00edpulos: Hab\u00eda un hombre rico que ten\u00eda un administrador, al cual acusaron de malgastar sus bienes. Lo llam\u00f3 y le dijo: \u00ab\u00bfQu\u00e9 es lo que me han contado de ti? Dame cuenta de tu administraci\u00f3n, porque ya no ocupar\u00e1s m\u00e1s ese puesto\u00bb.El &hellip; <a href=\"https:\/\/menesianosoy.org\/index.php\/2025\/11\/02\/maria-madre-y-medianera-de-la-gracia-3\/\" class=\"more-link\">Continue reading<span class=\"screen-reader-text\"> \u00abMar\u00eda, Madre y Medianera de la Gracia\u00bb<\/span><\/a><\/p>\n","protected":false},"author":3,"featured_media":0,"comment_status":"closed","ping_status":"closed","sticky":false,"template":"","format":"standard","meta":{"_acf_changed":false,"footnotes":""},"categories":[9],"tags":[],"class_list":["post-29062","post","type-post","status-publish","format-standard","hentry","category-evangelio"],"acf":[],"_links":{"self":[{"href":"https:\/\/menesianosoy.org\/index.php\/wp-json\/wp\/v2\/posts\/29062","targetHints":{"allow":["GET"]}}],"collection":[{"href":"https:\/\/menesianosoy.org\/index.php\/wp-json\/wp\/v2\/posts"}],"about":[{"href":"https:\/\/menesianosoy.org\/index.php\/wp-json\/wp\/v2\/types\/post"}],"author":[{"embeddable":true,"href":"https:\/\/menesianosoy.org\/index.php\/wp-json\/wp\/v2\/users\/3"}],"replies":[{"embeddable":true,"href":"https:\/\/menesianosoy.org\/index.php\/wp-json\/wp\/v2\/comments?post=29062"}],"version-history":[{"count":12,"href":"https:\/\/menesianosoy.org\/index.php\/wp-json\/wp\/v2\/posts\/29062\/revisions"}],"predecessor-version":[{"id":29168,"href":"https:\/\/menesianosoy.org\/index.php\/wp-json\/wp\/v2\/posts\/29062\/revisions\/29168"}],"wp:attachment":[{"href":"https:\/\/menesianosoy.org\/index.php\/wp-json\/wp\/v2\/media?parent=29062"}],"wp:term":[{"taxonomy":"category","embeddable":true,"href":"https:\/\/menesianosoy.org\/index.php\/wp-json\/wp\/v2\/categories?post=29062"},{"taxonomy":"post_tag","embeddable":true,"href":"https:\/\/menesianosoy.org\/index.php\/wp-json\/wp\/v2\/tags?post=29062"}],"curies":[{"name":"wp","href":"https:\/\/api.w.org\/{rel}","templated":true}]}}