{"id":29231,"date":"2025-11-09T10:37:39","date_gmt":"2025-11-09T13:37:39","guid":{"rendered":"https:\/\/menesianosoy.org\/?p=29231"},"modified":"2025-11-11T06:13:41","modified_gmt":"2025-11-11T09:13:41","slug":"san-martin-de-tours-6","status":"publish","type":"post","link":"https:\/\/menesianosoy.org\/index.php\/2025\/11\/09\/san-martin-de-tours-6\/","title":{"rendered":"San Mart\u00edn de Tours"},"content":{"rendered":"\n<h4 class=\"wp-block-heading has-text-align-left has-vivid-red-color has-text-color has-link-color wp-elements-0d3bba1292b8030bef905a45afd13c8e\"><br><strong>Oraci\u00f3n<\/strong><\/h4>\n\n\n\n<p class=\"has-text-align-left\"><strong><em>Se\u00f1or,<br>que puedas encontrar en nosotros<br>todas las perfecciones de tu Hijo,<br>que seamos,<br>en la medida que lo permita<br>la debilidad humana,<br>revestidos de Jesucristo,<br>que sigamos a Cristo<br>en todos sus caminos,<br>que juzguemos todas las cosas<br>como \u00e9l las juzga,<br>que amemos lo que \u00e9l ama,<br>que despreciemos lo que \u00e9l desprecia.<br>En una palabra,<br>que todos nuestros pensamientos<br>sean conformes a sus pensamientos<br>y que seamos su imagen viva. Am\u00e9n<br>(Juan Mar\u00eda)<\/em><\/strong><\/p>\n\n\n\n<h4 class=\"wp-block-heading has-text-align-left has-vivid-red-color has-text-color has-link-color wp-elements-7deb30c5a46c2fe0af76f92c82f8d39a\"><br><strong>Intenciones<\/strong><\/h4>\n\n\n\n<ul class=\"wp-block-list\">\n<li>Por la paz en el mundo.<\/li>\n\n\n\n<li>Por los cristianos que peregrinan en Francia y en Buenos Aires.<\/li>\n\n\n\n<li>Por los menesianos, las obras y las nuevas vocaciones de la provincia San Miguel Arc\u00e1ngel (Kenia &#8211; Tanzania).<\/li>\n\n\n\n<li>Por los enfermos y discapacitados de nuestros centros educativos.<\/li>\n\n\n\n<li>Por la familia menesiana del colegio Cardenal Copello de Buenos Aires y la comunidad de Josselin (Francia).<\/li>\n<\/ul>\n\n\n\n<h4 class=\"wp-block-heading has-text-align-left has-vivid-red-color has-text-color has-link-color wp-elements-b241f392645094cb5720eec947816a99\"><br><strong>Nueva Regla de Vida n\u00ba 172ab<\/strong><\/h4>\n\n\n\n<p class=\"has-text-align-left\">La Provincia agrupa a las comunidades locales bajo la autoridad de un Hermano Provincial.<br>Es autosuficiente en personal y recursos financieros. La relativa autonom\u00eda de que goza, la estabilidad de su personal y la gesti\u00f3n de las obras apost\u00f3licas comunes contribuyen a desarrollar entre los Hermanos un profundo sentido de solidaridad y un verdadero esp\u00edritu de familia al servicio de una misma misi\u00f3n de Iglesia.<\/p>\n\n\n\n<h4 class=\"wp-block-heading has-text-align-left has-vivid-red-color has-text-color has-link-color wp-elements-acc9e6fd66a158b83b253f7a8cb41e61\"><br><strong>A los Hermanos. Avisos para el retiro<\/strong><\/h4>\n\n\n\n<p class=\"has-text-align-left\"><em>Hijos m\u00edos, se los pido de nuevo, apl\u00edquense m\u00e1s de lo que lo han hecho hasta ahora en ser santos religiosos, totalmente muertos a ustedes mismos y al mundo.<\/em><\/p>\n\n\n\n<h4 class=\"wp-block-heading has-vivid-red-color has-text-color has-link-color wp-elements-277bac52fd316e45b5ad04973d855fb8\"><br><strong>Difuntos<\/strong><\/h4>\n\n\n\n<p class=\"has-text-align-left\">1989: L\u00e9on Dublanc (Florien-Abert) y Eug\u00e8ne Le Doujet (Armand-Marie)<br>2004: Michel Bourget<br>2012: Ren\u00e9 Qu\u00e9lard (Christophe-Laurent)<br>2014: Mathurin-Joseph Le Port (Joseph-Stanislas)<\/p>\n","protected":false},"excerpt":{"rendered":"<p>Oraci\u00f3n Se\u00f1or,que puedas encontrar en nosotrostodas las perfecciones de tu Hijo,que seamos,en la medida que lo permitala debilidad humana,revestidos de Jesucristo,que sigamos a Cristoen todos sus caminos,que juzguemos todas las cosascomo \u00e9l las juzga,que amemos lo que \u00e9l ama,que despreciemos lo que \u00e9l desprecia.En una palabra,que todos nuestros pensamientossean conformes a sus pensamientosy que seamos &hellip; <a href=\"https:\/\/menesianosoy.org\/index.php\/2025\/11\/09\/san-martin-de-tours-6\/\" class=\"more-link\">Continue reading<span class=\"screen-reader-text\"> \u00abSan Mart\u00edn de Tours\u00bb<\/span><\/a><\/p>\n","protected":false},"author":3,"featured_media":0,"comment_status":"closed","ping_status":"closed","sticky":false,"template":"","format":"standard","meta":{"_acf_changed":false,"footnotes":""},"categories":[3],"tags":[],"class_list":["post-29231","post","type-post","status-publish","format-standard","hentry","category-calendario"],"acf":[],"_links":{"self":[{"href":"https:\/\/menesianosoy.org\/index.php\/wp-json\/wp\/v2\/posts\/29231","targetHints":{"allow":["GET"]}}],"collection":[{"href":"https:\/\/menesianosoy.org\/index.php\/wp-json\/wp\/v2\/posts"}],"about":[{"href":"https:\/\/menesianosoy.org\/index.php\/wp-json\/wp\/v2\/types\/post"}],"author":[{"embeddable":true,"href":"https:\/\/menesianosoy.org\/index.php\/wp-json\/wp\/v2\/users\/3"}],"replies":[{"embeddable":true,"href":"https:\/\/menesianosoy.org\/index.php\/wp-json\/wp\/v2\/comments?post=29231"}],"version-history":[{"count":8,"href":"https:\/\/menesianosoy.org\/index.php\/wp-json\/wp\/v2\/posts\/29231\/revisions"}],"predecessor-version":[{"id":29309,"href":"https:\/\/menesianosoy.org\/index.php\/wp-json\/wp\/v2\/posts\/29231\/revisions\/29309"}],"wp:attachment":[{"href":"https:\/\/menesianosoy.org\/index.php\/wp-json\/wp\/v2\/media?parent=29231"}],"wp:term":[{"taxonomy":"category","embeddable":true,"href":"https:\/\/menesianosoy.org\/index.php\/wp-json\/wp\/v2\/categories?post=29231"},{"taxonomy":"post_tag","embeddable":true,"href":"https:\/\/menesianosoy.org\/index.php\/wp-json\/wp\/v2\/tags?post=29231"}],"curies":[{"name":"wp","href":"https:\/\/api.w.org\/{rel}","templated":true}]}}