{"id":29247,"date":"2025-11-09T12:26:21","date_gmt":"2025-11-09T15:26:21","guid":{"rendered":"https:\/\/menesianosoy.org\/?p=29247"},"modified":"2025-11-12T07:59:39","modified_gmt":"2025-11-12T10:59:39","slug":"san-josafat-3","status":"publish","type":"post","link":"https:\/\/menesianosoy.org\/index.php\/2025\/11\/09\/san-josafat-3\/","title":{"rendered":"San Josafat"},"content":{"rendered":"\n<h5 class=\"wp-block-heading has-text-align-left has-text-color has-link-color wp-elements-3cb38d49a2f68d734de1c7d1a2868052\" style=\"color:#5e2020\"><strong>Sabidur\u00eda 6, 1-11<br>Salmo 81, 3-4.6-7<\/strong><\/h5>\n\n\n\n<h4 class=\"wp-block-heading has-text-align-left has-vivid-red-color has-text-color has-link-color wp-elements-e67a32934663d2b30f2a29bb03c09a19\"><br><strong>Evangelio: Lucas 17, 11-19<\/strong><\/h4>\n\n\n\n<figure class=\"wp-block-audio\"><audio controls src=\"https:\/\/menesianosoy.org\/wp-content\/uploads\/2025\/11\/12-miercoles.mp3\"><\/audio><\/figure>\n\n\n\n<p class=\"has-text-align-left\"><strong><em>Mientras se dirig\u00eda a Jerusal\u00e9n, Jes\u00fas pasaba a trav\u00e9s de Samar\u00eda y Galilea.<br>Al entrar en un poblado, le salieron al encuentro diez leprosos, que se detuvieron a distancia y empezaron a gritarle: Jes\u00fas, Maestro, \u00a1ten compasi\u00f3n de nosotros!<br>Al verlos, Jes\u00fas les dijo: Vayan a presentarse a los sacerdotes.<br>Y en el camino quedaron purificados.<br>Uno de ellos, al comprobar que estaba curado, volvi\u00f3 atr\u00e1s alabando a Dios en voz alta y se arroj\u00f3 a los pies de Jes\u00fas con el rostro en tierra, d\u00e1ndole gracias.<br>Era un samaritano.<br>Jes\u00fas le dijo entonces: \u00bfC\u00f3mo, no quedaron purificados los diez? Los otros nueve, \u00bfd\u00f3nde est\u00e1n? \u00bfNinguno volvi\u00f3 a dar gracias a Dios, sino este extranjero?<br>Y agreg\u00f3: Lev\u00e1ntate y vete, tu fe te ha salvado.<\/em><\/strong><\/p>\n\n\n\n<figure class=\"wp-block-image size-large is-resized\"><img loading=\"lazy\" decoding=\"async\" width=\"1024\" height=\"626\" src=\"https:\/\/menesianosoy.org\/wp-content\/uploads\/2025\/11\/0c7eb7ad-6174-4a7e-8913-52b4736ac860-1024x626.jpg\" alt=\"\" class=\"wp-image-29350\" style=\"width:548px;height:auto\" srcset=\"https:\/\/menesianosoy.org\/wp-content\/uploads\/2025\/11\/0c7eb7ad-6174-4a7e-8913-52b4736ac860-1024x626.jpg 1024w, https:\/\/menesianosoy.org\/wp-content\/uploads\/2025\/11\/0c7eb7ad-6174-4a7e-8913-52b4736ac860-300x183.jpg 300w, https:\/\/menesianosoy.org\/wp-content\/uploads\/2025\/11\/0c7eb7ad-6174-4a7e-8913-52b4736ac860-768x469.jpg 768w, https:\/\/menesianosoy.org\/wp-content\/uploads\/2025\/11\/0c7eb7ad-6174-4a7e-8913-52b4736ac860-1536x939.jpg 1536w, https:\/\/menesianosoy.org\/wp-content\/uploads\/2025\/11\/0c7eb7ad-6174-4a7e-8913-52b4736ac860-1200x734.jpg 1200w, https:\/\/menesianosoy.org\/wp-content\/uploads\/2025\/11\/0c7eb7ad-6174-4a7e-8913-52b4736ac860.jpg 1600w\" sizes=\"auto, (max-width: 709px) 85vw, (max-width: 909px) 67vw, (max-width: 1362px) 62vw, 840px\" \/><\/figure>\n\n\n\n<p class=\"has-text-align-left\">El relato comienza narrando la curaci\u00f3n de un grupo de diez leprosos en las cercan\u00edas de Samar\u00eda. Jes\u00fas ha pedido a los leprosos que se presenten a los sacerdotes para obtener la autorizaci\u00f3n que los permita integrarse en la sociedad. Pero uno de ellos, de origen samaritano, al ver que est\u00e1 curado, en vez de ir a los sacerdotes, se vuelve para buscar a Jes\u00fas. Siente que para \u00e9l comienza una vida nueva. En adelante, todo ser\u00e1 diferente: podr\u00e1 vivir de manera m\u00e1s digna y dichosa. Sabe a qui\u00e9n se lo debe. Necesita encontrarse con Jes\u00fas.<br><br>Vuelve&nbsp;\u00ab<em>alabando a Dios a grandes gritos\u00bb<\/em>. Sabe que la fuerza salvadora de Jes\u00fas s\u00f3lo puede tener su origen en Dios. Ahora siente algo nuevo por ese Padre Bueno del que habla Jes\u00fas. No lo olvidar\u00e1 jam\u00e1s. En adelante vivir\u00e1 dando gracias a Dios. Lo alabar\u00e1 gritando con todas sus fuerzas. Todos han de saber que se siente amado por \u00e9l.<br><br>Al encontrarse con Jes\u00fas,&nbsp;<em>\u00abse echa a sus pies d\u00e1ndole gracias<\/em>\u00bb. Sus compa\u00f1eros han seguido su camino para encontrarse con los sacerdotes, pero \u00e9l sabe que Jes\u00fas es su \u00fanico Salvador. Por eso est\u00e1 aqu\u00ed junto a \u00e9l d\u00e1ndole gracias. En Jes\u00fas ha encontrado el mejor regalo de Dios.<br><br>Al concluir el relato, Jes\u00fas toma la palabra y hace tres preguntas expresando su sorpresa y tristeza ante lo ocurrido. No est\u00e1n dirigidas al samaritano que tiene a sus pies. Recogen el mensaje que Lucas quiere que se escuche en las comunidades cristianas:<br><br>\u00bfNo han quedado limpios los diez?, \u00bfNo se han curado todos? \u00bfPor qu\u00e9 no reconocen lo que han recibido de Jes\u00fas?&nbsp;\u00ab<em>Los otros nueve, \u00bfd\u00f3nde est\u00e1n?\u00bb<\/em> \u00bfPor qu\u00e9 no est\u00e1n all\u00ed? \u00bfPor qu\u00e9 hay tantos cristianos que viven sin dar gracias a Dios casi nunca? \u00bfPor qu\u00e9 no sienten un agradecimiento especial hacia Jes\u00fas? \u00bfNo lo conocen? \u00bfNo significa nada nuevo para ellos?<br><br>\u00bfNo ha vuelto m\u00e1s que este extranjero para dar gloria a Dios?, &nbsp;\u00bfPor qu\u00e9 hay personas alejadas de la pr\u00e1ctica religiosa que sienten verdadera admiraci\u00f3n y agradecimiento hacia Jes\u00fas, mientras algunos cristianos no sienten nada especial por \u00e9l? <br>Benedicto XVI advert\u00eda hace unos a\u00f1os que un agn\u00f3stico en b\u00fasqueda puede estar m\u00e1s cerca de Dios que un cristiano rutinario que lo es solo por tradici\u00f3n o herencia. Una fe que no genera en los creyentes alegr\u00eda y agradecimiento es una fe enferma. (Jos\u00e9 Antonio Pagola)<\/p>\n\n\n\n<h5 class=\"wp-block-heading has-text-align-left has-text-color has-link-color wp-elements-d14d6f4d212931c164dcafa2ec5a4e6e\" style=\"color:#612698\"><br><strong>M\u00e1xima<br>Seamos agradecidos<\/strong><\/h5>\n\n\n\n<h4 class=\"wp-block-heading has-vivid-red-color has-text-color has-link-color wp-elements-2a40c828dadb5d963399a31c6fc25ed4\"><br>Palabras de Juan Mar\u00eda de la Mennais<\/h4>\n\n\n\n<p class=\"has-text-align-left\"><img loading=\"lazy\" decoding=\"async\" width=\"150\" height=\"165\" class=\"wp-image-21587\" style=\"width: 150px;\" src=\"https:\/\/menesianosoy.org\/wp-content\/uploads\/2025\/03\/JMLM.png\" alt=\"\" srcset=\"https:\/\/menesianosoy.org\/wp-content\/uploads\/2025\/03\/JMLM.png 330w, https:\/\/menesianosoy.org\/wp-content\/uploads\/2025\/03\/JMLM-273x300.png 273w\" sizes=\"auto, (max-width: 150px) 85vw, 150px\" \/><br><em>Una actitud de fe y de confianza en Dios hace arrojarnos en su seno y nos mantiene en la tranquilidad, a pesar de todas las contrariedades. Porque la Providencia de un Dios amoroso dirige todos los acontecimientos y les hace girar en nuestro provecho; su sabidur\u00eda, conoce mejor lo que nos conviene que nuestros limitados puntos de vista.<\/em><\/p>\n\n\n\n<h4 class=\"wp-block-heading has-vivid-red-color has-text-color has-link-color wp-elements-7f1bdb6eea25312e42dc15cfb9fae1ab\"><br><strong>S\u00f3lo uno volvi\u00f3<\/strong><\/h4>\n\n\n\n<figure class=\"wp-block-video\"><video height=\"720\" style=\"aspect-ratio: 1280 \/ 720;\" width=\"1280\" controls src=\"https:\/\/menesianosoy.org\/wp-content\/uploads\/2025\/11\/Solo-Uno-Volvio-Cancion-inspirada-en-Lucas-1711-19.mp4\"><\/video><\/figure>\n\n\n\n<p class=\"has-text-align-left\">Caminaban entre el polvo y la distancia,<br>diez voces rotas clamando esperanza:<br>&#8216;Jes\u00fas maestro, ten piedad de m\u00ed&#8217;.<br>Y en el eco del camino comenz\u00f3 a latir la fe.<br><br>Nos dijiste: \u00a1Vayan, mu\u00e9strense al templo&#8217;.<br>En cada paso algo nuevo naci\u00f3.<br>El miedo callo, la piel respiro, <br>y el alma entendi\u00f3, que t\u00fa eras la voz.<br><br>Pero s\u00f3lo uno detuvo su andar,<br>volvi\u00f3 corriendo, llorando al altar.<br>Cayo rendido, toc\u00f3 tu bondad,<br>y tu gracia rompi\u00f3 la eternidad.<br><br>Gloria a ti, Jes\u00fas, <br>el que limpia mis heridas <br>y me da la luz.<br>S\u00f3lo uno volvi\u00f3<br>y aqu\u00ed estoy yo tambi\u00e9n,<br>grit\u00e1ndote \u00a1gracias!<br>Mi vida es tu bien.<br><br>Muchos jalan y siguen su andar,<br>pero pocos vuelven para adorar.<br>No quiero ser parte de los que se van,<br>quiero quedarme a tus pies, mi lugar.<br><br>No soy digno, pero escuchaste mi voz.<br>Me miraste cuando nadie me vio.<br>El milagro no fue mi piel,\u00a0 <br>fue que me encontr\u00e9 contigo.<br><br>Gloria a ti, Jes\u00fas, <br>el que limpia mis heridas <br>y me da la luz.<br>S\u00f3lo uno volvi\u00f3.<br>Y aqu\u00ed estoy yo tambi\u00e9n<br>grit\u00e1ndote \u00a1gracias!<br>Mi vida es tu bien.<br>Gloria a ti, Jes\u00fas.<br>Tu voz me salvo.<br>Y nunca dejar\u00e9 de volver.<br>S\u00f3lo uno volvi\u00f3 y ese quiero ser yo.<\/p>\n\n\n\n<p class=\"has-vivid-purple-background-color has-background\"><\/p>\n\n\n\n<h5 class=\"wp-block-heading has-text-align-left has-small-font-size\"><img loading=\"lazy\" decoding=\"async\" width=\"150\" height=\"150\" class=\"wp-image-29264\" style=\"width: 150px;\" src=\"https:\/\/menesianosoy.org\/wp-content\/uploads\/2025\/11\/f50ab0_kunsevich-x200.jpg\" alt=\"\" srcset=\"https:\/\/menesianosoy.org\/wp-content\/uploads\/2025\/11\/f50ab0_kunsevich-x200.jpg 200w, https:\/\/menesianosoy.org\/wp-content\/uploads\/2025\/11\/f50ab0_kunsevich-x200-150x150.jpg 150w\" sizes=\"auto, (max-width: 150px) 85vw, 150px\" \/><br><strong>San Josafat Kuncewicz fue un obispo y m\u00e1rtir nacido en Vlad\u00edmir, Lituania (actual Ucrania) alrededor del a\u00f1o 1580. Desde joven sinti\u00f3 una gran devoci\u00f3n por Dios y se uni\u00f3 a la Orden Basiliana, donde destac\u00f3 por su vida de oraci\u00f3n, austeridad y su deseo de unidad entre los cristianos de Oriente y Occidente.<br>En 1609 fue ordenado sacerdote y luego nombrado arzobispo de Polotsk. Su principal misi\u00f3n fue trabajar por la uni\u00f3n de la Iglesia ortodoxa con la Iglesia cat\u00f3lica, impulsando la Uni\u00f3n de Brest, que buscaba mantener los ritos orientales dentro de la comuni\u00f3n con Roma.<br>Sin embargo, su labor encontr\u00f3 mucha oposici\u00f3n, especialmente entre los que rechazaban la uni\u00f3n. A pesar de las amenazas, Josafat continu\u00f3 predicando la paz y la unidad. Finalmente, fue asesinado por una turba el 12 de noviembre de 1623 en V\u00edtebsk (Bielorrusia), mientras intentaba evitar la violencia entre cat\u00f3licos y ortodoxos.<br>Fue proclamado santo por el papa P\u00edo IX en 1867. San Josafat es recordado como un m\u00e1rtir de la unidad de los cristianos.<\/strong><\/h5>\n","protected":false},"excerpt":{"rendered":"<p>Sabidur\u00eda 6, 1-11Salmo 81, 3-4.6-7 Evangelio: Lucas 17, 11-19 Mientras se dirig\u00eda a Jerusal\u00e9n, Jes\u00fas pasaba a trav\u00e9s de Samar\u00eda y Galilea.Al entrar en un poblado, le salieron al encuentro diez leprosos, que se detuvieron a distancia y empezaron a gritarle: Jes\u00fas, Maestro, \u00a1ten compasi\u00f3n de nosotros!Al verlos, Jes\u00fas les dijo: Vayan a presentarse a &hellip; <a href=\"https:\/\/menesianosoy.org\/index.php\/2025\/11\/09\/san-josafat-3\/\" class=\"more-link\">Continue reading<span class=\"screen-reader-text\"> \u00abSan Josafat\u00bb<\/span><\/a><\/p>\n","protected":false},"author":3,"featured_media":0,"comment_status":"closed","ping_status":"closed","sticky":false,"template":"","format":"standard","meta":{"_acf_changed":false,"footnotes":""},"categories":[9],"tags":[],"class_list":["post-29247","post","type-post","status-publish","format-standard","hentry","category-evangelio"],"acf":[],"_links":{"self":[{"href":"https:\/\/menesianosoy.org\/index.php\/wp-json\/wp\/v2\/posts\/29247","targetHints":{"allow":["GET"]}}],"collection":[{"href":"https:\/\/menesianosoy.org\/index.php\/wp-json\/wp\/v2\/posts"}],"about":[{"href":"https:\/\/menesianosoy.org\/index.php\/wp-json\/wp\/v2\/types\/post"}],"author":[{"embeddable":true,"href":"https:\/\/menesianosoy.org\/index.php\/wp-json\/wp\/v2\/users\/3"}],"replies":[{"embeddable":true,"href":"https:\/\/menesianosoy.org\/index.php\/wp-json\/wp\/v2\/comments?post=29247"}],"version-history":[{"count":14,"href":"https:\/\/menesianosoy.org\/index.php\/wp-json\/wp\/v2\/posts\/29247\/revisions"}],"predecessor-version":[{"id":29353,"href":"https:\/\/menesianosoy.org\/index.php\/wp-json\/wp\/v2\/posts\/29247\/revisions\/29353"}],"wp:attachment":[{"href":"https:\/\/menesianosoy.org\/index.php\/wp-json\/wp\/v2\/media?parent=29247"}],"wp:term":[{"taxonomy":"category","embeddable":true,"href":"https:\/\/menesianosoy.org\/index.php\/wp-json\/wp\/v2\/categories?post=29247"},{"taxonomy":"post_tag","embeddable":true,"href":"https:\/\/menesianosoy.org\/index.php\/wp-json\/wp\/v2\/tags?post=29247"}],"curies":[{"name":"wp","href":"https:\/\/api.w.org\/{rel}","templated":true}]}}